{"id":134043,"date":"2023-06-13T11:46:39","date_gmt":"2023-06-13T15:46:39","guid":{"rendered":"https:\/\/unifranz.edu.bo\/?p=134043"},"modified":"2023-06-13T11:46:39","modified_gmt":"2023-06-13T15:46:39","slug":"las-aftas-bucales-alertan-por-la-debilidad-en-el-sistema-inmunologico","status":"publish","type":"post","link":"https:\/\/unifranz.edu.bo\/pt\/blog\/las-aftas-bucales-alertan-por-la-debilidad-en-el-sistema-inmunologico\/","title":{"rendered":"\u00bfLas aftas bucales alertan por la debilidad en el sistema inmunol\u00f3gico?"},"content":{"rendered":"<div>\n<p><span style=\"color: #000000;\">Las molestas aftas bucales son llagas que aparecen de cuando en la pared interna de la cavidad bucal. Los odont\u00f3logos reciben con bastante regularidad a pacientes con esta dolencia.<\/span><\/p>\n<\/div>\n<div>\n<p><span style=\"color: #000000;\">Aunque se piense que est\u00e1n relacionadas con problemas digestivos, los especialistas se\u00f1alan que\u00a0<strong>son producto de<\/strong>\u00a0varios factores combinados,<\/span> <span style=\"color: #000000;\">entre los que tienen incidencia\u00a0<strong>un d\u00e9bil sistema inmunol\u00f3gico y deficiencias de vitaminas en el organismo.<\/strong><\/span><\/p>\n<\/div>\n<div>\n<p><span style=\"color: #000000;\">En el \u00e1mbito acad\u00e9mico, las aftas bucales son conocidas\u00a0 como estomatitis aftosa recurrente y<strong>\u00a0son lesiones ulcerosas<\/strong>\u00a0en la mucosa oral, define la doctora Griselda Vargas, directora de la carrera de Medicina de la Universidad Franz Tamayo, Unifranz.<\/span><\/p>\n<\/div>\n<div>\n<p><span style=\"color: #000000;\">\u201cSe caracterizan por ser \u00falceras dolorosas con un centro de necrosis blanquecina rodeado por un halo eritematoso (una inflamaci\u00f3n con manchas rojas). Suelen tener un di\u00e1metro de menos de un cent\u00edmetro, pero en casos graves pueden llegar a ser m\u00e1s grandes\u201d.<\/span><\/p>\n<\/div>\n<div>\n<p><span style=\"color: #000000;\">Los especialistas se\u00f1alan que no se ha definido con precisi\u00f3n cu\u00e1l es el origen de estas heridas. \u201cLas causas exactas no est\u00e1n completamente esclarecidas, pero se considera que son producto de una combinaci\u00f3n de factores\u201d, indica Vargas.<\/span><\/p>\n<\/div>\n<div>\n<p><span style=\"color: #000000;\">A pesar de las<strong>\u00a0dudas sobre su origen<\/strong>, la acad\u00e9mica identifica cuatro factores. En primer lugar puede deberse a u<strong>n traumatismo mec\u00e1nico\u00a0<\/strong>fruto de mordeduras accidentales o rozaduras por pr\u00f3tesis dentales mal ajustadas.<\/span><\/p>\n<\/div>\n<div>\n<p><span style=\"color: #000000;\">Tambi\u00e9n<strong>\u00a0se se\u00f1alan factores inmunol\u00f3gicos<\/strong>\u00a0asociados con una respuesta inmunitaria insuficiente, que incluye una mayor actividad de los linfocitos T (que ayudan a proteger el cuerpo de infecciones) y una disminuci\u00f3n inmunol\u00f3gica en la cavidad bucal.<\/span><\/p>\n<\/div>\n<div>\n<p><span style=\"color: #000000;\">Vargas identifica dos aspectos m\u00e1s. Los factores gen\u00e9ticos y los factores nutricionales vinculados con la deficiencia de nutrientes esenciales, como hierro, \u00e1cido f\u00f3lico, vitamina B12 y zinc.<\/span><\/p>\n<\/div>\n<div>\n<p><span style=\"color: #000000;\">El odont\u00f3logo Eduardo Mancilla Alarc\u00f3n a\u00f1ade otros\u00a0 factores como aspectos\u00a0psicol\u00f3gicos (estr\u00e9s, ansiedad), factores end\u00f3crinos (etapas premenstruales),\u00a0\u00a0microbiol\u00f3gicos (virus, bacterias) e, incluso, el tabaquismo.<\/span><\/p>\n<\/div>\n<div>\n<p><span style=\"color: #000000;\">Vargas considera que las deficiencias del sistema inmunitario puede desencadenar el desarrollo de aftas bucales.\u00a0<strong>La falta de vitaminas y minerales esenciales alteran la integridad de la mucosa oral\u00a0<\/strong>y debilitan las defensas locales, lo que a su vez aumenta la posibilidad de que aparezcan estas \u00falceras.<\/span><\/p>\n<\/div>\n<div>\n<p><span style=\"color: #000000;\">Cuando una persona ha enfermado con aftas bucales, los m\u00e9dicos recomiendan un tratamiento que busca aliviar los s\u00edntomas, porque\u00a0<strong>no existe una cura definitiva.<\/strong><\/span><\/p>\n<\/div>\n<div>\n<p><span style=\"color: #000000;\">Para mitigar las molestias y ardores fruto de estas llagas, la especialista sugiere el uso de enjuagues bucales con soluciones salinas, para mantener la higiene oral y reducir la inflamaci\u00f3n. Tambi\u00e9n la aplicaci\u00f3n t\u00f3pica de geles o pomadas, que contengan anest\u00e9sicos locales, corticosteroides o agentes protectores para aliviar el dolor y favorecer la cicatrizaci\u00f3n. En los casos m\u00e1s preocupantes puede optarse por\u00a0analg\u00e9sicos orales de venta libre, como el ibuprofeno o el paracetamol, para aliviar el dolor.<\/span><\/p>\n<\/div>\n<div>\n<p><span style=\"color: #000000;\">De manera paralela, se propone evitar alimentos y bebidas que puedan irritar las aftas, como comidas picantes o \u00e1cidas.<\/span><\/p>\n<\/div>\n<div>\n<p><span style=\"color: #000000;\">Adem\u00e1s, Mancilla a\u00f1ade que \u201cen nuestro medio se ha usado por mucho tiempo la violeta de genciana con resultados mixtos\u201d. Para los casos graves\u00a0indica, incluso, la v\u00eda intravenosa de medicamentos fuertes.<\/span><\/p>\n<\/div>\n<div>\n<p><span style=\"color: #000000;\">Ambos profesionales apuntan a la prevenci\u00f3n como mejor tratamiento. Rese\u00f1an que no existen recetas definitivas, aunque s\u00ed sugerencias para un cuidado bucal.\u00a0Vargas recomienda\u00a0<strong>mantener una adecuada higiene oral,\u00a0<\/strong>que incluya el cepillado regular de los dientes y el uso de hilo dental para prevenir la acumulaci\u00f3n de placa bacteriana.<\/span><\/p>\n<\/div>\n<div>\n<p><span style=\"color: #000000;\">Otras consideraciones de los profesionales pasan por la reducci\u00f3n o eliminaci\u00f3n de alimentos \u00e1cidos, picantes o irritantes que puedan da\u00f1ar la mucosa oral y desencadenar la formaci\u00f3n de aftas. Del mismo modo, apuntan a<strong>\u00a0una dieta equilibrada y variada, que incluya suficientes vitaminas y minerales<\/strong>\u00a0esenciales para mantener la salud de la mucosa oral.<\/span><\/p>\n<\/div>\n<div>\n<p><span style=\"color: #000000;\">Mancilla tambi\u00e9n coindice en mantener una buena nutrici\u00f3n y una vida sana para evitar la aparici\u00f3n de las aftas bucales.<\/span><\/p>\n<\/div>","protected":false},"excerpt":{"rendered":"<p>Las molestas aftas bucales son llagas que aparecen de cuando en la pared interna de la cavidad bucal. Los odont\u00f3logos reciben con bastante regularidad a pacientes con esta dolencia. Aunque se piense que est\u00e1n relacionadas con problemas digestivos, los especialistas se\u00f1alan que\u00a0son producto de\u00a0varios factores combinados, entre los que tienen incidencia\u00a0un d\u00e9bil sistema inmunol\u00f3gico y &hellip; <a href=\"https:\/\/unifranz.edu.bo\/pt\/blog\/las-aftas-bucales-alertan-por-la-debilidad-en-el-sistema-inmunologico\/\">Continued<\/a><\/p>","protected":false},"author":45,"featured_media":134044,"comment_status":"open","ping_status":"open","sticky":false,"template":"","format":"standard","meta":{"_acf_changed":false,"footnotes":""},"categories":[60,2186,1854,2858,1946,1782],"tags":[4732,4734,49,4736,242],"class_list":["post-134043","post","type-post","status-publish","format-standard","has-post-thumbnail","hentry","category-blog","category-carreras-es","category-docentes-es","category-innovacion-en-educacion","category-medicina","category-unifranz","tag-aftas","tag-aftas-bucales","tag-medicina","tag-sistema-inmunologico","tag-unifranz"],"acf":[],"_links":{"self":[{"href":"https:\/\/unifranz.edu.bo\/pt\/wp-json\/wp\/v2\/posts\/134043","targetHints":{"allow":["GET"]}}],"collection":[{"href":"https:\/\/unifranz.edu.bo\/pt\/wp-json\/wp\/v2\/posts"}],"about":[{"href":"https:\/\/unifranz.edu.bo\/pt\/wp-json\/wp\/v2\/types\/post"}],"author":[{"embeddable":true,"href":"https:\/\/unifranz.edu.bo\/pt\/wp-json\/wp\/v2\/users\/45"}],"replies":[{"embeddable":true,"href":"https:\/\/unifranz.edu.bo\/pt\/wp-json\/wp\/v2\/comments?post=134043"}],"version-history":[{"count":1,"href":"https:\/\/unifranz.edu.bo\/pt\/wp-json\/wp\/v2\/posts\/134043\/revisions"}],"predecessor-version":[{"id":134045,"href":"https:\/\/unifranz.edu.bo\/pt\/wp-json\/wp\/v2\/posts\/134043\/revisions\/134045"}],"wp:featuredmedia":[{"embeddable":true,"href":"https:\/\/unifranz.edu.bo\/pt\/wp-json\/wp\/v2\/media\/134044"}],"wp:attachment":[{"href":"https:\/\/unifranz.edu.bo\/pt\/wp-json\/wp\/v2\/media?parent=134043"}],"wp:term":[{"taxonomy":"category","embeddable":true,"href":"https:\/\/unifranz.edu.bo\/pt\/wp-json\/wp\/v2\/categories?post=134043"},{"taxonomy":"post_tag","embeddable":true,"href":"https:\/\/unifranz.edu.bo\/pt\/wp-json\/wp\/v2\/tags?post=134043"}],"curies":[{"name":"wp","href":"https:\/\/api.w.org\/{rel}","templated":true}]}}