{"id":134037,"date":"2023-06-13T11:34:54","date_gmt":"2023-06-13T15:34:54","guid":{"rendered":"https:\/\/unifranz.edu.bo\/?p=134037"},"modified":"2023-06-13T11:34:54","modified_gmt":"2023-06-13T15:34:54","slug":"la-detencion-temprana-del-cancer-de-ovario-pasa-por-la-identificacion-correcta-de-los-sintomas","status":"publish","type":"post","link":"https:\/\/unifranz.edu.bo\/pt\/blog\/la-detencion-temprana-del-cancer-de-ovario-pasa-por-la-identificacion-correcta-de-los-sintomas\/","title":{"rendered":"La detenci\u00f3n temprana del c\u00e1ncer de ovario pasa por la identificaci\u00f3n correcta de los s\u00edntomas"},"content":{"rendered":"<div>\n<p><span style=\"color: #000000;\">El c\u00e1ncer de ovario en Bolivia ocupa el quinto lugar de mayor incidencia en las mujeres seg\u00fan la Organizaci\u00f3n Panamericana de la Salud (OPS).\u00a0 M\u00e9dicamente se describe como una\u00a0neoplasia maligna que se origina en las c\u00e9lulas del ovario, los \u00f3rganos reproductores femeninos encargados de producir \u00f3vulos y hormonas.<\/span><\/p>\n<\/div>\n<div>\n<p><span style=\"color: #000000;\">La directora de la carrera de Medicina de la Universidad Franz Tamayo, Unifraz, Griselda Vargas, aboga por una detecci\u00f3n temprana como mejor estrategia para combatir el c\u00e1ncer.<\/span><\/p>\n<\/div>\n<div>\n<p><span style=\"color: #000000;\"><strong>Los s\u00edntomas<\/strong>\u00a0del c\u00e1ncer de ovario son inespec\u00edficos y\u00a0<strong>pueden ser sutiles\u00a0<\/strong>en las etapas iniciales de la enfermedad. Un s\u00edntoma com\u00fan tiene que ver con la distensi\u00f3n abdominal producto de la acumulaci\u00f3n de l\u00edquido en la cavidad abdominal (ascitis).\u00a0<\/span><\/p>\n<\/div>\n<div>\n<p><span style=\"color: #000000;\">Otros s\u00edntomas que pueden alertar de un posible c\u00e1ncer de ovario pasan por el\u00a0<strong>dolor p\u00e9lvico cr\u00f3nico<\/strong>\u00a0que puede ser causado por la presencia de un tumor en el ovario que ejerce presi\u00f3n sobre estructuras adyacentes.<\/span><\/p>\n<\/div>\n<div>\n<p><span style=\"color: #000000;\">Los especialistas enumeran otras dolencias como el\u00a0<strong>cambios en los h\u00e1bitos intestinales,\u00a0<\/strong>la<strong>\u00a0<\/strong>sensaci\u00f3n de saciedad temprana debido al aumento de tama\u00f1o del ovario o la liberaci\u00f3n de sustancias que afectan el apetito. Tambi\u00e9n recomiendan prestar atenci\u00f3n a la fatiga constante\u00a0 y las alteraciones menstruales debido a la disfunci\u00f3n hormonal.<\/span><\/p>\n<\/div>\n<div>\n<p><span style=\"color: #000000;\">Ante la presencia de estos s\u00edntomas se recomienda asistir al m\u00e9dico para realizarse los ex\u00e1menes correspondientes a fin de<strong>\u00a0lograr una detecci\u00f3n precoz que es fundamental<\/strong>\u00a0en el tratamiento.<\/span><\/p>\n<\/div>\n<div>\n<p><span style=\"color: #000000;\">Vargas se\u00f1ala que el c\u00e1ncer de ovario puede afectar a mujeres de diferentes edades, pero<strong>\u00a0la incidencia aumenta con la edad.<\/strong>\u00a0La mayor\u00eda de los casos se presentan en mujeres posmenop\u00e1usicas, pero tambi\u00e9n puede ocurrir en mujeres j\u00f3venes.<\/span><\/p>\n<\/div>\n<div>\n<p><span style=\"color: #000000;\">Adem\u00e1s de la edad, existen varios factores de riesgo que pueden aumentar las probabilidades de desarrollar c\u00e1ncer de ovario. Desde los antecedentes familiares de c\u00e1ncer o las mutaciones en los genes BRCA1 y BRCA2, pasando por la nuliparidad (no haber tenido hijos), la menopausia tard\u00eda o la exposici\u00f3n prolongada a hormonas ex\u00f3genas.<\/span><\/p>\n<\/div>\n<div>\n<p><span style=\"color: #000000;\">Los h\u00e1bitos propios del sedentarismo y el tabaquismo son otros factores que alientan la aparici\u00f3n del c\u00e1ncer.<\/span><\/p>\n<\/div>\n<div>\n<p><span style=\"color: #000000;\">Es fundamenta<strong>l generar conciencia sobre el c\u00e1ncer de ovario<\/strong>\u00a0y promover la detecci\u00f3n y diagn\u00f3stico tempranos. Los\u00a0ex\u00e1menes de detecci\u00f3n se realizan de manera regular. Aunque no existen pruebas de detecci\u00f3n espec\u00edficas, se pueden realizar estudios en mujeres con alto riesgo o s\u00edntomas persistentes.<\/span><\/p>\n<\/div>\n<div>\n<p><span style=\"color: #000000;\">Y mantener un estilo de vida saludable, que incluya una alimentaci\u00f3n equilibrada, rica en frutas, verduras y alimentos con fibra, y limitar el consumo de alimentos procesados y grasas saturadas. Adem\u00e1s, mantener un peso saludable y hacer ejercicio de manera regular.<\/span><\/p>\n<\/div>","protected":false},"excerpt":{"rendered":"<p>El c\u00e1ncer de ovario en Bolivia ocupa el quinto lugar de mayor incidencia en las mujeres seg\u00fan la Organizaci\u00f3n Panamericana de la Salud (OPS).\u00a0 M\u00e9dicamente se describe como una\u00a0neoplasia maligna que se origina en las c\u00e9lulas del ovario, los \u00f3rganos reproductores femeninos encargados de producir \u00f3vulos y hormonas. La directora de la carrera de Medicina &hellip; <a href=\"https:\/\/unifranz.edu.bo\/pt\/blog\/la-detencion-temprana-del-cancer-de-ovario-pasa-por-la-identificacion-correcta-de-los-sintomas\/\">Continued<\/a><\/p>","protected":false},"author":45,"featured_media":134038,"comment_status":"open","ping_status":"open","sticky":false,"template":"","format":"standard","meta":{"_acf_changed":false,"footnotes":""},"categories":[60,2186,1662,2858,1636,2108,1782],"tags":[2340,4722,4724,49,242],"class_list":["post-134037","post","type-post","status-publish","format-standard","has-post-thumbnail","hentry","category-blog","category-carreras-es","category-docentes","category-innovacion-en-educacion","category-investigacion","category-medicina-es","category-unifranz","tag-cancer","tag-cancer-de-ovario","tag-deteccion-temprana","tag-medicina","tag-unifranz"],"acf":[],"_links":{"self":[{"href":"https:\/\/unifranz.edu.bo\/pt\/wp-json\/wp\/v2\/posts\/134037","targetHints":{"allow":["GET"]}}],"collection":[{"href":"https:\/\/unifranz.edu.bo\/pt\/wp-json\/wp\/v2\/posts"}],"about":[{"href":"https:\/\/unifranz.edu.bo\/pt\/wp-json\/wp\/v2\/types\/post"}],"author":[{"embeddable":true,"href":"https:\/\/unifranz.edu.bo\/pt\/wp-json\/wp\/v2\/users\/45"}],"replies":[{"embeddable":true,"href":"https:\/\/unifranz.edu.bo\/pt\/wp-json\/wp\/v2\/comments?post=134037"}],"version-history":[{"count":1,"href":"https:\/\/unifranz.edu.bo\/pt\/wp-json\/wp\/v2\/posts\/134037\/revisions"}],"predecessor-version":[{"id":134039,"href":"https:\/\/unifranz.edu.bo\/pt\/wp-json\/wp\/v2\/posts\/134037\/revisions\/134039"}],"wp:featuredmedia":[{"embeddable":true,"href":"https:\/\/unifranz.edu.bo\/pt\/wp-json\/wp\/v2\/media\/134038"}],"wp:attachment":[{"href":"https:\/\/unifranz.edu.bo\/pt\/wp-json\/wp\/v2\/media?parent=134037"}],"wp:term":[{"taxonomy":"category","embeddable":true,"href":"https:\/\/unifranz.edu.bo\/pt\/wp-json\/wp\/v2\/categories?post=134037"},{"taxonomy":"post_tag","embeddable":true,"href":"https:\/\/unifranz.edu.bo\/pt\/wp-json\/wp\/v2\/tags?post=134037"}],"curies":[{"name":"wp","href":"https:\/\/api.w.org\/{rel}","templated":true}]}}