{"id":133917,"date":"2023-06-07T17:57:44","date_gmt":"2023-06-07T21:57:44","guid":{"rendered":"https:\/\/unifranz.edu.bo\/?p=133917"},"modified":"2025-06-06T11:21:15","modified_gmt":"2025-06-06T15:21:15","slug":"emprendedores-altenos-llegan-fortalecidos-para-destacar-en-la-fexco-2023","status":"publish","type":"post","link":"https:\/\/unifranz.edu.bo\/pt\/blog\/emprendedores-altenos-llegan-fortalecidos-para-destacar-en-la-fexco-2023\/","title":{"rendered":"EMPRENDEDORES ALTE\u00d1OS LLEGAN FORTALECIDOS PARA DESTACAR EN LA FEXCO 2023"},"content":{"rendered":"<p><span style=\"color: #000000;\">A horas del inicio de la Feria Internacional de Cochabamba, Fexco 2023, Estela Poma, emprendedora del rubro textil y miembro de \u201cMilluni, Tejidos con Identidad\u201d, \u00faltima detalles para su participaci\u00f3n, junto a las 37 mujeres socias de este emprendimiento comunitario. Al igual que ellas, una veintena de emprendimientos participar\u00e1n en el stand de El Alto, bajo el sello \u201cHecho por manos alte\u00f1as\u201d.<\/span><\/p>\n<p><span style=\"color: #000000;\">Los emprendedores fueron seleccionados por el municipio, con el fin de proyectar los emprendimientos en diversos rubros como cuero, textiles, alimentos, servicios y otros. Previo a ello, en coordinaci\u00f3n con la Direcci\u00f3n de Desarrollo Productivo de Peque\u00f1as y Medianas Empresas del municipio y la Universidad Franz Tamayo, llevaron a cabo un ciclo de capacitaciones en diversas \u00e1reas con el fin de empoderar a los productores y brindarles las herramientas necesarias para destacar en un entorno competitivo.<\/span><\/p>\n<p><span style=\"color: #000000;\">\u201cComo emprendedores, estas oportunidades son muy importantes; por ello, estamos agradecidos con Unifranz porque est\u00e1 trabajando de la mano con la ciudad de el Alto. La innovaci\u00f3n est\u00e1 por delante y gracias a todo lo que hoy hemos aprendido, ya podremos trabajar con m\u00e1s confianza en el \u00e1rea digital\u201d, asegur\u00f3 Estela. <\/span><br \/>\n<span style=\"color: #000000;\">Seg\u00fan aseguraron los representantes ediles y universitarios, los ciclos de capacitaciones se realizar\u00e1n de forma peri\u00f3dica, a fin de llegar a otros sectores de la poblaci\u00f3n que tambi\u00e9n precisan del acompa\u00f1amiento y orientaci\u00f3n en torno a sus ideas de negocios.<\/span><\/p>\n<p><span style=\"color: #000000;\">El primer taller, impartido por la carrera de Ingenier\u00eda de Sistemas, se centr\u00f3 en el conocimiento sobre herramientas digitales como la creaci\u00f3n de c\u00f3digos QR, entre otros. En la era de la transformaci\u00f3n digital, estos conocimientos resultan fundamentales para acceder a nuevos mercados y mejorar la visibilidad de los productos. Los productores aprendieron a utilizar las tecnolog\u00edas de la informaci\u00f3n para promocionar sus productos de manera efectiva, optimizar la log\u00edstica y establecer una comunicaci\u00f3n directa con los consumidores.<\/span><\/p>\n<p><span style=\"color: #000000;\">\u201cEs muy importante trabajar por los artesanos, innovadores, peque\u00f1os emprendedores, a trav\u00e9s de la capacitaci\u00f3n en tecnolog\u00eda. El Alto, en su diversidad, tiene emprendimientos que est\u00e1n iniciando, es importante que todos ellos sean beneficiados con este tipo de aprendizajes\u201d, manifest\u00f3 Arnaldo Condori, jefe de la Unidad de Innovaci\u00f3n y Emprendimiento del Gobierno Municipal.<\/span><\/p>\n<p><span style=\"color: #000000;\">El segundo taller, a cargo de la carrera de Contadur\u00eda P\u00fablica, se enfoc\u00f3 en la educaci\u00f3n financiera. Reconociendo la importancia de una gesti\u00f3n financiera s\u00f3lida, los productores recibieron capacitaci\u00f3n en temas como la implementaci\u00f3n de la banca digital, la planificaci\u00f3n financiera y la identificaci\u00f3n de oportunidades de financiamiento, entre otros. Estos conocimientos fueron impartidos con el fin de tomar decisiones financieras m\u00e1s informadas y aprovechar al m\u00e1ximo los recursos disponibles, fortaleciendo as\u00ed la sostenibilidad de sus negocios.<\/span><\/p>\n<p><span style=\"color: #000000;\">Por \u00faltimo, el taller de Merchandising Ferial, organizado por la carrera de Dise\u00f1o Gr\u00e1fico y Producci\u00f3n Crossmedia, a trav\u00e9s de su iniciativa Studio Creativos, proporcion\u00f3 a los emprendedores valiosas herramientas de marketing y promoci\u00f3n. Los productores aprendieron estrategias efectivas para destacar en el contexto de una feria internacional, desde la presentaci\u00f3n visual de sus stands hasta la exhibici\u00f3n de productos de manera atractiva. Este taller impuls\u00f3 la creatividad y el pensamiento innovador, dotando a los productores con las habilidades necesarias para cautivar a los visitantes y potenciales clientes.<\/span><\/p>\n<p><span style=\"color: #000000;\">La participaci\u00f3n de los productores en estos talleres fue una muestra clara de su disposici\u00f3n para aprender y adaptarse a los cambios en el mundo empresarial. La universidad se convirti\u00f3 en un catalizador para su crecimiento, proporcion\u00e1ndoles las herramientas necesarias para triunfar en la Feria Internacional de Cochabamba y en futuros eventos comerciales.<\/span><\/p>","protected":false},"excerpt":{"rendered":"<p>A horas del inicio de la Feria Internacional de Cochabamba, Fexco 2023, Estela Poma, emprendedora del rubro textil y miembro de \u201cMilluni, Tejidos con Identidad\u201d, \u00faltima detalles para su participaci\u00f3n, junto a las 37 mujeres socias de este emprendimiento comunitario. Al igual que ellas, una veintena de emprendimientos participar\u00e1n en el stand de El Alto, &hellip; <a href=\"https:\/\/unifranz.edu.bo\/pt\/blog\/emprendedores-altenos-llegan-fortalecidos-para-destacar-en-la-fexco-2023\/\">Continued<\/a><\/p>","protected":false},"author":25,"featured_media":133918,"comment_status":"open","ping_status":"open","sticky":false,"template":"","format":"standard","meta":{"_acf_changed":false,"footnotes":""},"categories":[60],"tags":[],"class_list":["post-133917","post","type-post","status-publish","format-standard","has-post-thumbnail","hentry","category-blog"],"acf":[],"_links":{"self":[{"href":"https:\/\/unifranz.edu.bo\/pt\/wp-json\/wp\/v2\/posts\/133917","targetHints":{"allow":["GET"]}}],"collection":[{"href":"https:\/\/unifranz.edu.bo\/pt\/wp-json\/wp\/v2\/posts"}],"about":[{"href":"https:\/\/unifranz.edu.bo\/pt\/wp-json\/wp\/v2\/types\/post"}],"author":[{"embeddable":true,"href":"https:\/\/unifranz.edu.bo\/pt\/wp-json\/wp\/v2\/users\/25"}],"replies":[{"embeddable":true,"href":"https:\/\/unifranz.edu.bo\/pt\/wp-json\/wp\/v2\/comments?post=133917"}],"version-history":[{"count":2,"href":"https:\/\/unifranz.edu.bo\/pt\/wp-json\/wp\/v2\/posts\/133917\/revisions"}],"predecessor-version":[{"id":705548,"href":"https:\/\/unifranz.edu.bo\/pt\/wp-json\/wp\/v2\/posts\/133917\/revisions\/705548"}],"wp:featuredmedia":[{"embeddable":true,"href":"https:\/\/unifranz.edu.bo\/pt\/wp-json\/wp\/v2\/media\/133918"}],"wp:attachment":[{"href":"https:\/\/unifranz.edu.bo\/pt\/wp-json\/wp\/v2\/media?parent=133917"}],"wp:term":[{"taxonomy":"category","embeddable":true,"href":"https:\/\/unifranz.edu.bo\/pt\/wp-json\/wp\/v2\/categories?post=133917"},{"taxonomy":"post_tag","embeddable":true,"href":"https:\/\/unifranz.edu.bo\/pt\/wp-json\/wp\/v2\/tags?post=133917"}],"curies":[{"name":"wp","href":"https:\/\/api.w.org\/{rel}","templated":true}]}}