{"id":133819,"date":"2023-06-03T11:12:07","date_gmt":"2023-06-03T15:12:07","guid":{"rendered":"https:\/\/unifranz.edu.bo\/?p=133819"},"modified":"2023-06-05T10:29:14","modified_gmt":"2023-06-05T14:29:14","slug":"bolivia-sera-sede-del-iv-foro-internacional-de-educacion-superior-innovacion-tecnologica-y-gobernanza-corporativa","status":"publish","type":"post","link":"https:\/\/unifranz.edu.bo\/pt\/blog\/bolivia-sera-sede-del-iv-foro-internacional-de-educacion-superior-innovacion-tecnologica-y-gobernanza-corporativa\/","title":{"rendered":"Bolivia ser\u00e1 sede del \u201cIV Foro Internacional de Educaci\u00f3n Superior: Innovaci\u00f3n tecnol\u00f3gica y gobernanza corporativa\u201d"},"content":{"rendered":"<p><span style=\"color: #000000;\"><span style=\"font-weight: 400;\">Actores y l\u00edderes de opini\u00f3n en educaci\u00f3n del mundo se reunir\u00e1n en Santa Cruz \u00ad\u2013entre 14 y el 16 de junio pr\u00f3ximos\u2013 en el <strong>\u201cIV Foro internacional de Educaci\u00f3n Superior: Innovaci\u00f3n tecnol\u00f3gica y gobernanza\u201d<\/strong><\/span><strong><i>,<\/i><\/strong><span style=\"font-weight: 400;\"> impulsada por una alianza liderada por la Universidad Franz Tamayo (UNIFRANZ), la Organizaci\u00f3n Universitaria Interamericana (OUI), la Red de Administradores Universitarios (RAUI) y la Asociaci\u00f3n Nacional de Universidades Privadas de Bolivia (ANUP), con el fin de generar espacios de an\u00e1lisis y reflexi\u00f3n en tiempos de constantes cambios en la sociedad por el acelerado avance en ciencias y tecnolog\u00edas.<\/span><\/span><\/p>\n<p><span style=\"font-weight: 400; color: #000000;\"><strong>Lluis Pastor, doctor en periodismo y experto en innovaci\u00f3n educativa<\/strong>, asegura que vivimos en la sociedad de la prisa, donde experimentamos la inflaci\u00f3n descomunal de informaci\u00f3n, en el que debemos diferenciar que es \u00fatil o no para nuestros intereses, donde\u00a0 se valora las multitareas, en el que no le damos el tiempo real al optimizar resultados y finalmente donde se prioriza el aprendizaje r\u00e1pido.<\/span><\/p>\n<p><span style=\"font-weight: 400; color: #000000;\">\u201cLo bueno est\u00e1 en que <strong>convivimos en la sociedad donde el conocimiento pasa a primer plano<\/strong>, esto es un cambio brutal respecto a otros momentos (..) es un elemento imprescindible que est\u00e1 en nuestro ADN\u00a0 y que determinar\u00e1 c\u00f3mo seremos los seres humanos en los pr\u00f3ximos tiempos\u201d, afirma Pastor.<\/span><\/p>\n<p><span style=\"color: #000000;\"><span style=\"font-weight: 400;\">El experto en innovaci\u00f3n educativa cree que es importante\u00a0 trabajar en la forma de ense\u00f1ar: \u201cpersiste la <\/span><i><span style=\"font-weight: 400;\">lectio<\/span><\/i><span style=\"font-weight: 400;\"> del profesor frente a estudiantes, por una hora y media, que se mantiene inalterable por m\u00e1s de mil a\u00f1os. Hay que modificar los modelos de aprendizaje, volverlos singulares de acuerdo a los prop\u00f3sitos de las instituciones (..) y <strong>pensar en el futuro en una coordinaci\u00f3n entre inteligencia artificial y el aporte humano<\/strong> \u201d.<\/span><\/span><\/p>\n<p><span style=\"font-weight: 400; color: #000000;\">La tem\u00e1tica est\u00e1 en mesa, hay que debatir, abrir alianzas para analizar el estado de situaci\u00f3n y fortalecer la gobernanza de la educaci\u00f3n de la regi\u00f3n, el <strong>IV Foro Internacional de Educaci\u00f3n Superior,<\/strong> ser\u00e1 el escenario propicio para discutir ideas que nos permitan afrontar los desaf\u00edos de aminorar la brecha digital, formar ciudadanos globales, mejorar la calidad educativa, apostar por la inclusi\u00f3n y la sustentabilidad en Bolivia, Am\u00e9rica Latina y el mundo.\u00a0\u00a0<\/span><\/p>\n<p><iframe loading=\"lazy\" title=\"YouTube video player\" src=\"https:\/\/www.youtube.com\/embed\/WxL3oJhZWsY\" width=\"560\" height=\"315\" frameborder=\"0\" allowfullscreen=\"allowfullscreen\"><\/iframe><\/p>\n<p><span style=\"font-weight: 400; color: #000000;\">Creemos firmemente que <strong>la educaci\u00f3n tiene el poder de transformar vidas y que es un motor de movilidad social,<\/strong> por ello nuestro inter\u00e9s de generar este espacio de reflexi\u00f3n y de intercambio de experiencias, aprendizajes y buenas pr\u00e1cticas, asegura Ver\u00f3nica \u00c1greda Arq. DESA, rectora de Unifranz.<\/span><\/p>\n<p><span style=\"font-weight: 400; color: #000000;\">\u201cTenemos referentes que nos inspiran a realizar estas alianzas, tal el caso de <strong>Mondrag\u00f3n que tiene un modelo de gobernanza cooperativa<\/strong>\u00a0que nace en la industria y que ahora tiene presencia en M\u00e9xico, Colombia, Pa\u00eds Vasco, Madrid, Barcelona, Valencia, Shanghai, Puebla, Se\u00fal y Berl\u00edn; o el Instituto del <strong>Futuro de la Educaci\u00f3n del Tecnol\u00f3gico de Monterrey<\/strong> que promueve la educaci\u00f3n a lo largo de la vida y tiene un laboratorio en Singapur; o la <strong>Fundaci\u00f3n para la Educaci\u00f3n y Cultura de Chile<\/strong> que asocia a universidades y centros de formaci\u00f3n t\u00e9cnica; tambi\u00e9n est\u00e1n los emprendimientos educativos con base tecnol\u00f3gica que promueven la educaci\u00f3n virtual, usan la inteligencia artificial y otras tecnolog\u00edas. Todos ellos tienen algo en com\u00fan: est\u00e1n rompiendo los paradigmas, las barreras geopol\u00edticas y generando nuevos escenarios y dial\u00e9cticas en la educaci\u00f3n\u201d, apunta \u00c1greda a tiempo de destacar la alianza que posibilita el Foro.<\/span><\/p>\n<p><span style=\"font-weight: 400;\"><span style=\"color: #000000;\"><strong>Francesc Pedr\u00f3, Director del Instituto Internacional de la UNESCO<\/strong> para la Educaci\u00f3n Superior en Am\u00e9rica Latina y el Caribe, Luis Riveros, Presidente Consejo Acad\u00e9mico de RAUI Am\u00e9rica, <strong>Guy Haug, uno de los mayores expertos europeos en evaluaci\u00f3n y desarrollo de universidades y sistemas de educaci\u00f3n superior<\/strong>, David Julien, Secretario General Ejecutivo de la Organizaci\u00f3n Universitaria<\/span> <span style=\"color: #000000;\">Interamericana (OUI) y <strong>Pedro Covarrubias, Secretario General de la Fundaci\u00f3n Educaci\u00f3n y Cultura de Chile<\/strong>, son algunas de las personalidades que ser\u00e1n parte del IV Foro Internacional de Educaci\u00f3n Superior.<\/span><\/span><\/p>\n<p><span style=\"font-weight: 400; color: #000000;\">\u201c<strong>Es momento de apostar por la innovaci\u00f3n tecnol\u00f3gica<\/strong> y nuevos modelos de gobernanza en la Educaci\u00f3n con el prop\u00f3sito de dividir y compartir atribuciones y obligaciones entre las autoridades educativas, instituciones que la impulsan, docentes, padres de familia, directores escolares y por supuesto los estudiantes\u201d, apunta \u00c1greda.<\/span><\/p>\n<p><span style=\"color: #000000;\"><span style=\"font-weight: 400;\">El encuentro contar\u00e1 con la presencia de autoridades nacionales del Estado Plurinacional de Bolivia, rectores de universidades del pa\u00eds, directores de colegios, acad\u00e9micos, l\u00edderes de opini\u00f3n y todo aquel ciudadano que quiera ser parte de la transformaci\u00f3n de la educaci\u00f3n en Bolivia. Para participar puedes inscribirte en el siguiente link:<\/span> <a href=\"https:\/\/foro.unifranz.edu.bo\/\"><span style=\"font-weight: 400;\">https:\/\/foro.unifranz.edu.bo\/<\/span><\/a><span style=\"font-weight: 400;\"> .<\/span><\/span><\/p>\n<p><img loading=\"lazy\" decoding=\"async\" class=\"wp-image-133821 aligncenter\" src=\"https:\/\/unifranz.edu.bo\/wp-content\/uploads\/2023\/06\/EDUCACIO\u0301N-DEL-FUTURO-300x169.png\" alt=\"\" width=\"744\" height=\"419\" srcset=\"https:\/\/unifranz.edu.bo\/wp-content\/uploads\/2023\/06\/EDUCACIO\u0301N-DEL-FUTURO-300x169.png 300w, https:\/\/unifranz.edu.bo\/wp-content\/uploads\/2023\/06\/EDUCACIO\u0301N-DEL-FUTURO-1024x576.png 1024w, https:\/\/unifranz.edu.bo\/wp-content\/uploads\/2023\/06\/EDUCACIO\u0301N-DEL-FUTURO-768x432.png 768w, https:\/\/unifranz.edu.bo\/wp-content\/uploads\/2023\/06\/EDUCACIO\u0301N-DEL-FUTURO-18x10.png 18w, https:\/\/unifranz.edu.bo\/wp-content\/uploads\/2023\/06\/EDUCACIO\u0301N-DEL-FUTURO.png 1280w\" sizes=\"auto, (max-width: 744px) 100vw, 744px\" \/><\/p>\n<p style=\"text-align: center;\"><em><span style=\"color: #000000;\">Pensar<span style=\"font-weight: 400;\">\u00a0<\/span><b><span style=\"font-weight: 400;\">el futuro en una coordinaci\u00f3n entre inteligencia artificial y el aporte humano<\/span><\/b><\/span><\/em><\/p>\n<p><span style=\"color: #000000;\"><b>Innovaci\u00f3n en educaci\u00f3n<\/b><\/span><\/p>\n<p><span style=\"font-weight: 400; color: #000000;\">Aracely, estudiante a punto de graduarse para llegar a la universidad, asegura que hay un antes y un despu\u00e9s en el tema educativo: \u201cme gusta que ahora hay muchas m\u00e1s fuentes de informaci\u00f3n y m\u00e1s cosas como para descubrir tenemos m\u00e1s lugares para explorar. Por ejemplo, antes te ped\u00edan algo y deb\u00edas revisar libros, peri\u00f3dicos, entre otros. Hoy puedes visitar fuentes diversas en internet, recurrir a la propia experiencia en el microscopio, est\u00e1 casi al alcance de tu mano\u201d.<\/span><\/p>\n<p><span style=\"font-weight: 400; color: #000000;\">La preuniversitaria mira el <strong>2030 con una educaci\u00f3n tecnologizada y robotizada<\/strong>,\u00a0 con acceso a la mayor\u00eda, con pizarras virtuales, que si bien existen, hoy por hoy no son muy comunes en la poblaci\u00f3n. Piensa que cambiar los cuadernos tradicionales por la experiencia en el conocimiento, divirti\u00e9ndose, podr\u00eda ayudar a mejorar la gesti\u00f3n del conocimiento: \u201choy nos miden por si memorizamos las respuestas correctas y nos castigan si sacamos el celular, que no es siempre para ver las respuestas, sino para mirar que opciones de respuestas hay en los temas, compararlas y analizarlas\u201d.<\/span><\/p>\n<p><span style=\"font-weight: 400; color: #000000;\">Gael \u2013estudiante de 6 a\u00f1os\u2013 quiere que el 2030 la educaci\u00f3n sea m\u00e1s digital con robots que ayuden a mirar de cerca todo lo que cuentan en historia, con menos tareas, con profesores que los dejen tambi\u00e9n divertir.\u00a0\u00a0<\/span><\/p>\n<p><span style=\"font-weight: 400; color: #000000;\">El estudiante no est\u00e1 lejos de las innovaciones que hoy comienzan a brillar como herramientas en el proceso de ense\u00f1anza y aprendizaje, es el <strong>caso de EdTech Sima Robot<\/strong>, el robot social educativo,\u00a0 capaz de interactuar de forma natural con sus usuarios, mediante voz, gestos y movimientos para desarrollar actividades.<\/span><\/p>\n<p><span style=\"font-weight: 400; color: #000000;\">Sima Robot, motiva a ni\u00f1os a aprender hablando y jugando con actividades dise\u00f1adas para facilitar el aprendizaje en \u00e1reas como comunicaci\u00f3n, lenguaje, lectoescritura, matem\u00e1ticas, entre otras y ser\u00e1 presentado en el marco del Foro en Santa Cruz.<\/span><\/p>\n<p><span style=\"font-weight: 400;\"><span style=\"color: #000000;\">Junto a la robotizaci\u00f3n y el uso de la inteligencia artificial para optimizar los procesos educativos, en el foro tambi\u00e9n abordar\u00e1 tem\u00e1ticas como: los nuevos desaf\u00edos, aprendizaje a lo largo de la vida, la globalizaci\u00f3n de las universidades en Iberoam\u00e9rica, los modelos innovadores de ense\u00f1anza y aprendizaje en las aulas, la implementaci\u00f3n de programas educativos fuera del aula a trav<\/span>\u00e9s del <span style=\"color: #000000;\">modelo STEAM, la construcci\u00f3n de un ecosistema educativo para la transformaci\u00f3n del futuro, los retos y oportunidades para la internacionalizaci\u00f3n de las instituciones de Educaci\u00f3n Superior en Am\u00e9rica Latina, entre otros.\u00a0<\/span><\/span><\/p>\n<p><span style=\"font-weight: 400; color: #000000;\">El foro\u00a0 prev\u00e9 la realizaci\u00f3n de la Asamblea Regional de la Organizaci\u00f3n Universitaria Interamericana (OUI) de los Pa\u00edses Andinos, el <strong>seminario internacional RAUI Am\u00e9rica \u201cLa alta gesti\u00f3n institucional, de las universidades de Iberoam\u00e9rica\u201d<\/strong>, la presentaci\u00f3n del Consejo Asesor Internacional de Unifranz y el foro sobre innovaci\u00f3n educativa.<\/span><\/p>\n<p><span style=\"color: #000000;\"><b>Asamblea Regional de la OUI &#8211; Pa\u00edses Andinos<\/b><\/span><\/p>\n<p><span style=\"font-weight: 400; color: #000000;\">En el marco del foro, la <strong>Organizaci\u00f3n Universitaria Interamericana (OUI) celebrar\u00e1 su Asamblea Regional \u2013 Pa\u00edses Andinos<\/strong> (en modalidad h\u00edbrida) con el fin de presentar las prioridades institucionales de la OUI para el presente a\u00f1o, tanto a nivel general como regional, as\u00ed como recibir las aportaciones y comentarios de sus instituciones miembro provenientes de Bolivia, Chile, Ecuador y Per\u00fa.<\/span><\/p>\n<p><span style=\"font-weight: 400; color: #000000;\">\u201cNos complace y enorgullece, como miembros de la OUI, referente para la comunidad acad\u00e9mica de las Am\u00e9ricas, que la asamblea regional tenga como sede a Unifranz. Al ser miembros plenos de la organizaci\u00f3n\u00a0 formamos parte de la comunidad que acoge a m\u00e1s de 5 millones de estudiantes, 500 mil docentes y 600 mil integrantes de personal de apoyo\u201d, apunt\u00f3 la Rectora de Unifranz.\u00a0<\/span><\/p>\n<p><img loading=\"lazy\" decoding=\"async\" class=\"wp-image-133822 aligncenter\" src=\"https:\/\/unifranz.edu.bo\/wp-content\/uploads\/2023\/06\/POST-QUOTES-FORO-02-300x300.png\" alt=\"\" width=\"693\" height=\"693\" srcset=\"https:\/\/unifranz.edu.bo\/wp-content\/uploads\/2023\/06\/POST-QUOTES-FORO-02-300x300.png 300w, https:\/\/unifranz.edu.bo\/wp-content\/uploads\/2023\/06\/POST-QUOTES-FORO-02-1024x1024.png 1024w, https:\/\/unifranz.edu.bo\/wp-content\/uploads\/2023\/06\/POST-QUOTES-FORO-02-768x768.png 768w, https:\/\/unifranz.edu.bo\/wp-content\/uploads\/2023\/06\/POST-QUOTES-FORO-02-1536x1536.png 1536w, https:\/\/unifranz.edu.bo\/wp-content\/uploads\/2023\/06\/POST-QUOTES-FORO-02-2048x2048.png 2048w, https:\/\/unifranz.edu.bo\/wp-content\/uploads\/2023\/06\/POST-QUOTES-FORO-02-12x12.png 12w\" sizes=\"auto, (max-width: 693px) 100vw, 693px\" \/><\/p>","protected":false},"excerpt":{"rendered":"<p>Actores y l\u00edderes de opini\u00f3n en educaci\u00f3n del mundo se reunir\u00e1n en Santa Cruz \u00ad\u2013entre 14 y el 16 de junio pr\u00f3ximos\u2013 en el \u201cIV Foro internacional de Educaci\u00f3n Superior: Innovaci\u00f3n tecnol\u00f3gica y gobernanza\u201d, impulsada por una alianza liderada por la Universidad Franz Tamayo (UNIFRANZ), la Organizaci\u00f3n Universitaria Interamericana (OUI), la Red de Administradores Universitarios &hellip; <a href=\"https:\/\/unifranz.edu.bo\/pt\/blog\/bolivia-sera-sede-del-iv-foro-internacional-de-educacion-superior-innovacion-tecnologica-y-gobernanza-corporativa\/\">Continued<\/a><\/p>","protected":false},"author":45,"featured_media":133820,"comment_status":"open","ping_status":"open","sticky":false,"template":"","format":"standard","meta":{"_acf_changed":false,"footnotes":""},"categories":[60,1662,1862,1708,2858,1782],"tags":[2904,266,4646,4648,4650,4652,242],"class_list":["post-133819","post","type-post","status-publish","format-standard","has-post-thumbnail","hentry","category-blog","category-docentes","category-educacion","category-innovacion","category-innovacion-en-educacion","category-unifranz","tag-anup","tag-bolivia","tag-foro-internacional-de-educacion-superior","tag-goibernanza-en-educacion","tag-oui","tag-raui","tag-unifranz"],"acf":[],"_links":{"self":[{"href":"https:\/\/unifranz.edu.bo\/pt\/wp-json\/wp\/v2\/posts\/133819","targetHints":{"allow":["GET"]}}],"collection":[{"href":"https:\/\/unifranz.edu.bo\/pt\/wp-json\/wp\/v2\/posts"}],"about":[{"href":"https:\/\/unifranz.edu.bo\/pt\/wp-json\/wp\/v2\/types\/post"}],"author":[{"embeddable":true,"href":"https:\/\/unifranz.edu.bo\/pt\/wp-json\/wp\/v2\/users\/45"}],"replies":[{"embeddable":true,"href":"https:\/\/unifranz.edu.bo\/pt\/wp-json\/wp\/v2\/comments?post=133819"}],"version-history":[{"count":7,"href":"https:\/\/unifranz.edu.bo\/pt\/wp-json\/wp\/v2\/posts\/133819\/revisions"}],"predecessor-version":[{"id":133860,"href":"https:\/\/unifranz.edu.bo\/pt\/wp-json\/wp\/v2\/posts\/133819\/revisions\/133860"}],"wp:featuredmedia":[{"embeddable":true,"href":"https:\/\/unifranz.edu.bo\/pt\/wp-json\/wp\/v2\/media\/133820"}],"wp:attachment":[{"href":"https:\/\/unifranz.edu.bo\/pt\/wp-json\/wp\/v2\/media?parent=133819"}],"wp:term":[{"taxonomy":"category","embeddable":true,"href":"https:\/\/unifranz.edu.bo\/pt\/wp-json\/wp\/v2\/categories?post=133819"},{"taxonomy":"post_tag","embeddable":true,"href":"https:\/\/unifranz.edu.bo\/pt\/wp-json\/wp\/v2\/tags?post=133819"}],"curies":[{"name":"wp","href":"https:\/\/api.w.org\/{rel}","templated":true}]}}