{"id":133672,"date":"2023-05-31T16:27:18","date_gmt":"2023-05-31T20:27:18","guid":{"rendered":"https:\/\/unifranz.edu.bo\/?p=133672"},"modified":"2023-08-17T13:46:38","modified_gmt":"2023-08-17T17:46:38","slug":"nofumes","status":"publish","type":"post","link":"https:\/\/unifranz.edu.bo\/pt\/la-paz\/nofumes\/","title":{"rendered":"4600 bolivianos mueren al a\u00f1o por enfermedades relacionadas al tabaco"},"content":{"rendered":"<p><em><span style=\"color: #000000;\">Por Diego And\u00b4res Sabat<\/span><\/em><\/p>\n<p><span style=\"color: #000000;\">Samanta recuerda exactamente cuando encendi\u00f3 su primer cigarro, fue en junio de 2007 despu\u00e9s de rendir la prueba final de C\u00e1lculo I. Diecis\u00e9is a\u00f1os despu\u00e9s y casi una cajetilla al d\u00eda, desarroll\u00f3 bronquitis y gastritis cr\u00f3nica, reduciendo<\/span> <span style=\"color: #000000;\">notoriamente su calidad de vida. Aunque dej\u00f3 de fumar hace 4 a\u00f1os, el da\u00f1o producido es irreversible.<\/span><\/p>\n<p><span style=\"color: #000000;\">Seg\u00fan el Ministerio de Salud y Deportes del Estado Plurinacional de Bolivia, 4.600 personas mueren al a\u00f1o por enfermedades relacionadas al tabaco. Durante el 2022, \u00a010.349 bolivianos han desarrollado la enfermedad pulmonar obstructiva cr\u00f3nica, 9.894 neumon\u00eda, 2.818 problemas card\u00edacos, 1.316 alg\u00fan tipo de c\u00e1ncer y 3.728 han sufrido accidentes cerebrovasculares. El Estado boliviano gast\u00f3 1.724 millones de d\u00f3lares por a\u00f1o tratando problemas de salud relacionados al consumo del tabaco. En el D\u00eda Mundial Sin Tabaco est\u00e1s cifras llaman la atenci\u00f3n e invitan a reflexionar.<\/span><\/p>\n<p><span style=\"color: #000000;\"><strong>\u00bfPor qu\u00e9 fumamos?<\/strong><\/span><\/p>\n<p><span style=\"color: #000000;\">Jos\u00e9 V\u00e1zquez, psic\u00f3logo cognitivo conductual y Asesor de Bienestar Estudiantil de Unifranz explica que la nicotina altera los receptores de placer, estimulaciones que inciden en los neurotransmisores. Este tipo de actividad cerebral genera sensaci\u00f3n de tranquilidad produciendo bienestar corporal y mental en el organismo.<\/span><\/p>\n<p><span style=\"color: #000000;\">\u201cEl riesgo de consumir tabaco de manera continua, origina que las hendiduras sin\u00e1pticas incrementen en el cerebro, este mismo \u201csolicita o exige\u201d la misma estimulaci\u00f3n de la nicotina, originando la conducta ansiosa de la sustancia provocando una adicci\u00f3n, ya que requerir\u00e1 una mayor dosis\u201d aclara el especialista en conducta humana, al identificar uno de los procesos qu\u00edmicos en el desarrollo de la adicci\u00f3n a la nicotina, sustancia responsable de todos los problemas vinculados al consumo del tabaco.<\/span><\/p>\n<p><span style=\"color: #000000;\">La nicotina incide directamente en la qu\u00edmica del cerebro y el sistema nervioso, produciendo la liberaci\u00f3n de dopamina, incrementando el estado de alerta y concentraci\u00f3n, al igual que la estimulaci\u00f3n de la memoria a corto plazo. Estos PROS van en directa confrontaci\u00f3n a la gran cantidad de CONTRAS a la salud.<\/span><\/p>\n<p><span style=\"color: #000000;\">\u201cEl cigarrillo es uno de los principales factores desencadenantes y predisponentes para enfermedades cardiovasculares, como la hipertensi\u00f3n arterial o infarto agudo de miocardio, induce a desarrollar o promover la mutaci\u00f3n de las c\u00e9lulas y convertirlas en cancer\u00edgenas especialmente a nivel de v\u00edas a\u00e9reas como c\u00e1ncer de pulm\u00f3n\u201d afirma contundente Karla Fern\u00e1ndez, m\u00e9dico de UNIFRANZ La Paz y Docente.<\/span><\/p>\n<p><span style=\"color: #000000;\">El consumo de nicotina genera malformaciones cong\u00e9nitas o bajo peso al nacer durante el per\u00edodo de gestaci\u00f3n, p\u00e9rdida del esmalte dental, un grado m\u00e1s elevado de osteoporosis en mujeres y esterilidad en los varones.<\/span><\/p>\n<p><span style=\"color: #000000;\"><strong>Hay noticias positivas<\/strong><\/span><\/p>\n<p><span style=\"color: #000000;\">La cantidad de evidencia mostrada sobre los efectos negativos del tabaco, la implementaci\u00f3n de leyes impositivas dirigidas a los fumadores, las normas que limitan el consumo en espacios f\u00edsicos y una reglamentaci\u00f3n clara en cuanto a la publicidad de los cigarros, se tradujo en la reducci\u00f3n del consumo de tabaco en los j\u00f3venes bolivianos.<\/span><\/p>\n<p><span style=\"color: #000000;\">Seg\u00fan el estudio realizado por el Instituto de Efectividad Cl\u00ednica y Sanitaria de Argentina en Colaboraci\u00f3n con la Universidad Mayor de San Andr\u00e9s, denominado \u201cEl tabaquismo en Bolivia\u201d, la cantidad de fumadores decrece: mientras en el 2020, el 28% de la poblaci\u00f3n fumaba tabaco, el 2022 la cifra reduce en un 12.3% llegando al 16.3%.<\/span><\/p>\n<p><span style=\"color: #000000;\">Cada vez m\u00e1s j\u00f3venes deciden dejar de fumar, aunque algunos lo han sustituido por vaporizadores. \u201cEs com\u00fan que se escuche decir que son inofensivos o que no provocan tantos problemas como el cigarrillo lo cual es completamente falso. Esto se debe a dos factores, el primero que, al ser considerado una moda, el uso y consumo de estos es mayor que el cigarrillo, y segundo se da por el mecanismo que estos tienen, ya que disponen de un motor que genera temperaturas elevadas para activar las sustancias aromatizantes y saborizantes de estos <em>vapes<\/em>, al producirse este aumento de temperatura altas, provocan cambios qu\u00edmicos que las convierten en sustancias cancer\u00edgenas e irritantes de la v\u00eda a\u00e9rea, adem\u00e1s de ser t\u00f3xicos. Llevando a que los j\u00f3venes desarrollen enfermedades pulmonares como Fibrosis, problemas de hipertensi\u00f3n o presencia de c\u00e9lulas cancer\u00edgenas\u201d, explica Fern\u00e1ndez.<\/span><\/p>\n<p><span style=\"color: #000000;\">El da\u00f1o que produjo Samanta a sus pulmones no tiene vuelta atr\u00e1s, no empeorar\u00e1 si mantiene los tratamientos indicados por sus m\u00e9dicos. Ante la interrogante si extra\u00f1a fumar, responde; \u201cNi un poco, recuerdo muy bien el primer cigarro que encend\u00ed y a\u00fan recuerdo el \u00faltimo, fue antes de entrar al consultorio del neum\u00f3logo el 2019, si es que no hubiera tenido ese alto forzoso, no hubiera sobrevivido al COVID 19\u201d.<\/span><\/p>","protected":false},"excerpt":{"rendered":"<p>Por Diego And\u00b4res Sabat Samanta recuerda exactamente cuando encendi\u00f3 su primer cigarro, fue en junio de 2007 despu\u00e9s de rendir la prueba final de C\u00e1lculo I. Diecis\u00e9is a\u00f1os despu\u00e9s y casi una cajetilla al d\u00eda, desarroll\u00f3 bronquitis y gastritis cr\u00f3nica, reduciendo notoriamente su calidad de vida. Aunque dej\u00f3 de fumar hace 4 a\u00f1os, el da\u00f1o &hellip; <a href=\"https:\/\/unifranz.edu.bo\/pt\/la-paz\/nofumes\/\">Continued<\/a><\/p>","protected":false},"author":27,"featured_media":133673,"comment_status":"open","ping_status":"open","sticky":false,"template":"","format":"standard","meta":{"_acf_changed":false,"footnotes":""},"categories":[60,27,2108,29,2032,1782],"tags":[1422,268,164,41,49],"class_list":["post-133672","post","type-post","status-publish","format-standard","has-post-thumbnail","hentry","category-blog","category-la-paz","category-medicina-es","category-noticias","category-salud-es","category-unifranz","tag-innovacion-en-educacion","tag-investigacion","tag-jovenes","tag-la-paz","tag-medicina"],"acf":[],"_links":{"self":[{"href":"https:\/\/unifranz.edu.bo\/pt\/wp-json\/wp\/v2\/posts\/133672","targetHints":{"allow":["GET"]}}],"collection":[{"href":"https:\/\/unifranz.edu.bo\/pt\/wp-json\/wp\/v2\/posts"}],"about":[{"href":"https:\/\/unifranz.edu.bo\/pt\/wp-json\/wp\/v2\/types\/post"}],"author":[{"embeddable":true,"href":"https:\/\/unifranz.edu.bo\/pt\/wp-json\/wp\/v2\/users\/27"}],"replies":[{"embeddable":true,"href":"https:\/\/unifranz.edu.bo\/pt\/wp-json\/wp\/v2\/comments?post=133672"}],"version-history":[{"count":2,"href":"https:\/\/unifranz.edu.bo\/pt\/wp-json\/wp\/v2\/posts\/133672\/revisions"}],"predecessor-version":[{"id":141011,"href":"https:\/\/unifranz.edu.bo\/pt\/wp-json\/wp\/v2\/posts\/133672\/revisions\/141011"}],"wp:featuredmedia":[{"embeddable":true,"href":"https:\/\/unifranz.edu.bo\/pt\/wp-json\/wp\/v2\/media\/133673"}],"wp:attachment":[{"href":"https:\/\/unifranz.edu.bo\/pt\/wp-json\/wp\/v2\/media?parent=133672"}],"wp:term":[{"taxonomy":"category","embeddable":true,"href":"https:\/\/unifranz.edu.bo\/pt\/wp-json\/wp\/v2\/categories?post=133672"},{"taxonomy":"post_tag","embeddable":true,"href":"https:\/\/unifranz.edu.bo\/pt\/wp-json\/wp\/v2\/tags?post=133672"}],"curies":[{"name":"wp","href":"https:\/\/api.w.org\/{rel}","templated":true}]}}