{"id":132808,"date":"2023-05-23T17:34:23","date_gmt":"2023-05-23T21:34:23","guid":{"rendered":"https:\/\/unifranz.edu.bo\/?p=132808"},"modified":"2023-05-24T15:13:29","modified_gmt":"2023-05-24T19:13:29","slug":"expediente-clinico-propiedad-del-paciente-o-de-la-institucion-de-salud","status":"publish","type":"post","link":"https:\/\/unifranz.edu.bo\/pt\/blog\/expediente-clinico-propiedad-del-paciente-o-de-la-institucion-de-salud\/","title":{"rendered":"Expediente cl\u00ednico: \u00bfPropiedad del paciente o de la instituci\u00f3n de salud?"},"content":{"rendered":"<p><span style=\"color: #000000;\">Por Lily Zurita y Beatriz Cahuasa<\/span><\/p>\n<p><span style=\"color: #000000;\"><em>Camila present\u00f3 infecciones urinarias recurrentes a partir de los ocho a\u00f1os. Durante dos a\u00f1os, pas\u00f3 por, al menos, cinco hospitalizaciones en el seguro y una infinidad de an\u00e1lisis. Desesperada por falta de un diagn\u00f3stico preciso, su madre busc\u00f3 respuestas en consultorios privados. <\/em><\/span><\/p>\n<p><span style=\"color: #000000;\"><em>\u00a0<\/em><em>A fin de ganar tiempo y no repetir estudios delicados en la ni\u00f1a, desde el pediatra, hasta el ur\u00f3logo, el nefr\u00f3logo y el onc\u00f3logo ped\u00edan el historial cl\u00ednico de la menor. Pero el seguro se neg\u00f3 a compartirlo, obligando a la ni\u00f1a a pasar, nuevamente, por ecograf\u00edas, medicina nuclear y tomograf\u00edas con posibles consecuencias futuras en su organismo. Una romer\u00eda innecesaria y que ninguna madre espera para sus ni\u00f1os.<\/em><\/span><\/p>\n<p><span style=\"color: #000000;\">Para la doctora Claudia Arauco, directora de la Carrera de Medicina de la Universidad Franz Tamayo, Unifranz, el expediente cl\u00ednico es un derecho que tienen todos los pacientes.<\/span><\/p>\n<p><span style=\"color: #000000;\">\u201cLegalmente le pertenece al paciente, pero en nuestro pa\u00eds, lastimosamente, no tenemos una norma espec\u00edfica que pueda permitirnos compartir ese documento entre un seguro social o una entidad privada y tropezamos en el d\u00eda a d\u00eda con que se recibe una atenci\u00f3n en un seguro social, pero no puedo tener el expediente como parte de mi historia como paciente para poder trasladar o compartir con otro ente de salud (\u2026)\u201d, indica Arauco.<\/span><\/p>\n<p><span style=\"color: #000000;\">Evidentemente, en el pa\u00eds no hay una norma espec\u00edfica que rija ese derecho del paciente a tener su expediente, o por lo menos una copia y que le permita obtener diagn\u00f3sticos m\u00e1s precisos sin necesidad de someterse a m\u00e1s estudios cl\u00ednicos.<\/span><\/p>\n<p><span style=\"color: #000000;\">\u201cLa tecnolog\u00eda ha invadido cada espacio de nuestros d\u00edas y, ahora, ya es tiempo de generar sistemas inform\u00e1ticos que nos beneficien tanto al paciente como al profesional de salud para cerrar este cap\u00edtulo de que el paciente no pueda tener el expediente cl\u00ednico en sus manos\u201d, sostiene la acad\u00e9mica.<\/span><\/p>\n<p><span style=\"color: #000000;\"><strong>Qu\u00e9 es el expediente cl\u00ednico<\/strong><\/span><\/p>\n<p><span style=\"color: #000000;\">El historial cl\u00ednico es un documento legal en el que, el especialista, recopila una serie de datos relacionados con la salud del paciente. Esta informaci\u00f3n se genera gracias a las valoraciones a las que se somete al paciente.<\/span><\/p>\n<p><span style=\"color: #000000;\">El objetivo de este expediente es reunir el estado general de salud del enfermo, su evoluci\u00f3n cl\u00ednica y la atenci\u00f3n recibida en un solo documento para ofrecer la mejor asistencia m\u00e9dica posible, independientemente del m\u00e9dico que est\u00e9 tratando al paciente. Asimismo, cualquier tipo de informaci\u00f3n que se a\u00f1ada a la historia cl\u00ednica tiene que estar fechada y firmada por el m\u00e9dico tratante.<\/span><\/p>\n<p><span style=\"color: #000000;\">La directora de Medicina de Unifranz indica que para el profesional m\u00e9dico tener un expediente cl\u00ednico a la mano es de suma importancia, pues permite conocer diagn\u00f3sticos previos a fin de buscar el mejor tratamiento para rehabilitar o tratar la enfermedad que presenta el paciente.<\/span><\/p>\n<p><span style=\"color: #000000;\">En el expediente se recoge toda la data de salud del paciente, desde su afiliaci\u00f3n, el motivo de la consulta, los ex\u00e1menes complementarios, los consentimientos informados o los protocolos quir\u00fargicos que haya podido recibir el paciente.\u00a0<\/span><\/p>\n<p><span style=\"color: #000000;\">Desde 2008, rige en Bolivia la Norma T\u00e9cnica para el Manejo del Expediente Cl\u00ednico que debe ser cumplida por todas las instancias de salud del pa\u00eds; una formalidad que, sin embargo, tiene algunos vac\u00edos y limitaciones.<\/span><\/p>\n<p><span style=\"color: #000000;\">\u00c9ste y otros temas ser\u00e1n abordados por profesionales de la salud en el primer congreso internacional de epidemiolog\u00eda que se realizar\u00e1 este jueves 25 y viernes 26 en la ciudad de Cochabamba y que contar\u00e1 con la participaci\u00f3n de <em>speakers<\/em> de renombre de Per\u00fa, M\u00e9xico, Colombia, Suecia y Bolivia.<\/span><\/p>\n<p><iframe loading=\"lazy\" title=\"YouTube video player\" src=\"https:\/\/www.youtube.com\/embed\/siaii3X_fOM\" width=\"560\" height=\"315\" frameborder=\"0\" allowfullscreen=\"allowfullscreen\"><\/iframe><\/p>\n<p><span style=\"color: #000000;\"><strong>Congreso de epidemiolog\u00eda abordar\u00e1 esta problem\u00e1tica<\/strong><\/span><\/p>\n<p><span style=\"color: #000000;\">El Congreso Internacional de Epidemiolog\u00eda organizado por Unifranz permitir\u00e1 abordar este tema, como las cuentas de salud que involucra a los sistemas de salud que hay en el pa\u00eds, comprendido por el sistema p\u00fablico y privado y, obviamente, la seguridad social.<\/span><\/p>\n<p><span style=\"color: #000000;\">\u201cDebemos buscar estrategias o propuestas que mejoren el manejo del expediente cl\u00ednico (\u2026). Hay muchas falencias que se han visto, incluso, en estudios en donde se muestra que no hay un manejo ordenado de un expediente cl\u00ednico. En muchos casos se han visto hasta el extrav\u00edo total del expediente. Tenemos que ver la manera de buscar una soluci\u00f3n a este conflicto que se vive en el d\u00eda a d\u00eda\u201d, indica.<\/span><\/p>\n<p><span style=\"color: #000000;\">La acad\u00e9mica considera que el congreso ser\u00e1 el primer paso para lograr alianzas que puedan aportar sugerencias para la mejora de todo el sistema de salud en el pa\u00eds.<\/span><\/p>\n<p><span style=\"color: #000000;\">Hoy tenemos muchas aplicaciones que nos pueden ayudar a prevenir varias enfermedades como el sobrepeso, la hipertensi\u00f3n o la misma diabetes. Esas aplicaciones dan alertas para ver si la presi\u00f3n de una persona est\u00e1 alta y hacer una consulta para prevenir estas enfermedades, que a la larga pueden complicar la situaci\u00f3n de salud del paciente.<\/span><\/p>\n<p><span style=\"color: #000000;\">Al respecto, el decano de la Facultad de Ciencias de la Salud de Unifranz, Jimmy Venegas, afirma que, sin ir lejos, pa\u00edses de la regi\u00f3n, comparten desde hace varios a\u00f1os informaci\u00f3n m\u00e9dica con otros profesionales porque el bien \u00faltimo de esta profesi\u00f3n es garantizar la salud del paciente.<\/span><\/p>\n<p><span style=\"color: #000000;\">\u201cEs una ley que existe a nivel internacional que permite que, por ejemplo, las historias cl\u00ednicas o los estudios puedan ser compartidos con otros m\u00e9dicos, simplemente con el consentimiento del paciente. Actualmente, \u00e9se sigue siendo un problema porque muchas veces vamos al hospital y no podemos acceder a nuestro propio historial m\u00e9dico, no sabemos exactamente si la alimentaci\u00f3n que se tiene de manera cotidiana en casa o en los restaurantes est\u00e1 incidiendo en el incremento de casos de obesidad\u201d, concluye.<\/span><\/p>\n<p><img loading=\"lazy\" decoding=\"async\" class=\"alignnone wp-image-132811\" src=\"https:\/\/unifranz.edu.bo\/wp-content\/uploads\/2023\/05\/Quotes-01-3-300x300.png\" alt=\"\" width=\"356\" height=\"356\" srcset=\"https:\/\/unifranz.edu.bo\/wp-content\/uploads\/2023\/05\/Quotes-01-3-300x300.png 300w, https:\/\/unifranz.edu.bo\/wp-content\/uploads\/2023\/05\/Quotes-01-3-1024x1024.png 1024w, https:\/\/unifranz.edu.bo\/wp-content\/uploads\/2023\/05\/Quotes-01-3-768x768.png 768w, https:\/\/unifranz.edu.bo\/wp-content\/uploads\/2023\/05\/Quotes-01-3-1536x1536.png 1536w, https:\/\/unifranz.edu.bo\/wp-content\/uploads\/2023\/05\/Quotes-01-3-2048x2048.png 2048w, https:\/\/unifranz.edu.bo\/wp-content\/uploads\/2023\/05\/Quotes-01-3-12x12.png 12w\" sizes=\"auto, (max-width: 356px) 100vw, 356px\" \/> <img loading=\"lazy\" decoding=\"async\" class=\"alignnone wp-image-132812\" src=\"https:\/\/unifranz.edu.bo\/wp-content\/uploads\/2023\/05\/Quotes-03-300x300.png\" alt=\"\" width=\"360\" height=\"360\" srcset=\"https:\/\/unifranz.edu.bo\/wp-content\/uploads\/2023\/05\/Quotes-03-300x300.png 300w, https:\/\/unifranz.edu.bo\/wp-content\/uploads\/2023\/05\/Quotes-03-1024x1024.png 1024w, https:\/\/unifranz.edu.bo\/wp-content\/uploads\/2023\/05\/Quotes-03-768x768.png 768w, https:\/\/unifranz.edu.bo\/wp-content\/uploads\/2023\/05\/Quotes-03-1536x1536.png 1536w, https:\/\/unifranz.edu.bo\/wp-content\/uploads\/2023\/05\/Quotes-03-2048x2048.png 2048w, https:\/\/unifranz.edu.bo\/wp-content\/uploads\/2023\/05\/Quotes-03-12x12.png 12w\" sizes=\"auto, (max-width: 360px) 100vw, 360px\" \/><\/p>","protected":false},"excerpt":{"rendered":"<p>Por Lily Zurita y Beatriz Cahuasa Camila present\u00f3 infecciones urinarias recurrentes a partir de los ocho a\u00f1os. Durante dos a\u00f1os, pas\u00f3 por, al menos, cinco hospitalizaciones en el seguro y una infinidad de an\u00e1lisis. Desesperada por falta de un diagn\u00f3stico preciso, su madre busc\u00f3 respuestas en consultorios privados. \u00a0A fin de ganar tiempo y no &hellip; <a href=\"https:\/\/unifranz.edu.bo\/pt\/blog\/expediente-clinico-propiedad-del-paciente-o-de-la-institucion-de-salud\/\">Continued<\/a><\/p>","protected":false},"author":45,"featured_media":132810,"comment_status":"open","ping_status":"open","sticky":false,"template":"","format":"standard","meta":{"_acf_changed":false,"footnotes":""},"categories":[60,2186,1854,2858,1946,1782],"tags":[4522,4520,4518,49,3130,124,3430,242],"class_list":["post-132808","post","type-post","status-publish","format-standard","has-post-thumbnail","hentry","category-blog","category-carreras-es","category-docentes-es","category-innovacion-en-educacion","category-medicina","category-unifranz","tag-epidemologia","tag-expediente-clinico","tag-historias-clinicas","tag-medicina","tag-paciente","tag-salud","tag-sistema-de-salud","tag-unifranz"],"acf":[],"_links":{"self":[{"href":"https:\/\/unifranz.edu.bo\/pt\/wp-json\/wp\/v2\/posts\/132808","targetHints":{"allow":["GET"]}}],"collection":[{"href":"https:\/\/unifranz.edu.bo\/pt\/wp-json\/wp\/v2\/posts"}],"about":[{"href":"https:\/\/unifranz.edu.bo\/pt\/wp-json\/wp\/v2\/types\/post"}],"author":[{"embeddable":true,"href":"https:\/\/unifranz.edu.bo\/pt\/wp-json\/wp\/v2\/users\/45"}],"replies":[{"embeddable":true,"href":"https:\/\/unifranz.edu.bo\/pt\/wp-json\/wp\/v2\/comments?post=132808"}],"version-history":[{"count":4,"href":"https:\/\/unifranz.edu.bo\/pt\/wp-json\/wp\/v2\/posts\/132808\/revisions"}],"predecessor-version":[{"id":133258,"href":"https:\/\/unifranz.edu.bo\/pt\/wp-json\/wp\/v2\/posts\/132808\/revisions\/133258"}],"wp:featuredmedia":[{"embeddable":true,"href":"https:\/\/unifranz.edu.bo\/pt\/wp-json\/wp\/v2\/media\/132810"}],"wp:attachment":[{"href":"https:\/\/unifranz.edu.bo\/pt\/wp-json\/wp\/v2\/media?parent=132808"}],"wp:term":[{"taxonomy":"category","embeddable":true,"href":"https:\/\/unifranz.edu.bo\/pt\/wp-json\/wp\/v2\/categories?post=132808"},{"taxonomy":"post_tag","embeddable":true,"href":"https:\/\/unifranz.edu.bo\/pt\/wp-json\/wp\/v2\/tags?post=132808"}],"curies":[{"name":"wp","href":"https:\/\/api.w.org\/{rel}","templated":true}]}}