{"id":132773,"date":"2023-05-21T23:02:09","date_gmt":"2023-05-22T03:02:09","guid":{"rendered":"https:\/\/unifranz.edu.bo\/?p=132773"},"modified":"2023-05-21T23:02:09","modified_gmt":"2023-05-22T03:02:09","slug":"la-educacion-es-clave-en-el-desarrollo-social-y-la-mejora-de-la-calidad-de-vida-de-la-gente","status":"publish","type":"post","link":"https:\/\/unifranz.edu.bo\/pt\/blog\/la-educacion-es-clave-en-el-desarrollo-social-y-la-mejora-de-la-calidad-de-vida-de-la-gente\/","title":{"rendered":"La educaci\u00f3n es clave en el desarrollo social y la mejora de la calidad de vida de la gente"},"content":{"rendered":"<div>\n<p><span style=\"color: #000000;\">La educaci\u00f3n es un importante motor para el desarrollo. Fruto de esta relevancia, est\u00e1n considerada como uno de los Objetivos de Desarrollo Sostenible (ODS) establecidos por los organismos internacionales. Adem\u00e1s, la educaci\u00f3n est\u00e1 considerada como un derecho humano fundamental y un\u00a0<strong>instrumento eficaz para reducir la pobreza<\/strong>\u00a0y lograr igualdad e inclusi\u00f3n social.\u00a0<\/span><\/p>\n<\/div>\n<div>\n<p><span style=\"color: #000000;\">Los pa\u00edses que alcanzan mayores niveles de educaci\u00f3n, obviamente, tienen un progreso significativamente mejor que el resto.<\/span><\/p>\n<\/div>\n<div>\n<p><span style=\"color: #000000;\">Diego Su\u00e1rez, jefe de Experimentaci\u00f3n del Programa de las Naciones Unidas para el Desarrollo (PNUD Bolivia) identifica\u00a0<strong>tres \u00e1mbitos de incidencia de la educaci\u00f3n<\/strong>\u00a0en el desarrollo de la comunidad.<\/span><\/p>\n<\/div>\n<div>\n<p><span style=\"color: #000000;\">La educaci\u00f3n\u00a0<strong>proporciona\u00a0<\/strong>a las personas\u00a0<strong>herramientas para comprender el mundo\u00a0<\/strong>que les rodea y participar de manera activa y cr\u00edtica en la toma de decisiones; impacta directamente en la salud y el bienestar de las personas y es un factor fundamental para el desarrollo econ\u00f3mico y social de los pa\u00edses.<\/span><\/p>\n<\/div>\n<div>\n<p><span style=\"color: #000000;\">En ese marco, en un evento realizado en La Paz, con motivo de los 30 a\u00f1os de la Universidad Franz Tamayo, Unifranz, el presidente de la C\u00e1mara Nacional de Comercio (CNC), Jaime Ascarrunz, asegur\u00f3 que los\u00a0<strong>pa\u00edses que alcanzan niveles de educaci\u00f3n avanzados tienen un progreso significativamente mejor\u00a0<\/strong>no solo en la parte econ\u00f3mica sino en la calidad de vida de su gente, adem\u00e1s de otros<\/span> <span style=\"color: #000000;\">aspectos que tienen que ver con la cultura y que contribuyen positivamente al desarrollo arm\u00f3nico de esa naci\u00f3n.<\/span><\/p>\n<\/div>\n<div>\n<p><span style=\"color: #000000;\">\u201cLa educaci\u00f3n es el factor n\u00famero uno que deber\u00edamos impulsar en todos nuestros j\u00f3venes y en nuestra poblaci\u00f3n en general\u201d, indica el empresario.<\/span><\/p>\n<\/div>\n<div>\n<p><span style=\"color: #000000;\">En los \u00faltimos a\u00f1os, la humanidad ha sido testigo\u00a0de\u00a0un desarrollo tecnol\u00f3gico vertiginoso y se ha logrado\u00a0<strong>importantes cambios en la sociedad<\/strong>. Ejemplo de ello se observa en la educaci\u00f3n virtual postpandemia o la telemedicina en poblaciones alejadas de los centros urbanos.<\/span><\/p>\n<\/div>\n<div>\n<p><span style=\"color: #000000;\">A principios de este nuevo siglo, una biblioteca todav\u00eda era pensada en forma de libros y hab\u00eda que estar presencialmente en ella para consultar alguna publicaci\u00f3n. Hoy, la tecnolog\u00eda ha logrado la magia de la omnipresencialidad para estar, a la vez, en todas las bibliotecas con la posibilidad de acceder a toda su informaci\u00f3n.<\/span><\/p>\n<\/div>\n<div>\n<p><span style=\"color: #000000;\">\u201cEs importante que la educaci\u00f3n universitaria est\u00e9 actualizada y permita una din\u00e1mica tal que los estudiantes tengan las capacidades para avanzar en el futuro dentro de lo que significa en el avance de la tecnolog\u00eda en todos los aspectos\u201d, agrega Ascarrunz<\/span><\/p>\n<\/div>\n<div>\n<p><span style=\"color: #000000;\"><strong>Trabajo conjunto para mejorar la educaci\u00f3n<\/strong><\/span><\/p>\n<\/div>\n<div>\n<p><span style=\"color: #000000;\">Gustavo J\u00e1uregui, gerente General de la CNC llama a todos los actores sociales del pa\u00eds a trabajar, junto a la academia, en el desarrollo de la educaci\u00f3n.<\/span><\/p>\n<\/div>\n<div>\n<p><span style=\"color: #000000;\">\u201cLa\u00a0<strong>educaci\u00f3n<\/strong>, definitivamente, es muy importante para toda sociedad puesto que es la<strong>\u00a0base fundamental de todo desarrollo urbano, social y econ\u00f3mico,<\/strong>\u00a0por eso es vital que todos los actores de la sociedad trabajemos en mejorar y desarrollar lo que es la educaci\u00f3n en cada pa\u00eds\u201d, afirma.<\/span><\/p>\n<\/div>\n<div>\n<p><span style=\"color: #000000;\">Seg\u00fan J\u00e1uregui, despu\u00e9s de la pandemia, el mundo est\u00e1 atravesando una nueva coyuntura. Los sectores empresariales y comerciales demandan talento humano m\u00e1s capacitado, comprometido y capaz de responder a los nuevos requerimientos del mercado.<\/span><\/p>\n<\/div>\n<div>\n<p><span style=\"color: #000000;\">\u201cEs muy importante que las universidades tomen en cuenta qu\u00e9 est\u00e1 demandando el mercado, c\u00f3mo est\u00e1 cambiando y tengan una\u00a0<strong>gesti\u00f3n m\u00e1s disruptiva e innovadora hacia la formaci\u00f3n de nuevos l\u00edderes<\/strong>\u00a0y profesionales\u201d, agrega J\u00e1uregui.<\/span><\/p>\n<\/div>\n<div>\n<p><span style=\"color: #000000;\">Por su parte, Rogelio Maldonado, presidente del Concejo Municipal de El Alto, asevera que la educaci\u00f3n siempre ser\u00e1 importante en la \u2018dura tarea\u2019 de transformar el pa\u00eds.<\/span><\/p>\n<\/div>\n<div>\n<p><span style=\"color: #000000;\">\u201cDurante muchos a\u00f1os, las personas se han quedado restringidas de proseguir estudios universitarios porque exist\u00edan pocas universidades (\u2026). Hoy, las personas han comprendido que sin estudios es imposible cambiar su calidad de vida (\u2026)\u201d, dice.\u00a0<\/span><\/p>\n<\/div>\n<div>\n<p><span style=\"color: #000000;\">Diversas personalidades que participaron en el evento coincidieron en la relevancia de una educaci\u00f3n de calidad para transformar la sociedad.<\/span><\/p>\n<\/div>\n<div>\n<div class=\"related\"><\/div>\n<\/div>","protected":false},"excerpt":{"rendered":"<p>La educaci\u00f3n es un importante motor para el desarrollo. Fruto de esta relevancia, est\u00e1n considerada como uno de los Objetivos de Desarrollo Sostenible (ODS) establecidos por los organismos internacionales. Adem\u00e1s, la educaci\u00f3n est\u00e1 considerada como un derecho humano fundamental y un\u00a0instrumento eficaz para reducir la pobreza\u00a0y lograr igualdad e inclusi\u00f3n social.\u00a0 Los pa\u00edses que alcanzan &hellip; <a href=\"https:\/\/unifranz.edu.bo\/pt\/blog\/la-educacion-es-clave-en-el-desarrollo-social-y-la-mejora-de-la-calidad-de-vida-de-la-gente\/\">Continued<\/a><\/p>","protected":false},"author":45,"featured_media":132774,"comment_status":"open","ping_status":"open","sticky":false,"template":"","format":"standard","meta":{"_acf_changed":false,"footnotes":""},"categories":[60,2566,1862,1708,2858,1782],"tags":[3844,4492,53,242],"class_list":["post-132773","post","type-post","status-publish","format-standard","has-post-thumbnail","hentry","category-blog","category-docente","category-educacion","category-innovacion","category-innovacion-en-educacion","category-unifranz","tag-calidad-de-vida","tag-desarrollo-social","tag-educacion","tag-unifranz"],"acf":[],"_links":{"self":[{"href":"https:\/\/unifranz.edu.bo\/pt\/wp-json\/wp\/v2\/posts\/132773","targetHints":{"allow":["GET"]}}],"collection":[{"href":"https:\/\/unifranz.edu.bo\/pt\/wp-json\/wp\/v2\/posts"}],"about":[{"href":"https:\/\/unifranz.edu.bo\/pt\/wp-json\/wp\/v2\/types\/post"}],"author":[{"embeddable":true,"href":"https:\/\/unifranz.edu.bo\/pt\/wp-json\/wp\/v2\/users\/45"}],"replies":[{"embeddable":true,"href":"https:\/\/unifranz.edu.bo\/pt\/wp-json\/wp\/v2\/comments?post=132773"}],"version-history":[{"count":1,"href":"https:\/\/unifranz.edu.bo\/pt\/wp-json\/wp\/v2\/posts\/132773\/revisions"}],"predecessor-version":[{"id":132775,"href":"https:\/\/unifranz.edu.bo\/pt\/wp-json\/wp\/v2\/posts\/132773\/revisions\/132775"}],"wp:featuredmedia":[{"embeddable":true,"href":"https:\/\/unifranz.edu.bo\/pt\/wp-json\/wp\/v2\/media\/132774"}],"wp:attachment":[{"href":"https:\/\/unifranz.edu.bo\/pt\/wp-json\/wp\/v2\/media?parent=132773"}],"wp:term":[{"taxonomy":"category","embeddable":true,"href":"https:\/\/unifranz.edu.bo\/pt\/wp-json\/wp\/v2\/categories?post=132773"},{"taxonomy":"post_tag","embeddable":true,"href":"https:\/\/unifranz.edu.bo\/pt\/wp-json\/wp\/v2\/tags?post=132773"}],"curies":[{"name":"wp","href":"https:\/\/api.w.org\/{rel}","templated":true}]}}