{"id":132589,"date":"2023-05-20T17:42:45","date_gmt":"2023-05-20T21:42:45","guid":{"rendered":"https:\/\/unifranz.edu.bo\/?p=132589"},"modified":"2023-05-20T17:43:58","modified_gmt":"2023-05-20T21:43:58","slug":"daniel-alarcon-todo-encaja-en-la-naturaleza-incluso-la-pasion-por-la-fotografia","status":"publish","type":"post","link":"https:\/\/unifranz.edu.bo\/pt\/blog\/daniel-alarcon-todo-encaja-en-la-naturaleza-incluso-la-pasion-por-la-fotografia\/","title":{"rendered":"Daniel Alarc\u00f3n: Todo encaja en la naturaleza, incluso la pasi\u00f3n por la fotograf\u00eda"},"content":{"rendered":"<div>\n<p><span style=\"color: #000000;\">\u201cLa fotograf\u00eda de la naturaleza es el arte de la insistencia, es levantarte muy tempranito, mucho antes que salga el sol; es estar preparado porque las primeras horas de la ma\u00f1ana son las de mayor actividad. Los animales cantan y los puedes ubicar (\u2026)\u201d, afirma Daniel Alarc\u00f3n, afamado fot\u00f3grafo espa\u00f1ol que opt\u00f3 por vivir en Bolivia hace casi 16 a\u00f1os.<\/span><\/p>\n<\/div>\n<div>\n<p><span style=\"color: #000000;\">Con una vasta producci\u00f3n fotogr\u00e1fica de la fauna silvestre, particularmente de la que albergan las \u00e1reas protegidas del oriente boliviano, Alarc\u00f3n asegura que\u00a0<strong>fotografiar la naturaleza implica trabajar todo el d\u00eda<\/strong>\u00a0y que, por ejemplo, un d\u00eda nublado es un excelente d\u00eda para tomar las fotograf\u00edas en jornadas que duran al menos 12 horas.<\/span><\/p>\n<\/div>\n<div>\n<p><span style=\"color: #000000;\">La fotograf\u00eda de naturaleza es una t\u00e9cnica vers\u00e1til que tiene el potencial de<strong>\u00a0contar historias conmovedoras del mundo animal y vegetal.<\/strong>\u00a0Los animales en movimiento y las plantas son los protagonistas.<\/span><\/p>\n<\/div>\n<div>\n<p><span style=\"color: #000000;\">Paciencia, creatividad y pasi\u00f3n son, tal vez, los principales requisitos para fotografiar las maravillas del entorno natural de la flora y de la fauna que viven en la atm\u00f3sfera, las aguas y la tierra firme y que, si bien tienen un prop\u00f3sito art\u00edstico, permiten apreciar aspectos espec\u00edficos de la naturaleza.\u00a0\u00a0<\/span><\/p>\n<\/div>\n<div>\n<p><span style=\"color: #000000;\">\u201cPara hacer esto se necesita sobre todo pasi\u00f3n. Tienes que tener el entusiasmo de hacerlo y un poquito de insistencia (\u2026). Es un momento \u00fanico y de uni\u00f3n con la naturaleza, porque sientes que el animal te est\u00e1 olfateando, que sabe que est\u00e1s ah\u00ed pero no te ve y t\u00fa contienes la respiraci\u00f3n, no piensas en nada m\u00e1s que en tomar la foto, que todos los par\u00e1metros est\u00e9n correctos, que el animal que est\u00e1 en la sombra se ponga en un sitio bien iluminado, de verdad est\u00e1s metido al 100%\u201d, agrega.<\/span><\/p>\n<\/div>\n<div>\n<p><span style=\"color: #000000;\"><strong>Leonardo DiCaprio y \u201cRetratos de familia\u201d<\/strong><\/span><\/p>\n<\/div>\n<div>\n<p><span style=\"color: #000000;\">Desde que lleg\u00f3 al pa\u00eds, Alarc\u00f3n asumi\u00f3 el reto de mostrar en im\u00e1genes cu\u00e1nto se parecen los animales a las personas y, junto al fot\u00f3grafo boliviano\u00a0David Grunbaum, trabaj\u00f3 la publicaci\u00f3n<strong>\u00a0\u201cRetratos de familia\u201d,<\/strong>\u00a0donde\u00a0<strong>refleja la realidad de los animales silvestres<\/strong>\u00a0v\u00edctimas de tr\u00e1fico ilegal.<\/span><\/p>\n<\/div>\n<div>\n<p><span style=\"color: #000000;\">Su producci\u00f3n fotogr\u00e1fica ha sido ampliamente difundida a nivel mundial. Incluso, en enero de 2022, el actor Leonardo DiCaprio, reflexion\u00f3 sobre la importancia de la conservaci\u00f3n de especies utilizando las fotograf\u00edas de ambos artistas.<\/span><\/p>\n<\/div>\n<div>\n<p><span style=\"color: #000000;\">\u00abCada a\u00f1o miles de p\u00e1jaros silvestres son ilegalmente cazados y comercializados a trav\u00e9s de Am\u00e9rica Latina para la trata de mascotas, causando declinaciones en su poblaci\u00f3n silvestre. En un nuevo proyecto, Daniel Alarc\u00f3n y David Grunbaum capturaron impactantes im\u00e1genes de p\u00e1jaros que fueron rescatados del tr\u00e1fico de mascotas y la caza indiscriminada. Ellos<\/span><strong><span style=\"color: #000000;\">\u00a0esperan que sus im\u00e1genes<\/span> <span style=\"color: #000000;\">inspiren acciones de conservaci\u00f3n<\/span><\/strong><span style=\"color: #000000;\">\u00a0para la especie que ya son globalmente amenazadas\u00bb,\u00a0<strong>escribi\u00f3 el actor<\/strong>\u00a0en sus cuentas de redes sociales.<\/span><\/p>\n<\/div>\n<div>\n<p><span style=\"color: #000000;\"><strong>Todo encaja en la naturaleza<\/strong><\/span><\/p>\n<\/div>\n<div>\n<p><span style=\"color: #000000;\">Alarc\u00f3n indica que es dif\u00edcil explicar c\u00f3mo le naci\u00f3 la pasi\u00f3n por fotografiar la naturaleza. Posiblemente, tenga que ver con que la naturaleza sea el lugar donde se siente mejor y le encuentra sentido a la vida.<\/span><\/p>\n<\/div>\n<div>\n<p><span style=\"color: #000000;\">\u201cTodo encaja en la naturaleza. Cuando estoy haciendo fotos en un bosque, en una selva o en el chaco, tengo la sensaci\u00f3n de que todo est\u00e1 en su sitio y que yo estoy en mi sitio. Es algo dif\u00edcil de explicar, pero las personas que amamos la naturaleza as\u00ed lo sentimos\u201d, puntualiza.<\/span><\/p>\n<\/div>\n<div>\n<p><span style=\"color: #000000;\">Seg\u00fan Alarc\u00f3n, un estudio de National Geographic da cuenta que por\u00a0<strong>cada foto seleccionada\u00a0<\/strong>por la revista se tendr\u00edan que\u00a0<strong>haber sacado entre 1.800 a 2.000 fotos.<\/strong><\/span><\/p>\n<\/div>\n<div>\n<p><span style=\"color: #000000;\">\u201cSi al final de toda una jornada de 12 horas capturo una solo foto buena, ha sido un buen d\u00eda y tranquilamente puedo hacer hasta 1.000 fotos y luego quedarme con una que yo considero que vale la pena (\u2026). Tengo una obsesi\u00f3n por dotar a una imagen de contenido de divulgaci\u00f3n medioambiental (\u2026). Los bolivianos debemos estar orgullosos de lo que tenemos porque es \u00fanico y excepcional a nivel mundial\u201d, sostiene.<\/span><\/p>\n<\/div>\n<div>\n<p><span style=\"color: #000000;\"><strong>Su amor por la fotograf\u00eda<\/strong><\/span><\/p>\n<\/div>\n<div>\n<p><span style=\"color: #000000;\">Seg\u00fan el fot\u00f3grafo, cuando era ni\u00f1o no ten\u00eda el m\u00e1s m\u00ednimo inter\u00e9s en la fotograf\u00eda. En su casa, ni siquiera ten\u00eda una c\u00e1mara, pero que, a sus 17 a\u00f1os, lo llamaron para trabajar como ayudante de fot\u00f3grafo y ah\u00ed empez\u00f3 a enamorarse y a meterse en este mundo m\u00e1gico.<\/span><\/p>\n<\/div>\n<div>\n<p><span style=\"color: #000000;\">\u201cLuego empec\u00e9 a estudiar el arte de la fotograf\u00eda y a desarrollar mi trabajo a otros niveles, pas\u00e9 al fotoperiodismo y de ah\u00ed a la fotograf\u00eda medioambiental, que es lo que me trajo a Bolivia\u201d, se\u00f1ala.<\/span><\/p>\n<\/div>\n<div>\n<p><span style=\"color: #000000;\">Lleg\u00f3 al pa\u00eds por \u201cpura casualidad\u201d porque trabajaba de fotoperiodista en un medio y\u00a0<strong>vino a Bolivia para realizar cobertura de las elecciones nacionales<\/strong>\u00a0que tuvo como ganador a Evo Morales en 2005.<\/span><\/p>\n<\/div>\n<div>\n<p><span style=\"color: #000000;\">\u201cCuando termin\u00e9 ese trabajo, coincidi\u00f3 con el periodo de vacaciones de mi esposa y\u00a0<strong>decidimos darnos una vuelta por Bolivia y conocerla de verdad.<\/strong>\u00a0Fuimos al parque Ambor\u00f3 y a las Misiones Jesu\u00edticas. Ah\u00ed se produjo el flechazo y dijimos, \u00e9sta es la Bolivia que yo quiero, este es el pa\u00eds en el que me quiero quedar al menos durante un tiempo. Ese tiempo se ha ido prolongando hemos tenido una ni\u00f1a que es boliviana y ahora nos sentimos plenamente bolivianos\u201d, recuerda.<br \/>\n<iframe loading=\"lazy\" title=\"YouTube video player\" src=\"https:\/\/www.youtube.com\/embed\/ryenz2_Bya4\" width=\"560\" height=\"315\" frameborder=\"0\" allowfullscreen=\"allowfullscreen\"><\/iframe><\/span><\/p>\n<\/div>\n<div>\n<p><span style=\"color: #000000;\"><strong>Muestra inmersiva<\/strong><\/span><\/p>\n<\/div>\n<div>\n<p><span style=\"color: #000000;\">Junto a otros seis artistas bolivianos, Alarc\u00f3n forma parte de la primera muestra inmersiva itinerante que recorre las ciudades de Santa Cruz dela Sierra, La Paz y, desde este viernes hasta el domingo, se instalar\u00e1 en Cochabamba, aprovechando la Larga Noche de Museos.<\/span><\/p>\n<\/div>\n<div>\n<p><span style=\"color: #000000;\">El fot\u00f3grafo invit\u00f3 a la poblaci\u00f3n de la capital del valle a visitar la muestra que se encuentra en predios de Unifranz (Calle Portales N\u00b0 359 esq. Av. G. Villarroel)<\/span><\/p>\n<\/div>\n<div>\n<p><span style=\"color: #000000;\">\u201cVengan a ver esto con la misma ilusi\u00f3n que la veo yo. Nunca he visto mis fotos a m\u00e1s de un metro de proyecci\u00f3n y esto tiene cinco metros de proyecci\u00f3n, adem\u00e1s tengo muchas ganas de ver c\u00f3mo encajan con esos incre\u00edbles artistas que son parte de la muestra\u201d, finaliza.<\/span><\/p>\n<p><img loading=\"lazy\" decoding=\"async\" class=\"wp-image-132592 aligncenter\" src=\"https:\/\/unifranz.edu.bo\/wp-content\/uploads\/2023\/05\/POST-FOTO-CITA-30-AN\u0303OS-copia-03-5-300x300.png\" alt=\"\" width=\"732\" height=\"732\" srcset=\"https:\/\/unifranz.edu.bo\/wp-content\/uploads\/2023\/05\/POST-FOTO-CITA-30-AN\u0303OS-copia-03-5-300x300.png 300w, https:\/\/unifranz.edu.bo\/wp-content\/uploads\/2023\/05\/POST-FOTO-CITA-30-AN\u0303OS-copia-03-5-1024x1024.png 1024w, https:\/\/unifranz.edu.bo\/wp-content\/uploads\/2023\/05\/POST-FOTO-CITA-30-AN\u0303OS-copia-03-5-768x768.png 768w, https:\/\/unifranz.edu.bo\/wp-content\/uploads\/2023\/05\/POST-FOTO-CITA-30-AN\u0303OS-copia-03-5-1536x1536.png 1536w, https:\/\/unifranz.edu.bo\/wp-content\/uploads\/2023\/05\/POST-FOTO-CITA-30-AN\u0303OS-copia-03-5-2048x2048.png 2048w, https:\/\/unifranz.edu.bo\/wp-content\/uploads\/2023\/05\/POST-FOTO-CITA-30-AN\u0303OS-copia-03-5-12x12.png 12w\" sizes=\"auto, (max-width: 732px) 100vw, 732px\" \/><\/p>\n<\/div>","protected":false},"excerpt":{"rendered":"<p>\u201cLa fotograf\u00eda de la naturaleza es el arte de la insistencia, es levantarte muy tempranito, mucho antes que salga el sol; es estar preparado porque las primeras horas de la ma\u00f1ana son las de mayor actividad. Los animales cantan y los puedes ubicar (\u2026)\u201d, afirma Daniel Alarc\u00f3n, afamado fot\u00f3grafo espa\u00f1ol que opt\u00f3 por vivir en &hellip; <a href=\"https:\/\/unifranz.edu.bo\/pt\/blog\/daniel-alarcon-todo-encaja-en-la-naturaleza-incluso-la-pasion-por-la-fotografia\/\">Continued<\/a><\/p>","protected":false},"author":45,"featured_media":132590,"comment_status":"open","ping_status":"open","sticky":false,"template":"","format":"standard","meta":{"_acf_changed":false,"footnotes":""},"categories":[4232,60,2186,1662,1862,2858,1782,4234],"tags":[4464,4468,4466,4334,2878,242,4332],"class_list":["post-132589","post","type-post","status-publish","format-standard","has-post-thumbnail","hentry","category-arte-inmersivo","category-blog","category-carreras-es","category-docentes","category-educacion","category-innovacion-en-educacion","category-unifranz","category-unifranz-30-anos","tag-daniel-alarcon","tag-exposicion-inmersiva","tag-fotografo","tag-muestra-inmersiva","tag-pasion","tag-unifranz","tag-unifranz-30-anos"],"acf":[],"_links":{"self":[{"href":"https:\/\/unifranz.edu.bo\/pt\/wp-json\/wp\/v2\/posts\/132589","targetHints":{"allow":["GET"]}}],"collection":[{"href":"https:\/\/unifranz.edu.bo\/pt\/wp-json\/wp\/v2\/posts"}],"about":[{"href":"https:\/\/unifranz.edu.bo\/pt\/wp-json\/wp\/v2\/types\/post"}],"author":[{"embeddable":true,"href":"https:\/\/unifranz.edu.bo\/pt\/wp-json\/wp\/v2\/users\/45"}],"replies":[{"embeddable":true,"href":"https:\/\/unifranz.edu.bo\/pt\/wp-json\/wp\/v2\/comments?post=132589"}],"version-history":[{"count":3,"href":"https:\/\/unifranz.edu.bo\/pt\/wp-json\/wp\/v2\/posts\/132589\/revisions"}],"predecessor-version":[{"id":132594,"href":"https:\/\/unifranz.edu.bo\/pt\/wp-json\/wp\/v2\/posts\/132589\/revisions\/132594"}],"wp:featuredmedia":[{"embeddable":true,"href":"https:\/\/unifranz.edu.bo\/pt\/wp-json\/wp\/v2\/media\/132590"}],"wp:attachment":[{"href":"https:\/\/unifranz.edu.bo\/pt\/wp-json\/wp\/v2\/media?parent=132589"}],"wp:term":[{"taxonomy":"category","embeddable":true,"href":"https:\/\/unifranz.edu.bo\/pt\/wp-json\/wp\/v2\/categories?post=132589"},{"taxonomy":"post_tag","embeddable":true,"href":"https:\/\/unifranz.edu.bo\/pt\/wp-json\/wp\/v2\/tags?post=132589"}],"curies":[{"name":"wp","href":"https:\/\/api.w.org\/{rel}","templated":true}]}}