{"id":132411,"date":"2023-05-17T15:28:29","date_gmt":"2023-05-17T19:28:29","guid":{"rendered":"https:\/\/unifranz.edu.bo\/?p=132411"},"modified":"2023-05-17T15:28:29","modified_gmt":"2023-05-17T19:28:29","slug":"unifranz-trae-la-casa-de-ana-frank-a-traves-de-realidad-virtual-en-la-larga-noche-de-museos","status":"publish","type":"post","link":"https:\/\/unifranz.edu.bo\/pt\/blog\/unifranz-trae-la-casa-de-ana-frank-a-traves-de-realidad-virtual-en-la-larga-noche-de-museos\/","title":{"rendered":"Unifranz trae la casa de Ana Frank a trav\u00e9s de realidad virtual en la Larga Noche de Museos"},"content":{"rendered":"<p><span style=\"color: #000000;\">Ana Frank, fue una ni\u00f1a alemana con ascendencia jud\u00eda, junto a su familia vivi\u00f3 durante dos a\u00f1os ocult\u00e1ndose de los nazis en \u00c1msterdam. Cuando descubrieron su escondite, fueron llevados a distintos campos de concentraci\u00f3n alemanes. Ella muri\u00f3 de tifus a mediados de febrero de 1945, dos meses antes de que el campo fuera liberado. Su historia es conocida mundialmente, sin embargo, Unifranz en su continua labor de innovaci\u00f3n, trae a Santa Cruz la experiencia en realidad virtual que permitir\u00e1 a los visitantes de la Larga Noche de Museos apreciar c\u00f3mo se ve\u00eda la casa de este hist\u00f3rico personaje.<\/span><\/p>\n<p><span style=\"color: #000000;\">Este 18 de mayo, se realizar\u00e1 la ya tradicional Larga Noche de Museos en la capital cruce\u00f1a. Se han preparado 72 espacios con m\u00e1s de 250 actividades para recibir al p\u00fablico. Este movimiento cultural tambi\u00e9n se realizar\u00e1 en La Paz, El Alto y Cochabamba.<\/span><\/p>\n<p><img loading=\"lazy\" decoding=\"async\" class=\"alignnone wp-image-132421 size-large\" src=\"https:\/\/unifranz.edu.bo\/wp-content\/uploads\/2023\/05\/20230516_123234-1-1024x768.jpg\" alt=\"\" width=\"1024\" height=\"768\" srcset=\"https:\/\/unifranz.edu.bo\/wp-content\/uploads\/2023\/05\/20230516_123234-1-1024x768.jpg 1024w, https:\/\/unifranz.edu.bo\/wp-content\/uploads\/2023\/05\/20230516_123234-1-300x225.jpg 300w, https:\/\/unifranz.edu.bo\/wp-content\/uploads\/2023\/05\/20230516_123234-1-768x576.jpg 768w, https:\/\/unifranz.edu.bo\/wp-content\/uploads\/2023\/05\/20230516_123234-1-1536x1152.jpg 1536w, https:\/\/unifranz.edu.bo\/wp-content\/uploads\/2023\/05\/20230516_123234-1-2048x1536.jpg 2048w, https:\/\/unifranz.edu.bo\/wp-content\/uploads\/2023\/05\/20230516_123234-1-16x12.jpg 16w\" sizes=\"auto, (max-width: 1024px) 100vw, 1024px\" \/><\/p>\n<p><span style=\"color: #000000;\">En Unifranz Santa Cruz, los visitantes podr\u00e1n vivir una experiencia en realidad virtual, donde visualizar\u00e1n la casa de Ana Frank a trav\u00e9s de unas gafas de \u00faltima tecnolog\u00eda. Esta experiencia le permitir\u00e1 al ciudadano enriquecer sus conocimientos y experimentar los avances de las nuevas tecnolog\u00edas.<\/span><\/p>\n<p><span style=\"color: #000000;\">Adem\u00e1s, el pasillo principal de esta casa superior de estudios, estar\u00e1 engalanado con los carteles e ilustraciones de los artistas m\u00e1s destacados de la carrera de Dise\u00f1o Gr\u00e1fico y Producci\u00f3n Crossmedia. Y para completar esta muestra cultural, la Orquesta Unifranz ha preparado un repertorio especial para recibir a los visitantes.<\/span><\/p>\n<p><img loading=\"lazy\" decoding=\"async\" class=\"alignnone  wp-image-132423\" src=\"https:\/\/unifranz.edu.bo\/wp-content\/uploads\/2023\/05\/aaa-300x210.jpg\" alt=\"\" width=\"375\" height=\"263\" srcset=\"https:\/\/unifranz.edu.bo\/wp-content\/uploads\/2023\/05\/aaa-300x210.jpg 300w, https:\/\/unifranz.edu.bo\/wp-content\/uploads\/2023\/05\/aaa-1024x717.jpg 1024w, https:\/\/unifranz.edu.bo\/wp-content\/uploads\/2023\/05\/aaa-768x537.jpg 768w, https:\/\/unifranz.edu.bo\/wp-content\/uploads\/2023\/05\/aaa-1536x1075.jpg 1536w, https:\/\/unifranz.edu.bo\/wp-content\/uploads\/2023\/05\/aaa-18x12.jpg 18w, https:\/\/unifranz.edu.bo\/wp-content\/uploads\/2023\/05\/aaa.jpg 1892w\" sizes=\"auto, (max-width: 375px) 100vw, 375px\" \/>\u00a0<img loading=\"lazy\" decoding=\"async\" class=\"alignnone  wp-image-132425\" src=\"https:\/\/unifranz.edu.bo\/wp-content\/uploads\/2023\/05\/ao-278x300.jpg\" alt=\"\" width=\"242\" height=\"261\" srcset=\"https:\/\/unifranz.edu.bo\/wp-content\/uploads\/2023\/05\/ao-278x300.jpg 278w, https:\/\/unifranz.edu.bo\/wp-content\/uploads\/2023\/05\/ao-949x1024.jpg 949w, https:\/\/unifranz.edu.bo\/wp-content\/uploads\/2023\/05\/ao-768x829.jpg 768w, https:\/\/unifranz.edu.bo\/wp-content\/uploads\/2023\/05\/ao-1423x1536.jpg 1423w, https:\/\/unifranz.edu.bo\/wp-content\/uploads\/2023\/05\/ao-11x12.jpg 11w, https:\/\/unifranz.edu.bo\/wp-content\/uploads\/2023\/05\/ao.jpg 1710w\" sizes=\"auto, (max-width: 242px) 100vw, 242px\" \/><\/p>\n<p><span style=\"color: #000000;\">Los estudiantes de la carrera de Administraci\u00f3n de Hoteler\u00eda y Turismo brindar\u00e1n su colaboraci\u00f3n en la log\u00edstica, desplaz\u00e1ndose por los distintos centros para atender y guiar a los visitantes. Algunos de los espacios donde estar\u00e1n son: Centro Cultural de la Fundaci\u00f3n Pati\u00f1o, Museo de la Telefon\u00eda de Cotas, Academia de Ciencia y Arte Metanoia, entre otros.<\/span><\/p>\n<p><span style=\"color: #000000;\">Javier Rivera, director de la carrera de Administraci\u00f3n de Hoteler\u00eda y Turismo de Unifranz, resalt\u00f3 la importancia de promover el talento y la cultura que hay en Santa Cruz: \u201cSomos una ciudad que respira cultura y que constantemente se va reinventando. A trav\u00e9s de la Larga Noche de Museos, podremos disfrutar del talento y las obras de los diferentes artistas que hay en la universidad y en la ciudad en general\u201d.<\/span><\/p>\n<p><span style=\"color: #000000;\"><strong>BlueBox dice presente en La Larga Noche de Museos<\/strong><\/span><\/p>\n<p><span style=\"color: #000000;\">El artista, curador y docente Unifranz, Eduardo BlueBox, confrontar\u00e1 al p\u00fablico con una experiencia silenciosa y profunda elaborada en el ex colegio Santa Ana, recordando las p\u00e9rdidas de familiares y amigos ocasionadas por la pandemia de Covid-19. La obra llamada \u201c2020\u201d, permitir\u00e1 al espectador, apreciar una arquitectura sombr\u00eda, acompa\u00f1ada de un retrato al \u00f3leo intervenido con carb\u00f3n vegetal y humano, que pertenec\u00eda a la madre del artista, la Sra. Irma Salvatierra.<\/span><\/p>\n<p><span style=\"color: #000000;\">\u201c2020\u201d es una muestra de arte conceptual in situ, que se destaca entre los diferentes espacios de exposici\u00f3n en el marco de la Feria MIRA de arte y dise\u00f1o. Estar\u00e1 con las puertas abiertas al p\u00fablico desde las 19:00 horas en el recorrido de la Larga Noche de Museos.<\/span><\/p>\n<p>&nbsp;<\/p>","protected":false},"excerpt":{"rendered":"<p>Ana Frank, fue una ni\u00f1a alemana con ascendencia jud\u00eda, junto a su familia vivi\u00f3 durante dos a\u00f1os ocult\u00e1ndose de los nazis en \u00c1msterdam. Cuando descubrieron su escondite, fueron llevados a distintos campos de concentraci\u00f3n alemanes. Ella muri\u00f3 de tifus a mediados de febrero de 1945, dos meses antes de que el campo fuera liberado. Su &hellip; <a href=\"https:\/\/unifranz.edu.bo\/pt\/blog\/unifranz-trae-la-casa-de-ana-frank-a-traves-de-realidad-virtual-en-la-larga-noche-de-museos\/\">Continued<\/a><\/p>","protected":false},"author":33,"featured_media":132420,"comment_status":"open","ping_status":"open","sticky":false,"template":"","format":"standard","meta":{"_acf_changed":false,"footnotes":""},"categories":[1996,1884,60,2314,2516,1862,2858,274,1782],"tags":[4446,4442,4448,4440,4444,1744],"class_list":["post-132411","post","type-post","status-publish","format-standard","has-post-thumbnail","hentry","category-administracion-de-hoteleria-y-turismo","category-arquitectura","category-blog","category-diseno-grafico","category-diseno-grafico-y-produccion-crossmedia","category-educacion","category-innovacion-en-educacion","category-santa-cruz","category-unifranz","tag-ana-frank","tag-arte-y-cultura","tag-casa-de-ana-frank","tag-larga-noche-de-museos","tag-realidad-virtual","tag-talento-unifranz"],"acf":[],"_links":{"self":[{"href":"https:\/\/unifranz.edu.bo\/pt\/wp-json\/wp\/v2\/posts\/132411","targetHints":{"allow":["GET"]}}],"collection":[{"href":"https:\/\/unifranz.edu.bo\/pt\/wp-json\/wp\/v2\/posts"}],"about":[{"href":"https:\/\/unifranz.edu.bo\/pt\/wp-json\/wp\/v2\/types\/post"}],"author":[{"embeddable":true,"href":"https:\/\/unifranz.edu.bo\/pt\/wp-json\/wp\/v2\/users\/33"}],"replies":[{"embeddable":true,"href":"https:\/\/unifranz.edu.bo\/pt\/wp-json\/wp\/v2\/comments?post=132411"}],"version-history":[{"count":1,"href":"https:\/\/unifranz.edu.bo\/pt\/wp-json\/wp\/v2\/posts\/132411\/revisions"}],"predecessor-version":[{"id":132426,"href":"https:\/\/unifranz.edu.bo\/pt\/wp-json\/wp\/v2\/posts\/132411\/revisions\/132426"}],"wp:featuredmedia":[{"embeddable":true,"href":"https:\/\/unifranz.edu.bo\/pt\/wp-json\/wp\/v2\/media\/132420"}],"wp:attachment":[{"href":"https:\/\/unifranz.edu.bo\/pt\/wp-json\/wp\/v2\/media?parent=132411"}],"wp:term":[{"taxonomy":"category","embeddable":true,"href":"https:\/\/unifranz.edu.bo\/pt\/wp-json\/wp\/v2\/categories?post=132411"},{"taxonomy":"post_tag","embeddable":true,"href":"https:\/\/unifranz.edu.bo\/pt\/wp-json\/wp\/v2\/tags?post=132411"}],"curies":[{"name":"wp","href":"https:\/\/api.w.org\/{rel}","templated":true}]}}