{"id":132406,"date":"2023-05-17T10:59:35","date_gmt":"2023-05-17T14:59:35","guid":{"rendered":"https:\/\/unifranz.edu.bo\/?p=132406"},"modified":"2023-05-17T10:59:35","modified_gmt":"2023-05-17T14:59:35","slug":"santa-cruz-la-vieja-la-historia-como-nunca-antes-fue-contada","status":"publish","type":"post","link":"https:\/\/unifranz.edu.bo\/pt\/blog\/santa-cruz-la-vieja-la-historia-como-nunca-antes-fue-contada\/","title":{"rendered":"Santa Cruz la Vieja, la historia como nunca antes fue contada"},"content":{"rendered":"<p><span style=\"color: #000000;\">San Jos\u00e9 de Chiquitos ahora tiene su museo llamado Santa Cruz la Vieja, un lugar donde los visitantes podr\u00e1n apreciar, conocer y descubrir m\u00e1s de la historia de la capital cruce\u00f1a. Fue inaugurado el 26 de febrero del 2023, fecha elegida en homenaje a la fundaci\u00f3n de Santa Cruz de la Sierra.<\/span><\/p>\n<p><span style=\"color: #000000;\">Santa Cruz la Vieja, ubicado en las afueras de San Jos\u00e9 de Chiquitos, orientar\u00e1 a los turistas nacionales e internacionales sobre la importancia hist\u00f3rica, cultural y social de esta zona de la regi\u00f3n oriental. En el lugar, se puede encontrar espacios ambientados a la \u00e9poca, paneles, objetos arqueol\u00f3gicos, mapas, esquemas y producciones audiovisuales.<\/span><\/p>\n<figure id=\"attachment_132408\" aria-describedby=\"caption-attachment-132408\" style=\"width: 1024px\" class=\"wp-caption alignnone\"><img loading=\"lazy\" decoding=\"async\" class=\"wp-image-132408 size-large\" src=\"https:\/\/unifranz.edu.bo\/wp-content\/uploads\/2023\/05\/DSC_0416-1024x626.jpg\" alt=\"\" width=\"1024\" height=\"626\" srcset=\"https:\/\/unifranz.edu.bo\/wp-content\/uploads\/2023\/05\/DSC_0416-1024x626.jpg 1024w, https:\/\/unifranz.edu.bo\/wp-content\/uploads\/2023\/05\/DSC_0416-300x183.jpg 300w, https:\/\/unifranz.edu.bo\/wp-content\/uploads\/2023\/05\/DSC_0416-768x469.jpg 768w, https:\/\/unifranz.edu.bo\/wp-content\/uploads\/2023\/05\/DSC_0416-1536x939.jpg 1536w, https:\/\/unifranz.edu.bo\/wp-content\/uploads\/2023\/05\/DSC_0416-2048x1252.jpg 2048w, https:\/\/unifranz.edu.bo\/wp-content\/uploads\/2023\/05\/DSC_0416-18x12.jpg 18w\" sizes=\"auto, (max-width: 1024px) 100vw, 1024px\" \/><figcaption id=\"caption-attachment-132408\" class=\"wp-caption-text\">Autoridades y directores de carrera de Unifranz Santa Cruz<\/figcaption><\/figure>\n<p><span style=\"color: #000000;\">El museo busca que el ciudadano pueda conocer a Santa Cruz de la Sierra desde sus inicios. Es un centro de interpretaci\u00f3n y de identidad, un espacio ideal para entender desde su fundaci\u00f3n hasta sus traslaciones. Ruddy Cu\u00e9llar, director del Centro para la Participaci\u00f3n y el Desarrollo Humano Sostenible (CEPAD), destac\u00f3 el acercamiento logrado con Unifranz.<\/span><\/p>\n<p><span style=\"color: #000000;\">\u00abEs importante que instituciones acad\u00e9micas como Unifranz, puedan contribuir a difundir nuestra historia en sus aulas y en proyectos educativos e investigativos. Adem\u00e1s, a trav\u00e9s de sus diferentes carreras, nos ayudar\u00e1n a mejorar y posicionar este sitio tan importante para la sociedad cruce\u00f1a, boliviana y de todo el mundo\u00bb, concluy\u00f3 Cu\u00e9llar.<\/span><\/p>\n<p><span style=\"color: #000000;\">Autoridades de la Universidad Franz Tamayo, Unifranz, visitaron las instalaciones de este importante sitio cultural y arqueol\u00f3gico. Carlos Perrog\u00f3n, decano acad\u00e9mico, resalt\u00f3 la importancia de promover los espacios que narren y tengan el objetivo de preservar la historia de Santa Cruz y Bolivia.<\/span><\/p>\n<p><span style=\"color: #000000;\">Por su parte, Javier Rivera, director de la carrera de Administraci\u00f3n de Hoteler\u00eda y Turismo de Unifranz Santa Cruz, se\u00f1al\u00f3 la importancia de conocer las ra\u00edces culturales: \u201cSan Jos\u00e9 de Chiquitos es la cuna de la cruce\u00f1idad, visitando el museo Santa Cruz la Vieja, se puede interpretar y entender de mejor manera c\u00f3mo se dio su fundaci\u00f3n y qui\u00e9nes fueron sus actores centrales. Es importante que conozcamos nuestras ra\u00edces, para entender c\u00f3mo surge Santa Cruz hasta lograr transformarse en lo que es hoy en d\u00eda\u201d.<\/span><\/p>\n<p><img loading=\"lazy\" decoding=\"async\" class=\"alignnone wp-image-132409 size-large\" src=\"https:\/\/unifranz.edu.bo\/wp-content\/uploads\/2023\/05\/DSC_0387-1024x704.jpg\" alt=\"\" width=\"1024\" height=\"704\" srcset=\"https:\/\/unifranz.edu.bo\/wp-content\/uploads\/2023\/05\/DSC_0387-1024x704.jpg 1024w, https:\/\/unifranz.edu.bo\/wp-content\/uploads\/2023\/05\/DSC_0387-300x206.jpg 300w, https:\/\/unifranz.edu.bo\/wp-content\/uploads\/2023\/05\/DSC_0387-768x528.jpg 768w, https:\/\/unifranz.edu.bo\/wp-content\/uploads\/2023\/05\/DSC_0387-1536x1056.jpg 1536w, https:\/\/unifranz.edu.bo\/wp-content\/uploads\/2023\/05\/DSC_0387-2048x1409.jpg 2048w, https:\/\/unifranz.edu.bo\/wp-content\/uploads\/2023\/05\/DSC_0387-18x12.jpg 18w\" sizes=\"auto, (max-width: 1024px) 100vw, 1024px\" \/><\/p>","protected":false},"excerpt":{"rendered":"<p>San Jos\u00e9 de Chiquitos ahora tiene su museo llamado Santa Cruz la Vieja, un lugar donde los visitantes podr\u00e1n apreciar, conocer y descubrir m\u00e1s de la historia de la capital cruce\u00f1a. Fue inaugurado el 26 de febrero del 2023, fecha elegida en homenaje a la fundaci\u00f3n de Santa Cruz de la Sierra. Santa Cruz la &hellip; <a href=\"https:\/\/unifranz.edu.bo\/pt\/blog\/santa-cruz-la-vieja-la-historia-como-nunca-antes-fue-contada\/\">Continued<\/a><\/p>","protected":false},"author":33,"featured_media":132407,"comment_status":"open","ping_status":"open","sticky":false,"template":"","format":"standard","meta":{"_acf_changed":false,"footnotes":""},"categories":[1996,1884,60,1782],"tags":[4432,4434,4430],"class_list":["post-132406","post","type-post","status-publish","format-standard","has-post-thumbnail","hentry","category-administracion-de-hoteleria-y-turismo","category-arquitectura","category-blog","category-unifranz","tag-museo-santa-cruz-la-vieja","tag-san-jose-de-chiquitos","tag-santa-cruz-la-vieja"],"acf":[],"_links":{"self":[{"href":"https:\/\/unifranz.edu.bo\/pt\/wp-json\/wp\/v2\/posts\/132406","targetHints":{"allow":["GET"]}}],"collection":[{"href":"https:\/\/unifranz.edu.bo\/pt\/wp-json\/wp\/v2\/posts"}],"about":[{"href":"https:\/\/unifranz.edu.bo\/pt\/wp-json\/wp\/v2\/types\/post"}],"author":[{"embeddable":true,"href":"https:\/\/unifranz.edu.bo\/pt\/wp-json\/wp\/v2\/users\/33"}],"replies":[{"embeddable":true,"href":"https:\/\/unifranz.edu.bo\/pt\/wp-json\/wp\/v2\/comments?post=132406"}],"version-history":[{"count":1,"href":"https:\/\/unifranz.edu.bo\/pt\/wp-json\/wp\/v2\/posts\/132406\/revisions"}],"predecessor-version":[{"id":132410,"href":"https:\/\/unifranz.edu.bo\/pt\/wp-json\/wp\/v2\/posts\/132406\/revisions\/132410"}],"wp:featuredmedia":[{"embeddable":true,"href":"https:\/\/unifranz.edu.bo\/pt\/wp-json\/wp\/v2\/media\/132407"}],"wp:attachment":[{"href":"https:\/\/unifranz.edu.bo\/pt\/wp-json\/wp\/v2\/media?parent=132406"}],"wp:term":[{"taxonomy":"category","embeddable":true,"href":"https:\/\/unifranz.edu.bo\/pt\/wp-json\/wp\/v2\/categories?post=132406"},{"taxonomy":"post_tag","embeddable":true,"href":"https:\/\/unifranz.edu.bo\/pt\/wp-json\/wp\/v2\/tags?post=132406"}],"curies":[{"name":"wp","href":"https:\/\/api.w.org\/{rel}","templated":true}]}}