{"id":132403,"date":"2023-05-17T10:46:14","date_gmt":"2023-05-17T14:46:14","guid":{"rendered":"https:\/\/unifranz.edu.bo\/?p=132403"},"modified":"2023-05-17T10:46:14","modified_gmt":"2023-05-17T14:46:14","slug":"salvador-kalavera-muestra-su-rebeldia-artistica-desde-el-muralismo","status":"publish","type":"post","link":"https:\/\/unifranz.edu.bo\/pt\/blog\/salvador-kalavera-muestra-su-rebeldia-artistica-desde-el-muralismo\/","title":{"rendered":"Salvador Kalavera muestra su rebeld\u00eda art\u00edstica desde el muralismo"},"content":{"rendered":"<div>\n<p><span style=\"color: #000000;\">Salvador Kalavera es un destacado artista boliviano que adopt\u00f3 el muralismo como una forma de expresi\u00f3n art\u00edstica de rebeld\u00eda y de protesta contra un sistema de producci\u00f3n art\u00edstica del cual no se sent\u00eda parte. Trabaja junto a un grupo de j\u00f3venes virtuosos y disruptivos.<\/span><\/p>\n<\/div>\n<div>\n<p><span style=\"color: #000000;\">\u201cEmpieza como una forma de rebeld\u00eda que nos ayud\u00f3 a m\u00ed y otros j\u00f3venes a mantenernos centrados en nuestros objetivos (\u2026).<strong>\u00a0Comenzamos pintando por la noche,<\/strong>\u00a0de inc\u00f3gnito e \u201cilegal\u201d, fue la forma de ir en contra del arte de un sistema del cual no nos sent\u00edamos parte\u201d, indica Kalavera. El artista participa de la primera muestra inmersiva de siete artistas bolivianos organizada por la Universidad Franz Tamayo, Unifranz, con motivo de la celebraci\u00f3n de sus 30 a\u00f1os de vida.<\/span><\/p>\n<\/div>\n<div>\n<p><span style=\"color: #000000;\">Kalavera recuerda que empez\u00f3 a pintar desde muy peque\u00f1o gracias al apoyo de su familia, que tambi\u00e9n son artistas.\u00a0 Con ellos puede compartir y experimentar procesos creativos particulares, a fin de lograr una retroalimentaci\u00f3n cr\u00edtica y positiva a su obra.<\/span><\/p>\n<\/div>\n<div>\n<p><span style=\"color: #000000;\"><strong>Concepto de un mural que no fue mural<\/strong><\/span><\/p>\n<\/div>\n<div>\n<p><span style=\"color: #000000;\">El boceto de un mural que refleja la cotidianidad de la Sede de Gobierno, pintado por el artista Salvador Kalavera, cobra vida en la primera muestra inmersiva de artistas nacionales e internacionales. La presentaci\u00f3n logr\u00f3 una excelente acogida en Santa Cruz de la Sierra y La Paz. Se apresta a deslumbrar a los cochabambinos a partir de este viernes, por el lapso de tres d\u00edas.<\/span><\/p>\n<\/div>\n<div>\n<p><span style=\"color: #000000;\">Kalavera (nombre art\u00edstico) indica que su intenci\u00f3n, al realizar un mural, es que la gente se identifique con la obra, que la vea y<strong>\u00a0la sienta como parte de su d\u00eda a d\u00eda,<\/strong>\u00a0cada vez que pasa cerca de la pared que la acoge.<\/span><\/p>\n<\/div>\n<div>\n<p><span style=\"color: #000000;\">\u201cHe tratado de juntar toda la cotidianidad de La Paz para hacer una obra completa y representativa de la ciudad, para que la gente se identifique al verla y aprecie cada uno de sus elementos como el majestuoso Illimani, la chola pace\u00f1a, la ciudad y lo ca\u00f3tica que es o el telef\u00e9rico, que lo puedes ver desde cualquier punto de la ciudad\u201d, indica el muralista.<\/span><\/p>\n<\/div>\n<div>\n<p><img decoding=\"async\" class=\"aligncenter\" src=\"https:\/\/static.eldeber.com.bo\/\/Files\/Sizes\/2023\/5\/16\/muestra-inmersiva_260487123_760x520.JPG\" \/><\/p>\n<\/div>\n<div>\n<div style=\"text-align: center;\"><span style=\"color: #000000;\"><i>Salvador Kalavera invita a los cochabambinos para que visiten la muestra inmersiva. Desde el viernes estar\u00e1 abierta<\/i><\/span><\/div>\n<\/div>\n<div><\/div>\n<div>\n<p><span style=\"color: #000000;\">La ilustraci\u00f3n fue trabajada por Kalavera en 2015 en el marco de una convocatoria de Mi Telef\u00e9rico, para celebrar el primer a\u00f1o de funcionamiento de la L\u00ednea Roja. El original consiste en un mural de gran formato dentro de una de sus estaciones.<\/span><\/p>\n<\/div>\n<div>\n<p><span style=\"color: #000000;\">La ilustraci\u00f3n intenta representar la<strong>\u00a0riqueza del sincretismo cultural boliviano<\/strong>; el choque constante de culturas que existe en la ciudad, a trav\u00e9s de elementos representativos como el Illimani y la chola, fusionados con el movimiento, los colores y las formas propias de esta nueva forma de representaci\u00f3n art\u00edstica: la inmersi\u00f3n. Adem\u00e1s, mezcla dos polos opuestos, es decir una ilustraci\u00f3n inerte con el movimiento de la animaci\u00f3n.<\/span><\/p>\n<\/div>\n<div>\n<p><span style=\"color: #000000;\">\u201cLamentablemente no fue seleccionada. Y no pude pintarla en gran formato. Pero se fue hasta Italia a una exposici\u00f3n colectiva. Creo que\u00a0<\/span><strong><span style=\"color: #000000;\">el<\/span> <span style=\"color: #000000;\">movimiento es parte representativa de esta ilustraci\u00f3n\u201d, indica\u00a0<\/span><\/strong><span style=\"color: #000000;\">el muralista.<\/span><\/p>\n<\/div>\n<div>\n<p><span style=\"color: #000000;\">Kalavera asegura que la t\u00e9cnica del mural, que es su especialidad, permite al artista<strong>\u00a0tener contacto con su entorno\u00a0<\/strong>y, al mismo tiempo, esperar que la ciudad y su gente se apropien de ella y la hagan parte suya; es decir que haya la fusi\u00f3n de dos mundos, de lo que es la ciudad y lo que es el imaginario de los j\u00f3venes.<\/span><\/p>\n<\/div>\n<div>\n<p><span style=\"color: #000000;\">\u201cEl arte urbano me llev\u00f3 a distintos lugares con perspectivas diferentes y experiencias enriquecedoras, como Estados Unidos, Italia y toda Am\u00e9rica Latina, pero principalmente me ha permitido realizar un viaje introspectivo, me ha hecho analizarme a m\u00ed mismo y a mi contexto (\u2026)\u201d, puntualiza.<\/span><\/p>\n<\/div>\n<div>\n<p><span style=\"color: #000000;\">Ver su obra en movimiento, como protagonista de la exposici\u00f3n inmersiva, es una experiencia \u00fanica e inolvidable, porque como artista trata de plasmar el movimiento en sus obras, pero que, al final, siempre termina siendo una obra est\u00e1tica. Es una experiencia genial ver la obra con ese dinamismo.<\/span><\/p>\n<p><iframe loading=\"lazy\" title=\"YouTube video player\" src=\"https:\/\/www.youtube.com\/embed\/QA7poDwO5R8\" width=\"560\" height=\"315\" frameborder=\"0\" allowfullscreen=\"allowfullscreen\"><\/iframe><\/p>\n<\/div>\n<div>\n<p><span style=\"color: #000000;\"><strong>Kalavera y su proyecci\u00f3n a futuro<\/strong><\/span><\/p>\n<\/div>\n<div>\n<p><span style=\"color: #000000;\">El muralista boliviano prev\u00e9 crecer un poco m\u00e1s para tratar de sumar con sus actividades a la gesti\u00f3n cultural en el pa\u00eds y consolidar que el movimiento art\u00edstico, est\u00e9 m\u00e1s abierto a recibir m\u00e1s gente, con renovados proyectos.<\/span><\/p>\n<\/div>\n<div>\n<p><span style=\"color: #000000;\">\u201c\u00c9se es mi objetivo m\u00e1s adelante. La idea es realizar m\u00e1s eventos para traer m\u00e1s artistas de todo el mundo a fin que la gente pueda tener otras experiencias y m\u00e1s visiones de otros lugares\u201d, dice.<\/span><\/p>\n<\/div>\n<div>\n<p><span style=\"color: #000000;\">Este viernes, por el lapso de tres d\u00edas, la muestra inmersiva abrir\u00e1 sus puertas al p\u00fablico cochabambino en instalaciones de la sede de Unifranz en la capital de valle, ubicadas en la avenida Villarroel esquina calle Portales. Siete artistas presentan sus obras en el marco de la muestra.<\/span><\/p>\n<\/div>","protected":false},"excerpt":{"rendered":"<p>Salvador Kalavera es un destacado artista boliviano que adopt\u00f3 el muralismo como una forma de expresi\u00f3n art\u00edstica de rebeld\u00eda y de protesta contra un sistema de producci\u00f3n art\u00edstica del cual no se sent\u00eda parte. Trabaja junto a un grupo de j\u00f3venes virtuosos y disruptivos. \u201cEmpieza como una forma de rebeld\u00eda que nos ayud\u00f3 a m\u00ed &hellip; <a href=\"https:\/\/unifranz.edu.bo\/pt\/blog\/salvador-kalavera-muestra-su-rebeldia-artistica-desde-el-muralismo\/\">Continued<\/a><\/p>","protected":false},"author":45,"featured_media":132404,"comment_status":"open","ping_status":"open","sticky":false,"template":"","format":"standard","meta":{"_acf_changed":false,"footnotes":""},"categories":[4232,60,1662,1862,1858,1708,2858,4420,1782,4234],"tags":[244,4340,4428,4426,4424,4422,242],"class_list":["post-132403","post","type-post","status-publish","format-standard","has-post-thumbnail","hentry","category-arte-inmersivo","category-blog","category-docentes","category-educacion","category-entrevista","category-innovacion","category-innovacion-en-educacion","category-muralismo","category-unifranz","category-unifranz-30-anos","tag-arte","tag-inmersion-unifranz","tag-inmesion","tag-muralismo","tag-rebeldia-artistica","tag-salvador-kalavera","tag-unifranz"],"acf":[],"_links":{"self":[{"href":"https:\/\/unifranz.edu.bo\/pt\/wp-json\/wp\/v2\/posts\/132403","targetHints":{"allow":["GET"]}}],"collection":[{"href":"https:\/\/unifranz.edu.bo\/pt\/wp-json\/wp\/v2\/posts"}],"about":[{"href":"https:\/\/unifranz.edu.bo\/pt\/wp-json\/wp\/v2\/types\/post"}],"author":[{"embeddable":true,"href":"https:\/\/unifranz.edu.bo\/pt\/wp-json\/wp\/v2\/users\/45"}],"replies":[{"embeddable":true,"href":"https:\/\/unifranz.edu.bo\/pt\/wp-json\/wp\/v2\/comments?post=132403"}],"version-history":[{"count":1,"href":"https:\/\/unifranz.edu.bo\/pt\/wp-json\/wp\/v2\/posts\/132403\/revisions"}],"predecessor-version":[{"id":132405,"href":"https:\/\/unifranz.edu.bo\/pt\/wp-json\/wp\/v2\/posts\/132403\/revisions\/132405"}],"wp:featuredmedia":[{"embeddable":true,"href":"https:\/\/unifranz.edu.bo\/pt\/wp-json\/wp\/v2\/media\/132404"}],"wp:attachment":[{"href":"https:\/\/unifranz.edu.bo\/pt\/wp-json\/wp\/v2\/media?parent=132403"}],"wp:term":[{"taxonomy":"category","embeddable":true,"href":"https:\/\/unifranz.edu.bo\/pt\/wp-json\/wp\/v2\/categories?post=132403"},{"taxonomy":"post_tag","embeddable":true,"href":"https:\/\/unifranz.edu.bo\/pt\/wp-json\/wp\/v2\/tags?post=132403"}],"curies":[{"name":"wp","href":"https:\/\/api.w.org\/{rel}","templated":true}]}}