{"id":132011,"date":"2023-05-13T11:29:51","date_gmt":"2023-05-13T15:29:51","guid":{"rendered":"https:\/\/unifranz.edu.bo\/?p=132011"},"modified":"2023-05-13T11:29:51","modified_gmt":"2023-05-13T15:29:51","slug":"muestra-inmersiva-en-la-paz-una-fusion-de-arte-cultura-tecnologia-y-creatividad","status":"publish","type":"post","link":"https:\/\/unifranz.edu.bo\/pt\/blog\/muestra-inmersiva-en-la-paz-una-fusion-de-arte-cultura-tecnologia-y-creatividad\/","title":{"rendered":"Muestra inmersiva en La Paz, una fusi\u00f3n de arte, cultura, tecnolog\u00eda y creatividad"},"content":{"rendered":"<p><span style=\"color: #000000;\">Una gigante estructura cil\u00edndrica armada en el atrio del Megacenter, en la zona de Irpavi, acoge la primera muestra inmersiva de siete artistas bolivianos en La Paz, que est\u00e1 abierta a todo p\u00fablico a partir de este viernes.<\/span><\/p>\n<p><span style=\"color: #000000;\">Se trata de una experiencia en la que las personas son absorbidas, durante 10 minutos, por un entorno virtual, construido con tecnolog\u00eda de punta, a trav\u00e9s de proyectores audiovisuales de alta gama y, donde las luces, el sonido y la tecnolog\u00eda apelan a los sentidos y sumergen a los asistentes en una experiencia \u00fanica e inolvidable.<\/span><\/p>\n<p><span style=\"color: #000000;\">En la inauguraci\u00f3n de la muestra, la rectora nacional de la Universidad Franz Tamayo, Unifranz, Ver\u00f3nica \u00c1greda de Pazos, Arq DESA, record\u00f3 que esta Casa de Estudios Superiores, desde que naci\u00f3 hace 30 a\u00f1os, ha estado a la vanguardia de la innovaci\u00f3n y la transformaci\u00f3n de la educaci\u00f3n en Bolivia, \u201ctransformando vidas y abriendo oportunidades a los j\u00f3venes profesionales\u201d.<\/span><\/p>\n<p><span style=\"color: #000000;\">La muestra inmersiva de siete artistas bolivianos fusiona ciencia, arte, cultura, creatividad y tecnolog\u00eda para dar vida a un momento de magia audiovisual que, sumada a la sensibilidad de los artistas plasmada en sus obras, logra despertar emociones y desafiar los l\u00edmites de la imaginaci\u00f3n, envolviendo al p\u00fablico asistente en un mundo de sensaciones inigualables.<\/span><\/p>\n<p><span style=\"color: #000000;\">\u201cLa magia sucede cuando una animaci\u00f3n 3D recupera la identidad cultural de una festividad; cuando la fotograf\u00eda pasa al video dron y muestra, desde otra perspectiva, \u00a0el patrimonio cultural; cuando el graffiti entiende el d\u00eda a d\u00eda de c\u00f3mo se mueve la ciudad y cu\u00e1les son los s\u00edmbolos que la representan (\u2026); cuando se crean mundos fant\u00e1sticos paralelos con seres que no existen en nuestro mundo, pero que, sin duda, existen en el imaginario o cuando empezamos a descubrir en otra escala la belleza de nuestra biodiversidad (\u2026)\u201d, agreg\u00f3 \u00c1greda.<\/span><\/p>\n<p><span style=\"color: #000000;\"><strong>Una experiencia sensorial en 360\u00b0<\/strong><strong>\u00a0<\/strong><\/span><\/p>\n<p><span style=\"color: #000000;\">La experiencia audiovisual en 360\u00b0 que brinda la muestra inmersiva al espectador es \u00fanica y, m\u00e1s all\u00e1 de las im\u00e1genes de las obras de los artistas, hay una propuesta de <em>mapping<\/em> 3D que genera emociones inexplicables.<\/span><\/p>\n<p><span style=\"color: #000000;\">Adem\u00e1s, el espacio en forma de cilindro ofrece a los asistentes, la libertad para disfrutar la muestra con la comodidad que quieran, ya sea sentados, echados en el piso o movi\u00e9ndose para encontrar el mejor \u00e1ngulo y vivir la experiencia.<\/span><\/p>\n<p><span style=\"color: #000000;\">La muestra inmersiva no es una historia convencional. No se trata de una pel\u00edcula guionizada, con un inicio, nudo y desenlace, sino es un collage de momentos que se van armando dentro de un tiempo determinado (10 minutos).<\/span><\/p>\n<p><span style=\"color: #000000;\">\u201cLo que hemos hecho ha sido presentar una serie de collage, dentro de la gama que ofrec\u00edan los artistas (\u2026). En el caso de la obra de Carolina Sanjin\u00e9s, le hicimos una fotograf\u00eda tridimensional; al mural de Salvador Kalavera, le pusimos animaci\u00f3n al boceto del mural. Del fot\u00f3grafo Kev Alem\u00e1n, elegimos las m\u00e1s adecuadas para el escenario 360\u00b0 (\u2026)\u201d, indic\u00f3 el productor general de la muestra, C\u00e9sar Mor\u00f3n.<\/span><\/p>\n<p><span style=\"color: #000000;\">Adentrarse en una experiencia inmersiva \u00fanica, donde el arte y la tecnolog\u00eda se fusionan en una sinfon\u00eda cautivadora, es como desplazarse en un universo de posibilidades que se despliega ante los ojos de los espectadores. \u00a0<\/span><\/p>\n<p><span style=\"color: #000000;\">En el caso de la muestra \u201cInmersi\u00f3n Unifranz\u201d, los media servers dan vida a im\u00e1genes y v\u00eddeos impresionantes, transportando al p\u00fablico a paisajes desconocidos y mundos imaginarios. Asimismo, la programaci\u00f3n meticulosa lo sumerge en una narrativa envolvente, donde cada escena se despliega en perfecta sincron\u00eda.<\/span><\/p>\n<p><span style=\"color: #000000;\">La puesta en escena es el lienzo en el que se plasma toda esta amalgama de tecnolog\u00eda y arte. Cada detalle fue meticulosamente pensado para sumergir al espectador en un mundo completamente nuevo, donde las barreras entre la realidad y la fantas\u00eda se desvanecen. \u00a0La experiencia inmersiva se eleva a niveles sofisticados, convirti\u00e9ndose en una sinfon\u00eda de est\u00edmulos que despiertan tus sentidos y te transportan a un viaje \u00fanico.<\/span><\/p>\n<p><span style=\"color: #000000;\">\u201cInmersi\u00f3n Unifranz\u201d es una interpelaci\u00f3n sensorial a los visitantes a partir de la obra de siete artistas bolivianos de talla y proyecci\u00f3n internacional: Kev Alem\u00e1n (video dron), Magenta Murillo (pintura), Carolina Sanjin\u00e9s (escultura bronce y madera), Daniel Alarc\u00f3n (foto), \u00c1ngel Rapu (animaci\u00f3n y dise\u00f1o 3D), Salvador Kalavera (grafiti) y Aar\u00f3n Maman Rendon (dise\u00f1o 3D).<\/span><\/p>\n<p><span style=\"color: #000000;\">La muestra instalada en La Paz est\u00e1 abierta a todo p\u00fablico por el lapso de tres d\u00edas, a partir de este viernes 12 de mayo. Este s\u00e1bado se la podr\u00e1 visitar entre las 11:00 y las 21:00 y el domingo, entre las 11:00 y las 19:00.<\/span><\/p>","protected":false},"excerpt":{"rendered":"<p>Una gigante estructura cil\u00edndrica armada en el atrio del Megacenter, en la zona de Irpavi, acoge la primera muestra inmersiva de siete artistas bolivianos en La Paz, que est\u00e1 abierta a todo p\u00fablico a partir de este viernes. Se trata de una experiencia en la que las personas son absorbidas, durante 10 minutos, por un &hellip; <a href=\"https:\/\/unifranz.edu.bo\/pt\/blog\/muestra-inmersiva-en-la-paz-una-fusion-de-arte-cultura-tecnologia-y-creatividad\/\">Continued<\/a><\/p>","protected":false},"author":45,"featured_media":132028,"comment_status":"open","ping_status":"open","sticky":false,"template":"","format":"standard","meta":{"_acf_changed":false,"footnotes":""},"categories":[60,2186,2516,2858,1782,4234],"tags":[4398,244,412,4388,4340,4334,218],"class_list":["post-132011","post","type-post","status-publish","format-standard","has-post-thumbnail","hentry","category-blog","category-carreras-es","category-diseno-grafico-y-produccion-crossmedia","category-innovacion-en-educacion","category-unifranz","category-unifranz-30-anos","tag-angel-rapu","tag-arte","tag-creatividad","tag-diseno-3d","tag-inmersion-unifranz","tag-muestra-inmersiva","tag-tecnologia"],"acf":[],"_links":{"self":[{"href":"https:\/\/unifranz.edu.bo\/pt\/wp-json\/wp\/v2\/posts\/132011","targetHints":{"allow":["GET"]}}],"collection":[{"href":"https:\/\/unifranz.edu.bo\/pt\/wp-json\/wp\/v2\/posts"}],"about":[{"href":"https:\/\/unifranz.edu.bo\/pt\/wp-json\/wp\/v2\/types\/post"}],"author":[{"embeddable":true,"href":"https:\/\/unifranz.edu.bo\/pt\/wp-json\/wp\/v2\/users\/45"}],"replies":[{"embeddable":true,"href":"https:\/\/unifranz.edu.bo\/pt\/wp-json\/wp\/v2\/comments?post=132011"}],"version-history":[{"count":1,"href":"https:\/\/unifranz.edu.bo\/pt\/wp-json\/wp\/v2\/posts\/132011\/revisions"}],"predecessor-version":[{"id":132029,"href":"https:\/\/unifranz.edu.bo\/pt\/wp-json\/wp\/v2\/posts\/132011\/revisions\/132029"}],"wp:featuredmedia":[{"embeddable":true,"href":"https:\/\/unifranz.edu.bo\/pt\/wp-json\/wp\/v2\/media\/132028"}],"wp:attachment":[{"href":"https:\/\/unifranz.edu.bo\/pt\/wp-json\/wp\/v2\/media?parent=132011"}],"wp:term":[{"taxonomy":"category","embeddable":true,"href":"https:\/\/unifranz.edu.bo\/pt\/wp-json\/wp\/v2\/categories?post=132011"},{"taxonomy":"post_tag","embeddable":true,"href":"https:\/\/unifranz.edu.bo\/pt\/wp-json\/wp\/v2\/tags?post=132011"}],"curies":[{"name":"wp","href":"https:\/\/api.w.org\/{rel}","templated":true}]}}