{"id":131949,"date":"2023-05-10T17:05:45","date_gmt":"2023-05-10T21:05:45","guid":{"rendered":"https:\/\/unifranz.edu.bo\/?p=131949"},"modified":"2023-05-10T17:05:45","modified_gmt":"2023-05-10T21:05:45","slug":"estudiantes-de-bioquimica-y-farmacia-brindaron-charlas-informativas-en-cotoca","status":"publish","type":"post","link":"https:\/\/unifranz.edu.bo\/pt\/blog\/estudiantes-de-bioquimica-y-farmacia-brindaron-charlas-informativas-en-cotoca\/","title":{"rendered":"Estudiantes de Bioqu\u00edmica y Farmacia brindaron charlas informativas en Cotoca"},"content":{"rendered":"<p><span style=\"color: #000000;\">Estudiantes de Bioqu\u00edmica y Farmacia realizaron una feria de salud did\u00e1ctica e informativa para personas con discapacidad en Cotoca, municipio que pertenece al departamento cruce\u00f1o. Esta actividad estuvo organizada por la Universidad Franz Tamayo, Unifranz, la Secretar\u00eda Municipal de Salud de Cotoca y la Agencia de Cooperaci\u00f3n Internacional de Corea.<\/span><\/p>\n<p><span style=\"color: #000000;\">El objetivo de esta feria informativa, es contribuir a mejorar el bienestar de la comunidad, a trav\u00e9s de l\u00edneas de acci\u00f3n preventiva, mediante el desarrollo de competencias para favorecer estilos de vida saludable, brindando informaci\u00f3n sobre patolog\u00edas prevalentes, promoviendo y fortaleciendo la educaci\u00f3n y prevenci\u00f3n.<\/span><\/p>\n<p><span style=\"color: #000000;\">En el acto de inauguraci\u00f3n, Ra\u00fal Alvis Claudio, alcalde de Cotoca, agradeci\u00f3 a Unifranz, por su importante labor realizada en el Centro de Rehabilitaci\u00f3n para Personas con Discapacidad &#8211; Cotoca: \u201cQuedo muy agradecido con la Universidad Franz Tamayo y sus estudiantes, por su coraz\u00f3n solidario y la alegr\u00eda que nos han tra\u00eddo a nuestro municipio\u201d.<\/span><\/p>\n<p><span style=\"color: #000000;\">Por su parte, Enrique Guzm\u00e1n, docente de la carrera de Bioqu\u00edmica y Farmacia de Unifranz Santa Cruz, indic\u00f3 que estas actividades fortalecen la formaci\u00f3n acad\u00e9mica de los futuros profesionales de la salud. Adem\u00e1s, resalt\u00f3 la importancia de tener interacci\u00f3n con la comunidad en la etapa universitaria.<\/span><\/p>\n<p><span style=\"color: #000000;\">\u201cEl desarrollo de esta actividad, permite sentar las bases de una educaci\u00f3n para el autocuidado de la salud en la comunidad universitaria, a trav\u00e9s de la comprensi\u00f3n del funcionamiento de los distintos aparatos y sistemas en el cuerpo humano. Aplicando la metodolog\u00eda Aprende Haciendo, los estudiantes colaboran a la poblaci\u00f3n con lo aprendido en el aula\u201d, se\u00f1al\u00f3 Guzm\u00e1n.<\/span><\/p>\n<p><span style=\"color: #000000;\">Se desarrollaron distintas actividades did\u00e1cticas donde los asistentes participaron y compartieron junto a la comunidad universitaria. Las familias disfrutaron de los juegos, refrigerios y stands informativos.<\/span><\/p>\n<p><img loading=\"lazy\" decoding=\"async\" class=\"alignnone wp-image-131945 size-full\" src=\"https:\/\/unifranz.edu.bo\/wp-content\/uploads\/2023\/05\/IMG-20230510-WA0048.jpg\" alt=\"\" width=\"960\" height=\"720\" srcset=\"https:\/\/unifranz.edu.bo\/wp-content\/uploads\/2023\/05\/IMG-20230510-WA0048.jpg 960w, https:\/\/unifranz.edu.bo\/wp-content\/uploads\/2023\/05\/IMG-20230510-WA0048-300x225.jpg 300w, https:\/\/unifranz.edu.bo\/wp-content\/uploads\/2023\/05\/IMG-20230510-WA0048-768x576.jpg 768w, https:\/\/unifranz.edu.bo\/wp-content\/uploads\/2023\/05\/IMG-20230510-WA0048-16x12.jpg 16w\" sizes=\"auto, (max-width: 960px) 100vw, 960px\" \/><\/p>","protected":false},"excerpt":{"rendered":"<p>Estudiantes de Bioqu\u00edmica y Farmacia realizaron una feria de salud did\u00e1ctica e informativa para personas con discapacidad en Cotoca, municipio que pertenece al departamento cruce\u00f1o. Esta actividad estuvo organizada por la Universidad Franz Tamayo, Unifranz, la Secretar\u00eda Municipal de Salud de Cotoca y la Agencia de Cooperaci\u00f3n Internacional de Corea. El objetivo de esta feria &hellip; <a href=\"https:\/\/unifranz.edu.bo\/pt\/blog\/estudiantes-de-bioquimica-y-farmacia-brindaron-charlas-informativas-en-cotoca\/\">Continued<\/a><\/p>","protected":false},"author":33,"featured_media":131952,"comment_status":"open","ping_status":"open","sticky":false,"template":"","format":"standard","meta":{"_acf_changed":false,"footnotes":""},"categories":[2576,2110,60,2112,2858,1782],"tags":[888,4382,4384,3624],"class_list":["post-131949","post","type-post","status-publish","format-standard","has-post-thumbnail","hentry","category-unifranz-santa-cruz","category-bioquimica-y-farmacia-es","category-blog","category-feria-de-salud","category-innovacion-en-educacion","category-unifranz","tag-bioquimica-y-farmacia-es","tag-cotoca","tag-servicio-social","tag-unifranz-santa-cruz"],"acf":[],"_links":{"self":[{"href":"https:\/\/unifranz.edu.bo\/pt\/wp-json\/wp\/v2\/posts\/131949","targetHints":{"allow":["GET"]}}],"collection":[{"href":"https:\/\/unifranz.edu.bo\/pt\/wp-json\/wp\/v2\/posts"}],"about":[{"href":"https:\/\/unifranz.edu.bo\/pt\/wp-json\/wp\/v2\/types\/post"}],"author":[{"embeddable":true,"href":"https:\/\/unifranz.edu.bo\/pt\/wp-json\/wp\/v2\/users\/33"}],"replies":[{"embeddable":true,"href":"https:\/\/unifranz.edu.bo\/pt\/wp-json\/wp\/v2\/comments?post=131949"}],"version-history":[{"count":1,"href":"https:\/\/unifranz.edu.bo\/pt\/wp-json\/wp\/v2\/posts\/131949\/revisions"}],"predecessor-version":[{"id":131954,"href":"https:\/\/unifranz.edu.bo\/pt\/wp-json\/wp\/v2\/posts\/131949\/revisions\/131954"}],"wp:featuredmedia":[{"embeddable":true,"href":"https:\/\/unifranz.edu.bo\/pt\/wp-json\/wp\/v2\/media\/131952"}],"wp:attachment":[{"href":"https:\/\/unifranz.edu.bo\/pt\/wp-json\/wp\/v2\/media?parent=131949"}],"wp:term":[{"taxonomy":"category","embeddable":true,"href":"https:\/\/unifranz.edu.bo\/pt\/wp-json\/wp\/v2\/categories?post=131949"},{"taxonomy":"post_tag","embeddable":true,"href":"https:\/\/unifranz.edu.bo\/pt\/wp-json\/wp\/v2\/tags?post=131949"}],"curies":[{"name":"wp","href":"https:\/\/api.w.org\/{rel}","templated":true}]}}