{"id":131781,"date":"2023-05-05T18:27:58","date_gmt":"2023-05-05T22:27:58","guid":{"rendered":"https:\/\/unifranz.edu.bo\/?p=131781"},"modified":"2024-09-24T13:02:17","modified_gmt":"2024-09-24T17:02:17","slug":"unifranz-30-anos-de-transformar-vidas-desde-la-educacion","status":"publish","type":"post","link":"https:\/\/unifranz.edu.bo\/pt\/blog\/unifranz-30-anos-de-transformar-vidas-desde-la-educacion\/","title":{"rendered":"Unifranz, 30 a\u00f1os de transformar vidas desde la educaci\u00f3n"},"content":{"rendered":"<p><span style=\"font-weight: 400; color: #000000;\">Con la inauguraci\u00f3n de la primera muestra de arte inmersivo de 7 artistas nacionales, la Universidad Franz Tamayo, Unifranz, celebr\u00f3 el pasado jueves, 30 a\u00f1os de transformar la educaci\u00f3n, cambiar vidas y brindar oportunidades a miles de nuevos profesionales disruptivos, con proyecci\u00f3n internacional.\u00a0<\/span><\/p>\n<p><span style=\"font-weight: 400; color: #000000;\">Durante el acto central, la rectora nacional de Unifranz, Ver\u00f3nica \u00c1greda, asegur\u00f3 que los miles de estudiantes que pasan por sus aulas en las sedes de Cochabamba, El Alto, La Paz y Santa Cruz, son el mejor regalo en estos 30 a\u00f1os de vida porque son fuente de inspiraci\u00f3n para m\u00e1s de 300 colaboradores que, d\u00eda a d\u00eda, trabajan en el prop\u00f3sito de abrir nuevos caminos para la juventud.<\/span><\/p>\n<p><span style=\"font-weight: 400; color: #000000;\">\u201cHace unos d\u00edas, tuve una charla con Guillermo Tito, nuestro estudiante de Dise\u00f1o Gr\u00e1fico y Producci\u00f3n Crossmedia, quien dise\u00f1\u00f3 un logo por los 30 a\u00f1os de la universidad. En esa oportunidad, Tito me dijo que Unifranz le cambi\u00f3 la vida, le abri\u00f3 oportunidades y lo conect\u00f3 al mundo (\u2026). Qu\u00e9 regocijo saber que estos brazos inquebrantables y esenciales son de nuestros estudiantes\u201d, dijo la Rectora.<\/span><\/p>\n<p><span style=\"font-weight: 400; color: #000000;\">La celebraci\u00f3n de los 30 a\u00f1os de Unifranz arranc\u00f3 en la ciudad de Santa Cruz con un acto protocolar, la muestra inmersiva de artistas nacionales y un vino de honor en el que participaron autoridades locales y departamentales, cuerpo diplom\u00e1tico y consular, artistas nacionales, autoridades universitarias e invitados especiales.<\/span><\/p>\n<p><span style=\"color: #000000;\"><b>Se vienen nuevos desaf\u00edos<\/b><\/span><\/p>\n<p><span style=\"font-weight: 400; color: #000000;\">En una retrospectiva a estos 30 a\u00f1os, el presidente del Directorio de Unifranz, Oscar \u00c1greda, evidenci\u00f3 lo lejos que lleg\u00f3 la universidad en la formaci\u00f3n de nuevos profesionales y en cambiar la vida de miles de j\u00f3venes.\u00a0<\/span><\/p>\n<p><span style=\"font-weight: 400; color: #000000;\">\u201cUnifranz no solamente ha logrado un crecimiento impresionante, sino tambi\u00e9n un impacto positivo al transformar la vida de muchas personas. Celebramos no s\u00f3lo los logros de la universidad, sino tambi\u00e9n a las personas que han trabajado arduamente para hacer de esta instituci\u00f3n lo que es hoy en d\u00eda. Desde sus fundadores que visionaron en dejar una sociedad cada vez mejor, hasta sus colaboradores que tienen el prop\u00f3sito de transformar la educaci\u00f3n\u201d, puntualiz\u00f3.<\/span><\/p>\n<p><span style=\"font-weight: 400; color: #000000;\">A lo largo de los a\u00f1os \u2013seg\u00fan \u00c1greda\u2013 la universidad ha tenido \u00e9xito y ha superado desaf\u00edos, desde la construcci\u00f3n de nuevas instalaciones, la puesta en marcha de programas innovadores y tecnol\u00f3gicos y la transformaci\u00f3n de la misma universidad con el apoyo de su comunidad universitaria, sus colaboradores y aliados estrat\u00e9gicos globales.<\/span><\/p>\n<p><span style=\"color: #000000;\"><span style=\"font-weight: 400;\">El <\/span><i><span style=\"font-weight: 400;\">World Economic Forum<\/span><\/i><span style=\"font-weight: 400;\"> identific\u00f3 la brecha de habilidades como un desaf\u00edo importante para la regi\u00f3n y muchos empleadores indican que tienen dificultad para encontrar l\u00edderes y colaboradores con habilidades necesarias para solucionar los desaf\u00edos actuales de la sociedad.\u00a0<\/span><\/span><\/p>\n<p><span style=\"font-weight: 400; color: #000000;\">La innovaci\u00f3n educativa implementada por Unifranz es una respuesta a ese desaf\u00edo global para que la educaci\u00f3n sea cada vez m\u00e1s relevante y as\u00ed brindar a las futuras generaciones herramientas para enfrentar los desaf\u00edos de la sociedad y tener \u00e9xito en un mundo cambiante, tecnol\u00f3gico y competitivo.\u00a0<\/span><\/p>\n<p><span style=\"font-weight: 400; color: #000000;\">\u201cAl mirar hacia el futuro, podemos estar seguros que nuestra universidad seguir\u00e1 siendo un faro de educaci\u00f3n y liderazgo en nuestra comunidad\u201d, puntualiz\u00f3.<\/span><\/p>\n<p><iframe loading=\"lazy\" title=\"YouTube video player\" src=\"https:\/\/www.youtube.com\/embed\/LmyXUUqdSn8\" width=\"560\" height=\"315\" frameborder=\"0\" allowfullscreen=\"allowfullscreen\"><\/iframe><\/p>\n<p><span style=\"color: #000000;\"><b>Unifranz naci\u00f3 de un sue\u00f1o<\/b><\/span><\/p>\n<p><span style=\"font-weight: 400; color: #000000;\">\u201cLa Universidad Franz Tamayo naci\u00f3 de un sue\u00f1o que compartimos con mi esposa y que vino despu\u00e9s de una reflexi\u00f3n de la vida que est\u00e1bamos pasando en ese momento en Bolivia. Ten\u00edamos dos opciones: ser espectadores o ser protagonistas. Decidimos por la econom\u00eda del conocimiento\u201d, record\u00f3 Abel \u00c1greda, fundador de Unifranz, junto con su esposa Celsa Nogales.<\/span><\/p>\n<p><span style=\"font-weight: 400; color: #000000;\">\u00bfPor qu\u00e9 invertir en educaci\u00f3n? Porque es lo m\u00e1s importante que debe existir en cada sociedad. Hoy no se puede concebir un pa\u00eds sin educaci\u00f3n y su fuerza para cambiar a las personas y naciones.<\/span><\/p>\n<p><span style=\"font-weight: 400; color: #000000;\">Finalmente, Carlos Dabdoub, vicerrector de Unifranz en Santa Cruz, record\u00f3 que el 4 de mayo de 1993 dos personas visionarias iniciaron una traves\u00eda y se embarcaron en un mar de conocimientos que hoy se llama Unifranz.<\/span><\/p>\n<p><span style=\"font-weight: 400; color: #000000;\">\u201cGuardamos la esperanza que, en el futuro, podamos desarrollar un mejor pa\u00eds. Cada vez que uno cumple a\u00f1os, siempre mira por el retrovisor las cosas que hizo, las que no hizo o las que no tuvieron \u00e9xito. Hemos pasado por embates muy duros, pero la pasi\u00f3n y el trabajo en equipo que tiene Unifranz le permiti\u00f3 encontrar nuevos derroteros\u201d, indic\u00f3.<\/span><\/p>\n<p><span style=\"color: #000000;\"><b>\u201c\u00danica y fascinante\u201d: primera muestra inmersiva de artistas\u00a0<\/b><\/span><\/p>\n<p><span style=\"font-weight: 400; color: #000000;\">Unifranz es una instituci\u00f3n disruptiva no solo en educaci\u00f3n sino en cada una de las actividades que encara. En ese marco, sus autoridades se desafiaron a celebrar sus 30 a\u00f1os, con un evento \u00fanico e innovador, a trav\u00e9s de la primera muestra \u201cInmersi\u00f3n Unifranz\u201d, que dio vida a las obras de siete artistas nacionales.<\/span><\/p>\n<p><span style=\"font-weight: 400; color: #000000;\">Kev Alem\u00e1n (video dron), Magenta Murillo (pintura), Carolina Sanjin\u00e9s (escultura bronce y madera), Daniel Alarc\u00f3n (fotogr\u00e1fica), \u00c1ngel Rapu (dise\u00f1o 3D), Salvador Calavera (graffiti) y Aar\u00f3n Maman Rendon (dise\u00f1o 3D) son parte del proyecto itinerante que arranc\u00f3 en Santa Cruz.<\/span><\/p>\n<p><span style=\"font-weight: 400; color: #000000;\">Carolina Sanjin\u00e9s, cuya obra forma parte del proyecto, asegur\u00f3 que la muestra es una \u201cexperiencia extraordinaria y conmovedora de color, sonido y movimiento\u201d. Por su parte, la artista Magenta Murillo, invit\u00f3 a la poblaci\u00f3n a visitarla porque \u201chay que llenarse de cosas maravillosas en este mundo\u201d.<\/span><\/p>\n<p><span style=\"font-weight: 400; color: #000000;\">La muestra inmersiva es itinerante. Este jueves empez\u00f3 en las instalaciones de la sede de Unifranz en Santa Cruz y durar\u00e1 hasta el domingo 7; luego visitar\u00e1 La Paz, entre el 11 y 14 de este mes; y culminar\u00e1 en Cochabamba entre el 18 y el 21. La exposici\u00f3n estar\u00e1 abierta a todo el p\u00fablico.\u00a0<\/span><\/p>\n<p><img loading=\"lazy\" decoding=\"async\" class=\"wp-image-131783 aligncenter\" src=\"https:\/\/unifranz.edu.bo\/wp-content\/uploads\/2023\/05\/POST-FOTO-CITA-30-A\u00d1OS-copia-04-1-300x300.png\" alt=\"\" width=\"762\" height=\"762\" srcset=\"https:\/\/unifranz.edu.bo\/wp-content\/uploads\/2023\/05\/POST-FOTO-CITA-30-A\u00d1OS-copia-04-1-300x300.png 300w, https:\/\/unifranz.edu.bo\/wp-content\/uploads\/2023\/05\/POST-FOTO-CITA-30-A\u00d1OS-copia-04-1-1024x1024.png 1024w, https:\/\/unifranz.edu.bo\/wp-content\/uploads\/2023\/05\/POST-FOTO-CITA-30-A\u00d1OS-copia-04-1-768x768.png 768w, https:\/\/unifranz.edu.bo\/wp-content\/uploads\/2023\/05\/POST-FOTO-CITA-30-A\u00d1OS-copia-04-1-1536x1536.png 1536w, https:\/\/unifranz.edu.bo\/wp-content\/uploads\/2023\/05\/POST-FOTO-CITA-30-A\u00d1OS-copia-04-1-2048x2048.png 2048w, https:\/\/unifranz.edu.bo\/wp-content\/uploads\/2023\/05\/POST-FOTO-CITA-30-A\u00d1OS-copia-04-1-12x12.png 12w\" sizes=\"auto, (max-width: 762px) 100vw, 762px\" \/><\/p>","protected":false},"excerpt":{"rendered":"<p>Con la inauguraci\u00f3n de la primera muestra de arte inmersivo de 7 artistas nacionales, la Universidad Franz Tamayo, Unifranz, celebr\u00f3 el pasado jueves, 30 a\u00f1os de transformar la educaci\u00f3n, cambiar vidas y brindar oportunidades a miles de nuevos profesionales disruptivos, con proyecci\u00f3n internacional.\u00a0 Durante el acto central, la rectora nacional de Unifranz, Ver\u00f3nica \u00c1greda, asegur\u00f3 &hellip; <a href=\"https:\/\/unifranz.edu.bo\/pt\/blog\/unifranz-30-anos-de-transformar-vidas-desde-la-educacion\/\">Continued<\/a><\/p>","protected":false},"author":45,"featured_media":131782,"comment_status":"open","ping_status":"open","sticky":false,"template":"","format":"standard","meta":{"_acf_changed":false,"footnotes":""},"categories":[60],"tags":[],"class_list":["post-131781","post","type-post","status-publish","format-standard","has-post-thumbnail","hentry","category-blog"],"acf":[],"_links":{"self":[{"href":"https:\/\/unifranz.edu.bo\/pt\/wp-json\/wp\/v2\/posts\/131781","targetHints":{"allow":["GET"]}}],"collection":[{"href":"https:\/\/unifranz.edu.bo\/pt\/wp-json\/wp\/v2\/posts"}],"about":[{"href":"https:\/\/unifranz.edu.bo\/pt\/wp-json\/wp\/v2\/types\/post"}],"author":[{"embeddable":true,"href":"https:\/\/unifranz.edu.bo\/pt\/wp-json\/wp\/v2\/users\/45"}],"replies":[{"embeddable":true,"href":"https:\/\/unifranz.edu.bo\/pt\/wp-json\/wp\/v2\/comments?post=131781"}],"version-history":[{"count":5,"href":"https:\/\/unifranz.edu.bo\/pt\/wp-json\/wp\/v2\/posts\/131781\/revisions"}],"predecessor-version":[{"id":131793,"href":"https:\/\/unifranz.edu.bo\/pt\/wp-json\/wp\/v2\/posts\/131781\/revisions\/131793"}],"wp:featuredmedia":[{"embeddable":true,"href":"https:\/\/unifranz.edu.bo\/pt\/wp-json\/wp\/v2\/media\/131782"}],"wp:attachment":[{"href":"https:\/\/unifranz.edu.bo\/pt\/wp-json\/wp\/v2\/media?parent=131781"}],"wp:term":[{"taxonomy":"category","embeddable":true,"href":"https:\/\/unifranz.edu.bo\/pt\/wp-json\/wp\/v2\/categories?post=131781"},{"taxonomy":"post_tag","embeddable":true,"href":"https:\/\/unifranz.edu.bo\/pt\/wp-json\/wp\/v2\/tags?post=131781"}],"curies":[{"name":"wp","href":"https:\/\/api.w.org\/{rel}","templated":true}]}}