{"id":127901,"date":"2023-04-24T18:50:10","date_gmt":"2023-04-24T22:50:10","guid":{"rendered":"https:\/\/unifranz.edu.bo\/?p=127901"},"modified":"2023-04-24T18:50:10","modified_gmt":"2023-04-24T22:50:10","slug":"vacunacion-la-inmunizacion-busca-preservar-la-vida","status":"publish","type":"post","link":"https:\/\/unifranz.edu.bo\/pt\/blog\/vacunacion-la-inmunizacion-busca-preservar-la-vida\/","title":{"rendered":"Vacunaci\u00f3n, la inmunizaci\u00f3n busca preservar la vida"},"content":{"rendered":"<div class=\"toolbar\">\n<div class=\"addthis_inline_share_toolbox\" data-url=\"https:\/\/eldeber.com.bo\/educacion-y-sociedad\/vacunacion-la-inmunizacion-busca-preservar-la-vida_322763\" data-title=\"Vacunaci\u00f3n, la inmunizaci\u00f3n busca preservar la vida  \" data-description=\"Max Enr\u00edquez, jefe Nacional del Programa Ampliado de Inmunizaci\u00f3n (PAI), hace un llamado a los padres para &quot;recuperar las coberturas de vacunaci\u00f3n&quot;\">\n<div id=\"atstbx\" class=\"at-resp-share-element at-style-responsive addthis-smartlayers addthis-animated at4-show\" role=\"region\" aria-labelledby=\"at-39dbb200-dda4-4bef-9145-604ec1f7aa5f\">\n<div class=\"at-share-btn-elements\"><span style=\"letter-spacing: 0.02em; color: #000000;\">\u201cPonte al d\u00eda, cada vacuna cuenta\u201d, es el lema y llamado de la 21\u00ba Semana de Vacunaci\u00f3n en las Am\u00e9ricas (SVA), que se lleva a cabo hasta el 29 de abril de 2023. La iniciativa corresponde a la Organizaci\u00f3n Panamericana de la Salud (OPS) y suma a varios pa\u00edses de las Am\u00e9ricas.<\/span><\/div>\n<\/div>\n<\/div>\n<\/div>\n<div>\n<p><span style=\"color: #000000;\">Griselda Vargas, directora de la carrera de medicina de la Universidad Franz Tamayo, Unifranz, resalta la importancia de las vacunas por sus<strong>\u00a0m\u00faltiples beneficios<\/strong>\u00a0y su contribuci\u00f3n al control de diferentes enfermedades virales,\u00a0<strong>especialmente en los ni\u00f1os.<\/strong><\/span><\/p>\n<\/div>\n<div>\n<p><span style=\"color: #000000;\">\u201cLas vacunas son la mejor opci\u00f3n de\u00a0<strong>prevenci\u00f3n de enfermedades\u00a0<\/strong>como la poliomielitis, el sarampi\u00f3n, la rub\u00e9ola (\u2026) Las poblaciones que recibieron vacunas,\u00a0<strong>disminuyen la mortalidad y mejoran la calidad de vida\u00a0<\/strong>de los ni\u00f1os\u201d, indica Vargas.<\/span><\/p>\n<div>\n<p><span style=\"color: #000000;\">En Bolivia, los servicios departamentales de Salud comenzaron distintas campa\u00f1as de inmunizaci\u00f3n en contra del sarampi\u00f3n, la poliomielitis y el Virus del Papiloma Humano (VPH), entre otras enfermedades inmuno prevenibles y altamente contagiosas.<\/span><\/p>\n<\/div>\n<div>\n<p><span style=\"color: #000000;\">Max Enr\u00edquez, jefe Nacional del Programa Ampliado de Inmunizaci\u00f3n (PAI), hace un llamado a los padres de familia para que acudan a la campa\u00f1a: \u201cel prop\u00f3sito es\u00a0<strong>recuperar las coberturas de vacunaci\u00f3n<\/strong>\u00a0y obtener la certificaci\u00f3n (de libre) de polio y sarampi\u00f3n\u201d.<\/span><\/p>\n<\/div>\n<div>\n<p><span style=\"color: #000000;\">Sin embargo, la percepci\u00f3n positiva de los beneficios de las vacunas no es una opini\u00f3n global. En los \u00faltimos a\u00f1os, se ha visto el surgimiento de diferentes movimientos sociales denominados \u201c<strong>antivacunas<\/strong>\u201d. Usan argumentos cient\u00edficos que\u00a0<strong>se\u00f1alan de antinatural a este proceso m\u00e9dico<\/strong>, atribuy\u00e9ndole una supuesta aparici\u00f3n de trastornos y enfermedades como el autismo en ni\u00f1os.<\/span><\/p>\n<div>\n<p><span style=\"color: #000000;\">Para Vargas, es necesaria una comparaci\u00f3n de beneficios y riesgos de las vacunas en la poblaci\u00f3n. Reconoce que algunas personas muestran \u00abpredisposici\u00f3n e hipersensibilidad lo que provoca el da\u00f1o org\u00e1nico, pero hablamos de millones de personas beneficiadas versus una o dos personas que tengan hipersensibilidad\u201d.<\/span><\/p>\n<\/div>\n<div>\n<p><span style=\"color: #000000;\">Seg\u00fan el Fondo de las Naciones Unidas para la Infancia, Unicef,\u00a0<strong>las vacunas salvan de 2 a 3 millones de vidas<\/strong>\u00a0cada a\u00f1o. \u201cSon esenciales para protegernos a nosotros mismos y a nuestras comunidades\u201d, refiere el informe.<\/span><\/p>\n<div>\n<p><span style=\"color: #000000;\">Las vacunas se aplican durante la infancia para proteger a los ni\u00f1os contra enfermedades graves y mortales. Estimula defensas naturales del organismo, prepar\u00e1ndose para<strong>\u00a0combatir enfermedades de manera\u00a0 r\u00e1pida y efectiva.<\/strong><\/span><\/p>\n<\/div>\n<div>\n<p><span style=\"color: #000000;\">Las instituciones de salud persiguen una \u00abinmunidad colectiva\u00bb. Las campa\u00f1as de vacunaci\u00f3n tienen como prop\u00f3sito expandir la cobertura a la mayor cantidad de personas y garantizar, de ese modo, dicha inmunidad.<\/span><\/p>\n<\/div>\n<div>\n<p><span style=\"color: #000000;\">Tedros Adhanom Ghebreyesus, director de la OMS, considera que el 2023 podr\u00eda ser el a\u00f1o en el que se declare el fin de la emergencia por Covid-19 en el mundo.\u00a0\u00a0Estados Unidos determin\u00f3 por ley poner fin a la emergencia nacional por el virus Covid-19, hace unos d\u00edas.<\/span><\/p>\n<\/div>\n<div>\n<p><span style=\"color: #000000;\">Seg\u00fan datos de la OMS, un aproximado de<strong>\u00a023 millones de ni\u00f1os no recibieron sus vacunas<\/strong>\u00a0esenciales a trav\u00e9s de los servicios de inmunizaci\u00f3n de rutina a nivel global producto del aislamiento en la pandemia, mismos que\u00a0<strong>corren el riesgo de contraer enfermedades<\/strong>\u00a0controlables, por ello urge desde los estados priorizar campa\u00f1as de concientizaci\u00f3n.\u00a0\u00a0<\/span><\/p>\n<div>\n<p style=\"text-align: center;\"><img decoding=\"async\" src=\"https:\/\/static.eldeber.com.bo\/\/Files\/Sizes\/2023\/4\/24\/vacunacin_1638808393_760x520.jpg\" \/><\/p>\n<\/div>\n<div>\n<div style=\"text-align: center;\"><span style=\"color: #000000;\"><i>Los esquemas de vacunaci\u00f3n tratan de garantizar la inmunidad colectiva<\/i><\/span><\/div>\n<\/div>\n<div>\n<div>\n<p><span style=\"color: #000000;\"><strong>Las vacunas y sus s\u00edntomas<\/strong><\/span><\/p>\n<\/div>\n<div>\n<p><span style=\"color: #000000;\">La aplicaci\u00f3n de la vacuna puede provocar dolor, enrojecimiento e inflamaci\u00f3n. Sin embargo, suelen desaparecer espont\u00e1neamente. Hay casos en los que\u00a0<strong>provoca fiebre, decaimiento durante un par de d\u00edas<\/strong>. Vargas recomienda consultar con un profesional en salud si los s\u00edntomas persisten. Las vacunas pueden reproducir levemente la enfermedad, para generar las defensas.<\/span><\/p>\n<\/div>\n<\/div>\n<\/div>\n<\/div>\n<\/div>\n<\/div>","protected":false},"excerpt":{"rendered":"<p>\u201cPonte al d\u00eda, cada vacuna cuenta\u201d, es el lema y llamado de la 21\u00ba Semana de Vacunaci\u00f3n en las Am\u00e9ricas (SVA), que se lleva a cabo hasta el 29 de abril de 2023. La iniciativa corresponde a la Organizaci\u00f3n Panamericana de la Salud (OPS) y suma a varios pa\u00edses de las Am\u00e9ricas. Griselda Vargas, directora &hellip; <a href=\"https:\/\/unifranz.edu.bo\/pt\/blog\/vacunacion-la-inmunizacion-busca-preservar-la-vida\/\">Continued<\/a><\/p>","protected":false},"author":45,"featured_media":127902,"comment_status":"open","ping_status":"open","sticky":false,"template":"","format":"standard","meta":{"_acf_changed":false,"footnotes":""},"categories":[60,2186,2858,1946,1782],"tags":[1622,4202,4198,49,4200,242,308],"class_list":["post-127901","post","type-post","status-publish","format-standard","has-post-thumbnail","hentry","category-blog","category-carreras-es","category-innovacion-en-educacion","category-medicina","category-unifranz","tag-carrera-de-medicina","tag-enfermedades-inmunoprevenibles","tag-inmunizacion","tag-medicina","tag-preservar-la-vida","tag-unifranz","tag-vacunacion"],"acf":[],"_links":{"self":[{"href":"https:\/\/unifranz.edu.bo\/pt\/wp-json\/wp\/v2\/posts\/127901","targetHints":{"allow":["GET"]}}],"collection":[{"href":"https:\/\/unifranz.edu.bo\/pt\/wp-json\/wp\/v2\/posts"}],"about":[{"href":"https:\/\/unifranz.edu.bo\/pt\/wp-json\/wp\/v2\/types\/post"}],"author":[{"embeddable":true,"href":"https:\/\/unifranz.edu.bo\/pt\/wp-json\/wp\/v2\/users\/45"}],"replies":[{"embeddable":true,"href":"https:\/\/unifranz.edu.bo\/pt\/wp-json\/wp\/v2\/comments?post=127901"}],"version-history":[{"count":1,"href":"https:\/\/unifranz.edu.bo\/pt\/wp-json\/wp\/v2\/posts\/127901\/revisions"}],"predecessor-version":[{"id":127903,"href":"https:\/\/unifranz.edu.bo\/pt\/wp-json\/wp\/v2\/posts\/127901\/revisions\/127903"}],"wp:featuredmedia":[{"embeddable":true,"href":"https:\/\/unifranz.edu.bo\/pt\/wp-json\/wp\/v2\/media\/127902"}],"wp:attachment":[{"href":"https:\/\/unifranz.edu.bo\/pt\/wp-json\/wp\/v2\/media?parent=127901"}],"wp:term":[{"taxonomy":"category","embeddable":true,"href":"https:\/\/unifranz.edu.bo\/pt\/wp-json\/wp\/v2\/categories?post=127901"},{"taxonomy":"post_tag","embeddable":true,"href":"https:\/\/unifranz.edu.bo\/pt\/wp-json\/wp\/v2\/tags?post=127901"}],"curies":[{"name":"wp","href":"https:\/\/api.w.org\/{rel}","templated":true}]}}