{"id":127819,"date":"2023-04-21T14:07:43","date_gmt":"2023-04-21T18:07:43","guid":{"rendered":"https:\/\/unifranz.edu.bo\/?p=127819"},"modified":"2023-04-21T14:19:38","modified_gmt":"2023-04-21T18:19:38","slug":"la-muerte-de-la-muerte","status":"publish","type":"post","link":"https:\/\/unifranz.edu.bo\/pt\/carreras\/la-muerte-de-la-muerte\/","title":{"rendered":"La muerte de la muerte: un libro que marca la ruta hacia la inmortalidad"},"content":{"rendered":"<div>\n<p><span style=\"color: #000000;\">No se trata de un juego de palabras.<strong>\u00a0&#8216;La muerte de la muerte&#8217; es el t\u00edtulo de un libro presentado por Jos\u00e9 Luis Cordeiro<\/strong>, director de Millenium Proyect para Iberoam\u00e9rica. En sus p\u00e1ginas conecta algunos elementos claves que la sociedad necesita entender para alcanzar la inmortalidad.<\/span><\/p>\n<\/div>\n<div>\n<p><span style=\"color: #000000;\">Cordeiro, co-autor del libro, asegura que existe la posibilidad cient\u00edfica de la inmortalidad f\u00edsica y su defensa moral. Gracias a los avances tecnol\u00f3gicos, a mediados de este siglo (2045)\u00a0<strong>la\u00a0<\/strong><strong>humanidad ser\u00e1 capaz de parar el proceso de envejecimiento<\/strong>\u00a0y extender indefinidamente la esperanza de vida.<\/span><\/p>\n<div>\n<p><span style=\"color: #000000;\"><strong>\u201cLos avances tecnol\u00f3gicos van a permitir detener el envejecimiento\u00a0<\/strong>y, mejor a\u00fan, revertir el envejecimiento. Es la opci\u00f3n m\u00e1s \u00e9tica y moral que podemos hacer. Hoy, m\u00e1s de las dos terceras partes de las personas en el mundo mueren de envejecimiento o de enfermedades relacionadas con el envejecimiento\u201d, indica.<\/span><\/p>\n<\/div>\n<div>\n<p><span style=\"color: #000000;\">Seg\u00fan el investigador,<strong>\u00a0el principal problema de la humanidad es el envejecimiento.<\/strong>\u00a0La gente no muere como consecuencia del cambio clim\u00e1tico, de terrorismo, de conflictos b\u00e9licos, de SIDA o de malaria, sino de envejecimiento o sus enfermedades colaterales.<\/span><\/p>\n<p><span style=\"color: #000000;\">Para la rectora nacional de la Universidad Franz Tamayo, Unifranz, Ver\u00f3nica \u00c1greda, es importante entender qu\u00e9 est\u00e1 pasando en el mundo y\u00a0<strong>cu\u00e1les son los desaf\u00edos<\/strong>\u00a0que se presentan gracias a las tecnolog\u00edas.\u00a0\u201cEntender\u00a0<strong>qu\u00e9 estamos ganando y qu\u00e9 estamos perdiendo<\/strong>, cu\u00e1ndo no tomamos las decisiones oportunas y cu\u00e1les son las consecuencias de las tareas asumidas\u201d, afirma.<\/span><\/p>\n<div>\n<p><span style=\"color: #000000;\">Unifranz, preside el Nodo Bolivia del Millennium Project y de la Red Iberoamericana de Investigaci\u00f3n Prospectiva (RIBER) En ese marco creo el Futures Week (la semana del futuro), encuentro que re\u00fane a l\u00edderes j\u00f3venes, con expertos nacionales e internacionales para co-crear el futuro de las realidades de su contexto.<\/span><\/p>\n<\/div>\n<div>\n<p><span style=\"color: #000000;\"><strong>La esperanza de vida ha aumentado<\/strong><\/span><\/p>\n<\/div>\n<div>\n<p><span style=\"color: #000000;\">La Organizaci\u00f3n Mundial de la Salud (OMS) afirma que, en todo el mundo, las personas viven m\u00e1s tiempo que antes y que, actualmente,\u00a0<strong>la esperanza de vida es igual o superior a los 60 a\u00f1os.\u00a0\u00a0<\/strong><\/span><\/p>\n<\/div>\n<div>\n<p><span style=\"color: #000000;\">En 2030, una de cada seis personas en el mundo tendr\u00e1 60 a\u00f1os o m\u00e1s. En 2050, la poblaci\u00f3n mundial de personas de 60 a\u00f1os o m\u00e1s se habr\u00e1 duplicado (2.100 millones). Se prev\u00e9 que el n\u00famero de personas de 80 a\u00f1os o m\u00e1s se triplique entre 2020 y 2050, hasta alcanzar los 426 millones.<\/span><\/p>\n<div>\n<p style=\"text-align: center;\"><img decoding=\"async\" src=\"https:\/\/static.eldeber.com.bo\/\/Files\/Sizes\/2023\/4\/20\/jos-luis-cordeiro_2030473408_760x520.JPG\" \/><\/p>\n<\/div>\n<div>\n<div style=\"text-align: center;\"><span style=\"color: #000000;\"><i>Autoridades de Unifranz acompa\u00f1an a Jos\u00e9 Luis Cordeiro en la conferencia realizada en Cochabamba<\/i><\/span><\/div>\n<div>\n<div>\n<p>&nbsp;<\/p>\n<p><span style=\"color: #000000;\"><strong>Qu\u00e9 es el envejecimiento<\/strong><\/span><\/p>\n<\/div>\n<div>\n<p><span style=\"color: #000000;\">Desde un punto de vista biol\u00f3gico, el envejecimiento es el resultado de la acumulaci\u00f3n de una gran variedad de da\u00f1os moleculares y celulares a lo largo del tiempo, lo que lleva a un\u00a0<strong>descenso gradual de las capacidades f\u00edsicas y mentales,<\/strong>\u00a0a un mayor riesgo de enfermedad y, en \u00faltima instancia, a la muerte. Estos cambios no son lineales ni uniformes, y su vinculaci\u00f3n con la edad de una persona en a\u00f1os es m\u00e1s bien relativa, afirma la OMS.<\/span><\/p>\n<\/div>\n<div>\n<p><span style=\"color: #000000;\">En relaci\u00f3n al envejecimiento, Cordeiro recuerda que hace m\u00e1s de una d\u00e9cada, el brit\u00e1nico John B. Gurdon y el japon\u00e9s Shinya Yamanaka (Premio Nobel de Medicina 2012) encontraron una serie de\u00a0<strong>genes\u00a0<\/strong><strong>relacionados con el envejecimiento\u00a0<\/strong>que, si se los modifica, dar\u00edan lugar al rejuvenecimiento de las c\u00e9lulas.<\/span><\/p>\n<\/div>\n<div>\n<p><span style=\"color: #000000;\">\u201cPodemos asegurar que el envejecimiento es retenible y reversible, pero adem\u00e1s sabemos que hay c\u00e9lulas inmortales. Las c\u00e9lulas germinales no envejecen, las c\u00e9lulas cancer\u00edgenas tampoco envejecen y hay peque\u00f1os animales como las hidras y medusas que tampoco envejecen. Por ende, existen pruebas de que la inmortalidad es posible\u201d, afirma Cordeiro.<\/span><\/p>\n<div>\n<p><span style=\"color: #000000;\"><strong>En busca de la fuente de la juventud\u00a0<\/strong><\/span><\/p>\n<\/div>\n<div>\n<p><span style=\"color: #000000;\">Como el envejecimiento es el principal problema de la humanidad y es destino de todo ser humano, en las \u00faltimas d\u00e9cadas, empresarios multimillonarios, como Jeff Bezos o Mark Zuckerberg o compa\u00f1\u00edas tecnol\u00f3gicas como Apple, Microsoft, IBM, comenzaron a hacer grandes inversiones en investigaci\u00f3n m\u00e9dica.<\/span><\/p>\n<\/div>\n<div>\n<p><span style=\"color: #000000;\">\u201cEl premio Nobel de Medicina del a\u00f1o 2012 descubri\u00f3 que el envejecimiento es reversible y por eso hoy decimos que el envejecimiento es una enfermedad, pero afortunadamente\u00a0<strong>una enfermedad curable\u201d, puntualiza.<\/strong><\/span><\/p>\n<\/div>\n<div>\n<p><span style=\"color: #000000;\">Lo cierto es que, en este nuevo siglo, las tecnolog\u00edas est\u00e1n cambiando aceleradamente todos los aspectos de la vida del ser humano, como por ejemplo la biolog\u00eda y la medicina.\u00a0<\/span><\/p>\n<\/div>\n<\/div>\n<\/div>\n<\/div>\n<\/div>\n<\/div>\n<\/div>","protected":false},"excerpt":{"rendered":"<p>No se trata de un juego de palabras.\u00a0&#8216;La muerte de la muerte&#8217; es el t\u00edtulo de un libro presentado por Jos\u00e9 Luis Cordeiro, director de Millenium Proyect para Iberoam\u00e9rica. En sus p\u00e1ginas conecta algunos elementos claves que la sociedad necesita entender para alcanzar la inmortalidad. Cordeiro, co-autor del libro, asegura que existe la posibilidad cient\u00edfica &hellip; <a href=\"https:\/\/unifranz.edu.bo\/pt\/carreras\/la-muerte-de-la-muerte\/\">Continued<\/a><\/p>","protected":false},"author":45,"featured_media":127820,"comment_status":"open","ping_status":"open","sticky":false,"template":"","format":"standard","meta":{"_acf_changed":false,"footnotes":""},"categories":[60,35,1662,1864,2858,2028,2484,1686,2950,1782],"tags":[4162,4160,1046,3994,4164,4166,242],"class_list":["post-127819","post","type-post","status-publish","format-standard","has-post-thumbnail","hentry","category-blog","category-carreras","category-docentes","category-futuro","category-innovacion-en-educacion","category-internacionalizacion-es","category-medicina-es-2","category-tecnologia","category-telemedicina","category-unifranz","tag-inmortalidad","tag-la-muerte-de-la-muerte","tag-marca","tag-muerte","tag-ruta","tag-the-millennium-project","tag-unifranz"],"acf":[],"_links":{"self":[{"href":"https:\/\/unifranz.edu.bo\/pt\/wp-json\/wp\/v2\/posts\/127819","targetHints":{"allow":["GET"]}}],"collection":[{"href":"https:\/\/unifranz.edu.bo\/pt\/wp-json\/wp\/v2\/posts"}],"about":[{"href":"https:\/\/unifranz.edu.bo\/pt\/wp-json\/wp\/v2\/types\/post"}],"author":[{"embeddable":true,"href":"https:\/\/unifranz.edu.bo\/pt\/wp-json\/wp\/v2\/users\/45"}],"replies":[{"embeddable":true,"href":"https:\/\/unifranz.edu.bo\/pt\/wp-json\/wp\/v2\/comments?post=127819"}],"version-history":[{"count":2,"href":"https:\/\/unifranz.edu.bo\/pt\/wp-json\/wp\/v2\/posts\/127819\/revisions"}],"predecessor-version":[{"id":127822,"href":"https:\/\/unifranz.edu.bo\/pt\/wp-json\/wp\/v2\/posts\/127819\/revisions\/127822"}],"wp:featuredmedia":[{"embeddable":true,"href":"https:\/\/unifranz.edu.bo\/pt\/wp-json\/wp\/v2\/media\/127820"}],"wp:attachment":[{"href":"https:\/\/unifranz.edu.bo\/pt\/wp-json\/wp\/v2\/media?parent=127819"}],"wp:term":[{"taxonomy":"category","embeddable":true,"href":"https:\/\/unifranz.edu.bo\/pt\/wp-json\/wp\/v2\/categories?post=127819"},{"taxonomy":"post_tag","embeddable":true,"href":"https:\/\/unifranz.edu.bo\/pt\/wp-json\/wp\/v2\/tags?post=127819"}],"curies":[{"name":"wp","href":"https:\/\/api.w.org\/{rel}","templated":true}]}}