{"id":127812,"date":"2023-04-21T12:48:04","date_gmt":"2023-04-21T16:48:04","guid":{"rendered":"https:\/\/unifranz.edu.bo\/?p=127812"},"modified":"2023-04-21T12:48:04","modified_gmt":"2023-04-21T16:48:04","slug":"imposicion-de-cofias-futuros-enfermeros-inician-ciclo-clinico-rumbo-a-su-profesionalizacion","status":"publish","type":"post","link":"https:\/\/unifranz.edu.bo\/pt\/noticias\/imposicion-de-cofias-futuros-enfermeros-inician-ciclo-clinico-rumbo-a-su-profesionalizacion\/","title":{"rendered":"Imposici\u00f3n de cofias: Futuros enfermeros inician ciclo cl\u00ednico rumbo a su profesionalizaci\u00f3n"},"content":{"rendered":"<p><span style=\"color: #000000;\">Cofia y l\u00e1mpara son los s\u00edmbolos de mayor valor para una de las profesiones m\u00e1s importantes del \u00e1rea de la salud, la enfermer\u00eda, que, seg\u00fan datos de la Organizaci\u00f3n Mundial de la Salud (OMS), comprende m\u00e1s de la mitad de los profesionales en salud del mundo. Estos emblemas, cuya imposici\u00f3n marca el inicio de una nueva etapa en la formaci\u00f3n de los futuros profesionales con la realizaci\u00f3n de pr\u00e1cticas cl\u00ednicas en diferentes instituciones sanitarias, fueron entregados a 30 estudiantes de quinto semestre de Unifranz El Alto durante la ceremonia de \u201cImposici\u00f3n de Cofias\u201d.<\/span><\/p>\n<p><span style=\"color: #000000;\">Para la instituci\u00f3n, la ceremonia es un hito importante, dado que, adem\u00e1s de conmemorar el significado de estos s\u00edmbolos, da paso a un nuevo ciclo en la formaci\u00f3n de las y los futuros profesionales en enfermer\u00eda, el inicio de pr\u00e1cticas cl\u00ednicas, adem\u00e1s de celebrar la decisi\u00f3n de los estudiantes de continuar su vocaci\u00f3n y el alto grado de responsabilidad y compromiso que la profesi\u00f3n implica.<\/span><\/p>\n<p><span style=\"color: #000000;\">\u201cNuestra profesi\u00f3n, en estos \u00faltimos a\u00f1os, ha llegado a obtener un gran reconocimiento por parte de la sociedad. Esto es gracias a todos quienes dedican su d\u00eda a d\u00eda a brindar cuidados a las personas. Es un honor ser profesional de Enfermer\u00eda, porque estamos en cada etapa de vida del ser humano; as\u00ed como administramos medicamentos, tambi\u00e9n educamos, tambi\u00e9n investigamos, estamos para poder mejorar la calidad de vida para las personas\u201d, dijo Milena Arroyo, directora de carrera, e inst\u00f3 a seguir form\u00e1ndose con base en s\u00f3lidos valores y principios. \u00a0\u00a0<\/span><\/p>\n<p><span style=\"color: #000000;\">Este evento guarda un significado muy especial para los estudiantes de Enfermer\u00eda, pues, al margen del significado acad\u00e9mico, representa la vocaci\u00f3n de servicio, amor al pr\u00f3jimo, dignidad, responsabilidad y su compromiso profesional ante la sociedad.<\/span><\/p>\n<p><span style=\"color: #000000;\">La cofia ha sido un elemento muy representativo de la enfermer\u00eda a lo largo de la historia, sin embargo, principalmente a ra\u00edz de la pandemia, su uso fue limitado debido a que este podr\u00eda constituirse en una v\u00eda de transmisi\u00f3n del virus, por lo que en la actualidad ya no forma parte de la vestimenta diaria, aunque conserva intacto su car\u00e1cter simb\u00f3lico.<\/span><\/p>\n<p><span style=\"color: #000000;\">Junto con la cofia, se hace entrega de la luz, un s\u00edmbolo heredado de la enfermer\u00eda moderna, cuya representante fue Florence Nightingale, enfermera inglesa reconocida por atender a los heridos de la Guerra de Crimea, quien, durante la noche, portaba una l\u00e1mpara de aceite con el objetivo de poder para darle continuidad al cuidado de los enfermos. Dicho ejercicio se ha reflejado durante la enfermer\u00eda moderna ya que se mantiene la dedicaci\u00f3n continua del equipo de enfermer\u00eda durante las 24 horas del d\u00eda al cuidado de sus pacientes.<\/span><\/p>\n<p><span style=\"color: #000000;\">Sdenka Monta\u00f1o, estudiante de Enfermer\u00eda, destac\u00f3 que el significado de la imposici\u00f3n de la cofia radica en el \u201ccompromiso con la sociedad y con nosotros mismos\u201d e hizo \u00e9nfasis en que \u201cla \u00fanica manera de ser excelentes profesionales es amar nuestra profesi\u00f3n\u201d.<\/span><\/p>\n<h6><span style=\"color: #000000;\"><strong>Enfermer\u00eda en el Siglo XXI<\/strong><\/span><\/h6>\n<p><span style=\"color: #000000;\">Los m\u00faltiples desaf\u00edos que ha enfrentado esta profesi\u00f3n la han posicionado, a nivel global, como un pilar fundamental dentro del sistema de salud actual. La crisis sanitaria generada por la pandemia del COVID-19, el virus del mono, entre otros, han puesto en evidencia el invaluable aporte del \u00e1rea en el cuidado de la salud de la sociedad.<\/span><\/p>\n<p><span style=\"color: #000000;\">Seg\u00fan datos del informe de \u201cSituaci\u00f3n de la enfermer\u00eda en el mundo 2020: invertir en educaci\u00f3n, empleo y liderazgo\u201d, publicado por la Organizaci\u00f3n Mundial de la Salud (OMS), la profesi\u00f3n cuenta con cerca de 28 millones de profesionales en el mundo, un n\u00famero que representa m\u00e1s de la mitad de los profesionales de la salud, no obstante, la demanda de este personal es a\u00fan mayor.<\/span><\/p>\n<p><span style=\"color: #000000;\">De cara al 2030, la OMS, la Organizaci\u00f3n Panamericana de la Salud (OPS), entre otros, proyectan m\u00faltiples desaf\u00edos a corto, mediano y largo plazo, que requieren de acciones concretas, divididas en cuatro ejes sobre los que se apoyan los retos m\u00e1s importantes de la enfermer\u00eda de cara al 2030: educaci\u00f3n, gesti\u00f3n de la pr\u00e1ctica, la investigaci\u00f3n y el liderazgo.<\/span><\/p>\n<p><span style=\"color: #000000;\">En el eje de educaci\u00f3n, entre las acciones necesarias para disminuir el d\u00e9ficit de estos profesionales, destaca la importancia del incremento en la inversi\u00f3n estatal para evitar una situaci\u00f3n de escasez mundial, aumentar el n\u00famero de graduados en enfermer\u00eda, mejorar las opciones de empleo y retener a los profesionales en el sistema de salud.<\/span><\/p>\n<p><span style=\"color: #000000;\">\u201cLos profesionales de enfermer\u00eda son la columna vertebral de cualquier sistema de salud\u201d, asegura el Dr. Tedros Adhanom Ghebreyesus, director general de la OMS.<\/span><\/p>","protected":false},"excerpt":{"rendered":"<p>Cofia y l\u00e1mpara son los s\u00edmbolos de mayor valor para una de las profesiones m\u00e1s importantes del \u00e1rea de la salud, la enfermer\u00eda, que, seg\u00fan datos de la Organizaci\u00f3n Mundial de la Salud (OMS), comprende m\u00e1s de la mitad de los profesionales en salud del mundo. Estos emblemas, cuya imposici\u00f3n marca el inicio de una &hellip; <a href=\"https:\/\/unifranz.edu.bo\/pt\/noticias\/imposicion-de-cofias-futuros-enfermeros-inician-ciclo-clinico-rumbo-a-su-profesionalizacion\/\">Continued<\/a><\/p>","protected":false},"author":25,"featured_media":127813,"comment_status":"open","ping_status":"open","sticky":false,"template":"","format":"standard","meta":{"_acf_changed":false,"footnotes":""},"categories":[60,1862,302,4148,1004,45,29,2870,1878,1782],"tags":[47,386,1422,242],"class_list":["post-127812","post","type-post","status-publish","format-standard","has-post-thumbnail","hentry","category-blog","category-educacion","category-el-alto","category-enfermeria","category-estudiantes","category-eventos","category-noticias","category-profesionales","category-salud","category-unifranz","tag-el-alto","tag-estudiantes","tag-innovacion-en-educacion","tag-unifranz"],"acf":[],"_links":{"self":[{"href":"https:\/\/unifranz.edu.bo\/pt\/wp-json\/wp\/v2\/posts\/127812","targetHints":{"allow":["GET"]}}],"collection":[{"href":"https:\/\/unifranz.edu.bo\/pt\/wp-json\/wp\/v2\/posts"}],"about":[{"href":"https:\/\/unifranz.edu.bo\/pt\/wp-json\/wp\/v2\/types\/post"}],"author":[{"embeddable":true,"href":"https:\/\/unifranz.edu.bo\/pt\/wp-json\/wp\/v2\/users\/25"}],"replies":[{"embeddable":true,"href":"https:\/\/unifranz.edu.bo\/pt\/wp-json\/wp\/v2\/comments?post=127812"}],"version-history":[{"count":1,"href":"https:\/\/unifranz.edu.bo\/pt\/wp-json\/wp\/v2\/posts\/127812\/revisions"}],"predecessor-version":[{"id":127814,"href":"https:\/\/unifranz.edu.bo\/pt\/wp-json\/wp\/v2\/posts\/127812\/revisions\/127814"}],"wp:featuredmedia":[{"embeddable":true,"href":"https:\/\/unifranz.edu.bo\/pt\/wp-json\/wp\/v2\/media\/127813"}],"wp:attachment":[{"href":"https:\/\/unifranz.edu.bo\/pt\/wp-json\/wp\/v2\/media?parent=127812"}],"wp:term":[{"taxonomy":"category","embeddable":true,"href":"https:\/\/unifranz.edu.bo\/pt\/wp-json\/wp\/v2\/categories?post=127812"},{"taxonomy":"post_tag","embeddable":true,"href":"https:\/\/unifranz.edu.bo\/pt\/wp-json\/wp\/v2\/tags?post=127812"}],"curies":[{"name":"wp","href":"https:\/\/api.w.org\/{rel}","templated":true}]}}