{"id":127069,"date":"2023-04-08T17:31:01","date_gmt":"2023-04-08T21:31:01","guid":{"rendered":"https:\/\/unifranz.edu.bo\/?p=127069"},"modified":"2023-04-08T17:31:01","modified_gmt":"2023-04-08T21:31:01","slug":"janeth-la-joven-tarijena-que-conquista-el-mundo-de-la-neuropsicologia","status":"publish","type":"post","link":"https:\/\/unifranz.edu.bo\/pt\/blog\/janeth-la-joven-tarijena-que-conquista-el-mundo-de-la-neuropsicologia\/","title":{"rendered":"Janeth, la joven tarije\u00f1a que conquista el mundo de la neuropsicolog\u00eda"},"content":{"rendered":"<p><span style=\"color: #000000;\">Con 18 a\u00f1os reci\u00e9n cumplidos, Janeth Esther Calatayud Padilla se despidi\u00f3 de su natal Tarija para ir en busca de mejores oportunidades. Lleg\u00f3 a Santa Cruz con mucha ilusi\u00f3n y sue\u00f1os para estudiar psicolog\u00eda en Unifranz. Con el paso del tiempo fue demostrando su potencial, mismo que acompa\u00f1\u00f3 de disciplina y perseverancia, cualidades que la llevaron a ser la actual presidenta del Comit\u00e9 Cient\u00edfico del VII Congreso Universitario Nacional de Neuropsicolog\u00eda.<\/span><\/p>\n<p><span style=\"color: #000000;\">En el segundo semestre conoci\u00f3 a Nataly Arag\u00f3n, psic\u00f3loga de profesi\u00f3n y docente, quien la aconsej\u00f3 al momento de tomar decisiones acad\u00e9micas y le present\u00f3 el mundo de la neuropsicolog\u00eda, \u00e1rea en la que contin\u00faa trabajando actualmente a trav\u00e9s de proyectos de impacto social. James Robles, director de la carrera de psicolog\u00eda, le otorg\u00f3 un cupo para ingresar a una pasant\u00eda en el Instituto de Neurociencias Comportamentales, donde inici\u00f3 con la ejecuci\u00f3n de cinco proyectos de investigaci\u00f3n.<\/span><\/p>\n<p><span style=\"color: #000000;\">\u201cYo vengo de Tarija y llegar a Santa Cruz, una ciudad tan grande, fue completamente diferente para m\u00ed, sal\u00ed de mi zona de confort totalmente. Unifranz me abri\u00f3 las puertas y signific\u00f3 un lugar donde pod\u00eda ser yo misma y desarrollar mis potenciales. Actualmente me siento muy bien, s\u00e9 que tengo muchas cosas en las que debo seguir trabajando y grandes metas por cumplir\u201d, expres\u00f3 Janeth.<\/span><\/p>\n<p><span style=\"color: #000000;\">Uno de los proyectos que m\u00e1s recuerda, es sobre un programa para pacientes con demencia vascular. La doctora Ninoska Ocampo Barba, presidenta de la Sociedad Boliviana de Neuropsicolog\u00eda, mencion\u00f3 en alg\u00fan momento, que vio potencial en las cosas que hac\u00eda y decidi\u00f3 invitarla a su equipo de trabajo. Entonces acept\u00f3 y empez\u00f3 a desempe\u00f1ar diferentes funciones, ella sigui\u00f3 viendo potencial en Janeth y quiso que sea su colaboradora principal.<\/span><\/p>\n<p><span style=\"color: #000000;\">Mientras trabajaba en el Instituto de Neurociencias Comportamentales, present\u00f3 una investigaci\u00f3n que fue publicada en la revista Koin\u00e9 sobre intervenciones neuropsicol\u00f3gicas preventivas de adolescentes que est\u00e1n en situaci\u00f3n de riesgo. El a\u00f1o pasado colabor\u00f3 en la organizaci\u00f3n del congreso que organiza esta instituci\u00f3n, pero este a\u00f1o, la doctora Ninoska le propuso que sea la presidenta del comit\u00e9 cient\u00edfico, reconociendo el trabajo que ha venido realizando y su destacado desempe\u00f1o.<\/span><\/p>\n<p><span style=\"color: #000000;\">\u201cSer presidenta de este comit\u00e9 es algo que demanda bastante responsabilidad y compromiso, quiero que todo marche bien para generar gran impacto y contribuir significativamente a la investigaci\u00f3n. Lo asumo con mucho gusto y con el objetivo de obtener buenos resultados\u201d, indic\u00f3.<\/span><\/p>\n<p><span style=\"color: #000000;\">El congreso est\u00e1 organizado en talleres, mesas redondas, conferencias magistrales y contar\u00e1 con invitados especiales nacionales e internacionales. En mesas redondas estar\u00e1 el doctor Roberto Ventura, autor de renombre dentro de las investigaciones de neurociencia y representante de Alzheimer Uruguay y el doctor Luis P\u00e1ez, decano de la facultad de Ciencias Jur\u00eddicas y Sociales de Unifranz Santa Cruz.<\/span><\/p>\n<p><span style=\"color: #000000;\"><strong>\u00bfQu\u00e9 significa Unifranz para Janeth?<\/strong><\/span><\/p>\n<p><span style=\"color: #000000;\">\u201cHaciendo una mirada en retrospectiva, desde el momento en que ingres\u00e9 a Unifranz hasta ahora, ha sido como una familia que me brind\u00f3 muchas oportunidades. Yo he sido parte del club de lectura, de la fundaci\u00f3n Unifranz, del elenco de teatro y recuerdo con mucho cari\u00f1o cada uno de esos espacios, porque para m\u00ed significaron bastante\u201d, se\u00f1al\u00f3 la joven profesional.<\/span><\/p>\n<p><span style=\"color: #000000;\">Janeth quiere incentivar y motivar a los j\u00f3venes a que luchen por sus objetivos, dejando en claro que las dificultades van a estar siempre, pero que nunca hay que abandonar los sue\u00f1os, \u201csiempre hay que tenerlos presentes, porque eso nos ayuda a afrontar la realidad que muchas veces es dura\u201d.<\/span><\/p>","protected":false},"excerpt":{"rendered":"<p>Con 18 a\u00f1os reci\u00e9n cumplidos, Janeth Esther Calatayud Padilla se despidi\u00f3 de su natal Tarija para ir en busca de mejores oportunidades. Lleg\u00f3 a Santa Cruz con mucha ilusi\u00f3n y sue\u00f1os para estudiar psicolog\u00eda en Unifranz. Con el paso del tiempo fue demostrando su potencial, mismo que acompa\u00f1\u00f3 de disciplina y perseverancia, cualidades que la &hellip; <a href=\"https:\/\/unifranz.edu.bo\/pt\/blog\/janeth-la-joven-tarijena-que-conquista-el-mundo-de-la-neuropsicologia\/\">Continued<\/a><\/p>","protected":false},"author":33,"featured_media":127070,"comment_status":"open","ping_status":"open","sticky":false,"template":"","format":"standard","meta":{"_acf_changed":false,"footnotes":""},"categories":[2576,60,2186,1636,2194,2646,1782],"tags":[1218,4004,4002,2226,240],"class_list":["post-127069","post","type-post","status-publish","format-standard","has-post-thumbnail","hentry","category-unifranz-santa-cruz","category-blog","category-carreras-es","category-investigacion","category-psicologia","category-transformadores-del-futuro","category-unifranz","tag-congreso-de-neuropsicologia","tag-congreso-universitario-nacional-de-neuropsicologia","tag-neuropsicologia","tag-profesionales-destacados","tag-psicologia"],"acf":[],"_links":{"self":[{"href":"https:\/\/unifranz.edu.bo\/pt\/wp-json\/wp\/v2\/posts\/127069","targetHints":{"allow":["GET"]}}],"collection":[{"href":"https:\/\/unifranz.edu.bo\/pt\/wp-json\/wp\/v2\/posts"}],"about":[{"href":"https:\/\/unifranz.edu.bo\/pt\/wp-json\/wp\/v2\/types\/post"}],"author":[{"embeddable":true,"href":"https:\/\/unifranz.edu.bo\/pt\/wp-json\/wp\/v2\/users\/33"}],"replies":[{"embeddable":true,"href":"https:\/\/unifranz.edu.bo\/pt\/wp-json\/wp\/v2\/comments?post=127069"}],"version-history":[{"count":1,"href":"https:\/\/unifranz.edu.bo\/pt\/wp-json\/wp\/v2\/posts\/127069\/revisions"}],"predecessor-version":[{"id":127071,"href":"https:\/\/unifranz.edu.bo\/pt\/wp-json\/wp\/v2\/posts\/127069\/revisions\/127071"}],"wp:featuredmedia":[{"embeddable":true,"href":"https:\/\/unifranz.edu.bo\/pt\/wp-json\/wp\/v2\/media\/127070"}],"wp:attachment":[{"href":"https:\/\/unifranz.edu.bo\/pt\/wp-json\/wp\/v2\/media?parent=127069"}],"wp:term":[{"taxonomy":"category","embeddable":true,"href":"https:\/\/unifranz.edu.bo\/pt\/wp-json\/wp\/v2\/categories?post=127069"},{"taxonomy":"post_tag","embeddable":true,"href":"https:\/\/unifranz.edu.bo\/pt\/wp-json\/wp\/v2\/tags?post=127069"}],"curies":[{"name":"wp","href":"https:\/\/api.w.org\/{rel}","templated":true}]}}