{"id":126387,"date":"2023-03-24T09:47:56","date_gmt":"2023-03-24T13:47:56","guid":{"rendered":"https:\/\/unifranz.edu.bo\/?p=126387"},"modified":"2023-03-24T09:47:56","modified_gmt":"2023-03-24T13:47:56","slug":"la-violencia-se-adapta-a-los-tiempos-digitales","status":"publish","type":"post","link":"https:\/\/unifranz.edu.bo\/pt\/blog\/la-violencia-se-adapta-a-los-tiempos-digitales\/","title":{"rendered":"La violencia se adapta a los tiempos digitales"},"content":{"rendered":"<div>\n<p><span style=\"color: #000000;\">Estamos a un click de conectarnos con cualquier parte del mundo. La interconectividad ha permitido que se puede hacer negocios con cualquier pa\u00eds simplemente a trav\u00e9s de un equipo telef\u00f3nico. El internet, sustento de esta conectividad, conlleva tanto aspectos positivos como riesgos reales.<\/span><\/p>\n<\/div>\n<div>\n<p><span style=\"color: #000000;\"><strong>Las redes sociales son escenario de cyberbulling,<\/strong>\u00a0suplantaci\u00f3n de identidad, acoso cibern\u00e9tico, linchamientos digitales y amenazas, entre otros. Desde donde se mire, supone un cuadro de violencia.<\/span><\/p>\n<\/div>\n<div>\n<p><span style=\"color: #000000;\">Para Ra\u00fal Elenes Angulo, legislador mexicano, la violencia a trav\u00e9s de las redes es un fen\u00f3meno de \u201cinter\u00e9s global\u00bb. La sociedad tambi\u00e9n debe participar, pues<strong>\u00a0est\u00e1 creciendo de manera acelerada\u00a0<\/strong>y \u201clas autoridades deben dejar de ser lentas\u201d, para poder entenderlo.<\/span><\/p>\n<\/div>\n<div>\n<p><span style=\"color: #000000;\">En Bolivia no existe norma o ley, que aborde los temas de violencia digital en redes sociales, asegura Ruth Torres Ar\u00e9valo, docente de la carrera de derecho en la Universidad Franz Tamayo, Unifranz.<\/span><\/p>\n<\/div>\n<div>\n<p><span style=\"color: #000000;\">\u201cNo tenemos regulaci\u00f3n espec\u00edfica \u00bfQu\u00e9 pasa si alguien te difama en redes sociales? \u00bfQui\u00e9n protege ese derecho?\u00a0<strong>Necesitamos proponer nuevas normas y leyes<\/strong>\u00a0que regulen estos aspectos que son delicados y que son nuevas formas de generar violencia\u201d, apunt\u00f3.<\/span><\/p>\n<\/div>\n<div>\n<p><span style=\"color: #000000;\">En la Legislaci\u00f3n de delitos \u2013es decir derecho penal\u2013 no existen normas espec\u00edficas para los delitos inform\u00e1ticos, violencia digital y cibercrimen, asegura Alberto Salamanca, director de la carrera de Derecho de Unifranz.<\/span><\/p>\n<div>\n<p><span style=\"color: #000000;\">El jurista plantea dos posiciones. En la primera, existen vac\u00edos jur\u00eddicos que deben ser debidamente legislados. Las normas penales espec\u00edficas recoger\u00e1n las tipificaciones y<strong>\u00a0sanciones correspondientes a conductas delictivas<\/strong>\u00a0con el uso de sistemas inform\u00e1ticos, redes sociales y todo lo que derive de la inform\u00e1tica y violencia digital.<\/span><\/p>\n<\/div>\n<div>\n<p><span style=\"color: #000000;\">En la segunda posici\u00f3n, todas las conductas est\u00e1n previstas en el c\u00f3digo penal. Si existe una estafa por redes sociales, o medios digitales,\u00a0<strong>se debe aplicar la normativa penal<\/strong>\u00a0de la estafa ligada a la conducta realizada por medio digital, as\u00ed entonces las conductas ya\u00a0<strong>previstas en el c\u00f3digo<\/strong>\u00a0penal como el robo, ser\u00e1n calificadas como robo inform\u00e1tico, digital o con uso de sistemas digitales.<\/span><\/p>\n<div>\n<p><span style=\"color: #000000;\"><strong>La educaci\u00f3n digital instrumento para prevenir violencia<\/strong><\/span><\/p>\n<\/div>\n<div>\n<p><span style=\"color: #000000;\">Para Ruth Schaaf, comunicadora social y docente en Unifranz, el tema de la violencia digital, deber\u00eda ser abordado desde la educaci\u00f3n inicial primaria. Desde ah\u00ed, se trabaja con generaciones \u201cnativas digitales\u201d. Sugiere recurrir a la netiqueta y ciberpragm\u00e1tica, como herramientas de c\u00f3digo de comportamiento en la sociedad digital. \u00a0<\/span><\/p>\n<\/div>\n<div>\n<p><span style=\"color: #000000;\">La netiqueta, es un c\u00f3digo de comportamiento que cada usuario debe tener en un ecosistema digital, que se asemeja a los valores instituidos en la sociedad, tales como el respeto hacia los dem\u00e1s, en este caso a los usuarios. Por su parte, la ciberpragm\u00e1tica es la puesta en pr\u00e1ctica de la netiqueta en las redes sociales, dar opiniones coherentes, con argumento e incluso sin faltas de ortograf\u00eda.<\/span><\/p>\n<\/div>\n<div>\n<p><span style=\"color: #000000;\">\u201cUn tema que abarca mucho la netiqueta, es la opini\u00f3n, si conozco el tema tengo el derecho a opinar, pero si no conozco el tema \u00bfdeber\u00eda hacerlo? Ah\u00ed nos vamos a la parte pr\u00e1ctica que es la ciberpragm\u00e1tica. \u00bfQu\u00e9 es lo pragm\u00e1tico? Es todo lo que ponemos en pr\u00e1ctica, si yo s\u00e9 de netiqueta \u00bfC\u00f3mo me voy a comportar pr\u00e1cticamente al momento de escribir?\u201d, apunta.<\/span><\/p>\n<\/div>\n<div>\n<p><span style=\"color: #000000;\">\u201cNo es usar redes sociales porque s\u00ed, es\u00a0<strong>utilizarlas con conciencia y educaci\u00f3n\u201d, apunta la experta.<\/strong>\u00a0La cultura digital comienza identificando el funcionamiento de cada red social, pues en la actualidad, funcionan como \u201ctu cara al mundo\u201d y se debe trabajar teniendo en cuenta la identidad y reputaci\u00f3n digital propia.<\/span><\/p>\n<div>\n<p><span style=\"color: #000000;\">\u201cNo es crear mi perfil de Facebook y ya, un perfil es tu cara al mundo (\u2026) \u00bfQu\u00e9 es lo que tengo que hacer? Por ejemplo, si yo estoy ense\u00f1ando computaci\u00f3n en los colegios, yo deber\u00eda ense\u00f1arles c\u00f3mo usar las redes sociales: \u00bfQu\u00e9 busco en las redes sociales? \u00bfA d\u00f3nde llego con las redes sociales?\u201d, indica.<\/span><\/p>\n<\/div>\n<div>\n<p><span style=\"color: #000000;\">Las normas de comportamiento social de respeto al otro, inclusi\u00f3n, libertad de expresi\u00f3n, deber\u00eda trasponerse tambi\u00e9n a las redes, sugiere Schaaf.<\/span><\/p>\n<\/div>\n<div>\n<p><span style=\"color: #000000;\"><strong>Los j\u00f3venes como los principales precursores<\/strong><\/span><\/p>\n<\/div>\n<div>\n<p><span style=\"color: #000000;\">De acuerdo con el estudio nacional Conectadas y Seguras, elaborado por Plan International Bolivia,\u00a0<strong>46% las ni\u00f1as\u00a0<\/strong>afirmaron que en alg\u00fan momento de su vida\u00a0<strong>sintieron acoso en l\u00ednea<\/strong>; adem\u00e1s se identific\u00f3 que la primera vez que fueron v\u00edctimas de este tipo de violencia fue\u00a0<strong>a los 13 a\u00f1os, en promedio.<\/strong><\/span><\/p>\n<\/div>\n<div>\n<p><span style=\"color: #000000;\">Ingrit Melgar, psic\u00f3loga de profesi\u00f3n, asegura que la formaci\u00f3n en la familia es clave: \u201cno se trata de satanizar a las redes sociales, sino de\u00a0<strong>ense\u00f1ar su uso responsable.<\/strong>\u00a0Los padres deben trabajar en valores cuando usan las redes sociales para generar contenidos\u201d.<\/span><\/p>\n<\/div>\n<div>\n<p><span style=\"color: #000000;\">En el caso del acoso digital hay tres actores principales \u2013dice Melgar\u2013 el agresor, la v\u00edctima y los espectadores. \u201cMuchas veces nos encontramos con publicaciones que cometen el delito y la gente observa y no denuncia. Ocurre tambi\u00e9n cuando ve un hecho como este en su contexto del d\u00eda a d\u00eda. \u00a0Necesitamos acudir a la capacidad de ser solidarios y salir en defensa de la v\u00edctima, en lo digital y en nuestro diario vivir\u201d, finaliza.\u00a0<\/span><\/p>\n<\/div>\n<\/div>\n<\/div>\n<\/div>","protected":false},"excerpt":{"rendered":"<p>Estamos a un click de conectarnos con cualquier parte del mundo. La interconectividad ha permitido que se puede hacer negocios con cualquier pa\u00eds simplemente a trav\u00e9s de un equipo telef\u00f3nico. El internet, sustento de esta conectividad, conlleva tanto aspectos positivos como riesgos reales. Las redes sociales son escenario de cyberbulling,\u00a0suplantaci\u00f3n de identidad, acoso cibern\u00e9tico, linchamientos &hellip; <a href=\"https:\/\/unifranz.edu.bo\/pt\/blog\/la-violencia-se-adapta-a-los-tiempos-digitales\/\">Continued<\/a><\/p>","protected":false},"author":45,"featured_media":126388,"comment_status":"open","ping_status":"open","sticky":false,"template":"","format":"standard","meta":{"_acf_changed":false,"footnotes":""},"categories":[60,2186,2566,2858,2068,2194,1866,2856,1782,3836],"tags":[3842,3838,3840,39,278,240,3008,242,1068],"class_list":["post-126387","post","type-post","status-publish","format-standard","has-post-thumbnail","hentry","category-blog","category-carreras-es","category-docente","category-innovacion-en-educacion","category-periodismo-es","category-psicologia","category-tecnologia-es","category-transformacion-digital-es","category-unifranz","category-violencia","tag-acoso-cibernetico","tag-adapta","tag-ciberbulling","tag-derecho","tag-periodismo","tag-psicologia","tag-tiempos-digitales","tag-unifranz","tag-violencia"],"acf":[],"_links":{"self":[{"href":"https:\/\/unifranz.edu.bo\/pt\/wp-json\/wp\/v2\/posts\/126387","targetHints":{"allow":["GET"]}}],"collection":[{"href":"https:\/\/unifranz.edu.bo\/pt\/wp-json\/wp\/v2\/posts"}],"about":[{"href":"https:\/\/unifranz.edu.bo\/pt\/wp-json\/wp\/v2\/types\/post"}],"author":[{"embeddable":true,"href":"https:\/\/unifranz.edu.bo\/pt\/wp-json\/wp\/v2\/users\/45"}],"replies":[{"embeddable":true,"href":"https:\/\/unifranz.edu.bo\/pt\/wp-json\/wp\/v2\/comments?post=126387"}],"version-history":[{"count":1,"href":"https:\/\/unifranz.edu.bo\/pt\/wp-json\/wp\/v2\/posts\/126387\/revisions"}],"predecessor-version":[{"id":126389,"href":"https:\/\/unifranz.edu.bo\/pt\/wp-json\/wp\/v2\/posts\/126387\/revisions\/126389"}],"wp:featuredmedia":[{"embeddable":true,"href":"https:\/\/unifranz.edu.bo\/pt\/wp-json\/wp\/v2\/media\/126388"}],"wp:attachment":[{"href":"https:\/\/unifranz.edu.bo\/pt\/wp-json\/wp\/v2\/media?parent=126387"}],"wp:term":[{"taxonomy":"category","embeddable":true,"href":"https:\/\/unifranz.edu.bo\/pt\/wp-json\/wp\/v2\/categories?post=126387"},{"taxonomy":"post_tag","embeddable":true,"href":"https:\/\/unifranz.edu.bo\/pt\/wp-json\/wp\/v2\/tags?post=126387"}],"curies":[{"name":"wp","href":"https:\/\/api.w.org\/{rel}","templated":true}]}}