{"id":126359,"date":"2023-03-22T22:54:06","date_gmt":"2023-03-23T02:54:06","guid":{"rendered":"https:\/\/unifranz.edu.bo\/?p=126359"},"modified":"2023-03-22T22:54:06","modified_gmt":"2023-03-23T02:54:06","slug":"marca-personal-una-oportunidad-para-el-periodista","status":"publish","type":"post","link":"https:\/\/unifranz.edu.bo\/pt\/carreras\/marca-personal-una-oportunidad-para-el-periodista\/","title":{"rendered":"Marca personal: una oportunidad para el periodista"},"content":{"rendered":"<div>\n<p><span style=\"color: #000000;\">Carmen Aristegui Flores es una influyente periodista mexicana. Destaca por su trabajo en programas informativos en radio y televisi\u00f3n de M\u00e9xico. Adem\u00e1s, integra el Consejo Rector del Premio Gabo de la Fundaci\u00f3n Gabriel Garc\u00eda M\u00e1rquez. Dirige y conduce el noticiero matutino Aristegui en vivo, desde el portal Aristegui Noticias, el programa de entrevistas que lleva su nombre y es difundido por la cadena internacional CNN en espa\u00f1ol.<\/span><\/p>\n<\/div>\n<div>\n<p><span style=\"color: #000000;\">La periodista cuenta con una comunidad digital amplia. Alcanza 1,32 millones\u00a0de suscriptores en Youtube,\u00a07,5 millones\u00a0de seguidores en Facebook y\u00a09,4 millones\u00a0de seguidores en Twitter.\u00a0\u201cAristegui Noticias\u201d es la marca personal de la mexicana.<\/span><\/p>\n<\/div>\n<div>\n<p><span style=\"color: #000000;\">A lo largo de su carrera ha sido distinguida con reconocimientos como el premio Maria Moors Cabot, el premio Gabo, el premio Knight y el premio Nacional de Periodismo. Son algunos de los muchos galardones logrados. Actualmente, es presidenta del premio Alem\u00e1n de periodismo Walter Reuter y del premio Javier Valdez C\u00e1rdenas de Penguin Random House.<\/span><\/p>\n<div>\n<p><span style=\"color: #000000;\">Contestataria al poder pol\u00edtico en su pa\u00eds, la periodista asegura que lo que\u00a0<strong>la sostiene\u00a0<\/strong>es\u00a0<strong>su propia convicci\u00f3n<\/strong>\u00a0de que lo que hace est\u00e1 bien. Describe su labor como un aporte \u201cimportante para la sociedad y para uno mismo; que tiene mucho sentido, que criticar y observar la realidad y compartirla con los dem\u00e1s importa; que es algo que no puede no tener una comunidad\u201d.<\/span><\/p>\n<\/div>\n<div>\n<p><span style=\"color: #000000;\">Periodistas como Aristegui asumieron el camino de\u00a0<strong>encarar proyectos propios en plena explosi\u00f3n de plataformas<\/strong>\u00a0de redes sociales, como oportunidad de difusi\u00f3n de contenidos period\u00edsticos.\u00a0\u00a0<\/span><\/p>\n<\/div>\n<div>\n<p><span style=\"color: #000000;\">\u201cEn un momento en el que incluso los medios tradicionales tienen dificultades para hacer frente a la desinformaci\u00f3n,\u00a0<strong>la independencia<\/strong>\u00a0por la que est\u00e1n apostando los periodistas respaldados por su nombre,\u00a0<strong>trayectoria y presencia en redes sociales les abre oportunidades<\/strong>, antes no consideradas\u201d, sostiene la periodista boliviana Fabiola Chambi.<\/span><\/p>\n<div>\n<p><span style=\"color: #000000;\">Por su parte,\u00a0<span style=\"font-family: inherit;\">Ra\u00fal Pe\u00f1aranda, presidente de la Asociaci\u00f3n de Periodistas de La Paz (APLP), asegura que, en la actualidad,\u00a0<\/span><span style=\"font-family: inherit;\"><b>la marca personal es una oportunidad para los periodistas.\u00a0<\/b>La consolidaci\u00f3n de esta marca est\u00e1 c<\/span><span style=\"font-family: inherit;\">ondicionada a otros factores como la credibilidad, la trayectoria o la capacidad para llegar a ciertos nichos de mercado.<\/span><\/span><\/p>\n<\/div>\n<div>\n<p><span style=\"color: #000000;\">\u201cEs una oportunidad para los periodistas. Obviamente,\u00a0<strong>ahora no necesitamos m\u00e1s que un tel\u00e9fono celular<\/strong>, tal vez un tr\u00edpode y un fondo cualquiera porque el programa te pone hasta el fondo que t\u00fa quieras detr\u00e1s,\u00a0<strong>es mucho m\u00e1s simple.<\/strong>\u00a0El acceso a todas estas aplicaciones virtuales y redes sociales es gratuito\u201d, afirma el autor del libro \u201cControl Remoto\u201d.<\/span><\/p>\n<div>\n<p><span style=\"color: #000000;\">Para Cesar Salamanca, experto en Marketing Digital,\u00a0<strong>una marca personal\u00a0<\/strong>es una herramienta que\u00a0<strong>ayuda\u00a0<\/strong>a cualquier persona a alcanzar el objetivo de\u00a0<strong>\u201csobresalir entre toda la competencia\u201d y \u201cser una referencia\u00a0<\/strong>en su industria o contexto\u201d.<\/span><\/p>\n<\/div>\n<div>\n<p><span style=\"color: #000000;\">\u201cAl igual que una marca comercial, la tuya debe establecerse con profesionalismo y atenci\u00f3n a todos los aspectos que la conforman. Esto con el fin de diferenciarte de los dem\u00e1s y as\u00ed alcanzar un mayor \u00e9xito en tus relaciones profesionales\u201d, asevera el especialista que particip\u00f3 como facilitador en el diplomado en Periodismo Digital de la Fundaci\u00f3n para el Periodismo.<\/span><\/p>\n<\/div>\n<div>\n<p><span style=\"color: #000000;\">En este nuevo siglo, marcado por las nuevas tecnolog\u00edas de la informaci\u00f3n,\u00a0<strong>crear una marca personal en redes sociales\u00a0<\/strong>o Internet\u00a0<strong>es<\/strong>, pr\u00e1cticamente,\u00a0<strong>indispensable\u00a0<\/strong>para el periodista, m\u00e1s a\u00fan si la labor la realiza de forma independiente. Si no lo intenta ser\u00e1 una oportunidad perdida.<\/span><\/p>\n<\/div>\n<div>\n<p><span style=\"color: #000000;\">En ese marco, cada vez es m\u00e1s necesario diferenciarse,\u00a0<strong>especializarse\u00a0<\/strong>y construir una marca personal\u00a0<strong>en un mercado laboral claramente competitivo<\/strong>\u00a0y saturado. Para ello, entre otros aspectos, ser\u00e1 necesario aprender a crear contenidos, promocionarse y cuidar su comunidad.<\/span><\/p>\n<p><iframe loading=\"lazy\" title=\"YouTube video player\" src=\"https:\/\/www.youtube.com\/embed\/ppFVO9zaE4E\" width=\"560\" height=\"315\" frameborder=\"0\" allowfullscreen=\"allowfullscreen\"><\/iframe><\/p>\n<div>\n<p><span style=\"color: #000000;\"><strong>El periodismo en tiempos de transformaci\u00f3n digital<\/strong><\/span><\/p>\n<\/div>\n<div>\n<p><span style=\"color: #000000;\">\u201cLa transformaci\u00f3n tecnol\u00f3gica en periodismo es un reto cuesta arriba, m\u00e1s a\u00fan si el periodista es independiente.\u00a0<strong>La crisis de la industria ha ocasionado muchos problemas<\/strong>\u00a0en much\u00edsimos medios de comunicaci\u00f3n, no s\u00f3lo en Bolivia, sino tambi\u00e9n en el exterior\u201d, afirma Pe\u00f1aranda.<\/span><\/p>\n<\/div>\n<div>\n<p><span style=\"color: #000000;\">M\u00e1s de 2.000 peri\u00f3dicos que han cerrado s\u00f3lo en Estados Unidos en la \u00faltima d\u00e9cada. La cifra da cuenta de la crisis que enfrentan los trabajadores de la prensa, que los ha obligado a buscar nuevos rumbos sin dejar el periodismo, un oficio que apasiona.<\/span><\/p>\n<\/div>\n<\/div>\n<\/div>\n<\/div>\n<\/div>","protected":false},"excerpt":{"rendered":"<p>Carmen Aristegui Flores es una influyente periodista mexicana. Destaca por su trabajo en programas informativos en radio y televisi\u00f3n de M\u00e9xico. Adem\u00e1s, integra el Consejo Rector del Premio Gabo de la Fundaci\u00f3n Gabriel Garc\u00eda M\u00e1rquez. Dirige y conduce el noticiero matutino Aristegui en vivo, desde el portal Aristegui Noticias, el programa de entrevistas que lleva &hellip; <a href=\"https:\/\/unifranz.edu.bo\/pt\/carreras\/marca-personal-una-oportunidad-para-el-periodista\/\">Continued<\/a><\/p>","protected":false},"author":45,"featured_media":126360,"comment_status":"open","ping_status":"open","sticky":false,"template":"","format":"standard","meta":{"_acf_changed":false,"footnotes":""},"categories":[60,35,2566,1862,2592,1858,2858,2068,1782],"tags":[2880,3822,3206,278,681,242],"class_list":["post-126359","post","type-post","status-publish","format-standard","has-post-thumbnail","hentry","category-blog","category-carreras","category-docente","category-educacion","category-empoderamiento","category-entrevista","category-innovacion-en-educacion","category-periodismo-es","category-unifranz","tag-carrera-de-periodismo","tag-marca-personal","tag-oportunidad","tag-periodismo","tag-redes-sociales","tag-unifranz"],"acf":[],"_links":{"self":[{"href":"https:\/\/unifranz.edu.bo\/pt\/wp-json\/wp\/v2\/posts\/126359","targetHints":{"allow":["GET"]}}],"collection":[{"href":"https:\/\/unifranz.edu.bo\/pt\/wp-json\/wp\/v2\/posts"}],"about":[{"href":"https:\/\/unifranz.edu.bo\/pt\/wp-json\/wp\/v2\/types\/post"}],"author":[{"embeddable":true,"href":"https:\/\/unifranz.edu.bo\/pt\/wp-json\/wp\/v2\/users\/45"}],"replies":[{"embeddable":true,"href":"https:\/\/unifranz.edu.bo\/pt\/wp-json\/wp\/v2\/comments?post=126359"}],"version-history":[{"count":1,"href":"https:\/\/unifranz.edu.bo\/pt\/wp-json\/wp\/v2\/posts\/126359\/revisions"}],"predecessor-version":[{"id":126361,"href":"https:\/\/unifranz.edu.bo\/pt\/wp-json\/wp\/v2\/posts\/126359\/revisions\/126361"}],"wp:featuredmedia":[{"embeddable":true,"href":"https:\/\/unifranz.edu.bo\/pt\/wp-json\/wp\/v2\/media\/126360"}],"wp:attachment":[{"href":"https:\/\/unifranz.edu.bo\/pt\/wp-json\/wp\/v2\/media?parent=126359"}],"wp:term":[{"taxonomy":"category","embeddable":true,"href":"https:\/\/unifranz.edu.bo\/pt\/wp-json\/wp\/v2\/categories?post=126359"},{"taxonomy":"post_tag","embeddable":true,"href":"https:\/\/unifranz.edu.bo\/pt\/wp-json\/wp\/v2\/tags?post=126359"}],"curies":[{"name":"wp","href":"https:\/\/api.w.org\/{rel}","templated":true}]}}