{"id":126255,"date":"2023-03-21T14:20:43","date_gmt":"2023-03-21T18:20:43","guid":{"rendered":"https:\/\/unifranz.edu.bo\/?p=126255"},"modified":"2023-03-21T14:20:43","modified_gmt":"2023-03-21T18:20:43","slug":"convenio-entre-cenvicruz-y-unifranz-busca-dar-una-segunda-oportunidad-a-menores-infractores-de-la-ley","status":"publish","type":"post","link":"https:\/\/unifranz.edu.bo\/pt\/blog\/convenio-entre-cenvicruz-y-unifranz-busca-dar-una-segunda-oportunidad-a-menores-infractores-de-la-ley\/","title":{"rendered":"Convenio entre Cenvicruz y Unifranz busca dar una segunda oportunidad a menores infractores de la ley"},"content":{"rendered":"<div>\n<p><span style=\"color: #000000;\">Paolo jam\u00e1s imagin\u00f3 que lo que parec\u00eda una travesura t\u00edpica de juventud se convertir\u00eda en una pesadilla de la que dif\u00edcilmente podr\u00eda salir. Lo iniciaron robando celulares en la calle y termin\u00f3 en el Centro de Rehabilitaci\u00f3n por un asalto a mano armada, en la que el padre de tres ni\u00f1os, dedicado al comercio, perder\u00eda la vida.<\/span><\/p>\n<\/div>\n<div>\n<p><span style=\"color: #000000;\">El adolescente es uno de los\u00a0<strong>cientos de j\u00f3venes<\/strong>\u00a0que son enviados a los centros de rehabilitaci\u00f3n y que\u00a0<strong>necesitan ayuda para reencaminar su vida.\u00a0<\/strong>En ese marco el Centro Educativo Piloto de Justicia Penal Juvenil Nueva Vida Santa Cruz ,\u00a0<strong>Cenvicruz<\/strong>, dependiente de la Gobernaci\u00f3n cruce\u00f1a\u00a0<strong>y la Universidad Franz Tamayo, Unifranz, suscribieron un convenio de cooperaci\u00f3n<\/strong>\u00a0interinstitucional para coadyuvar en la reintegraci\u00f3n social a adolescentes y j\u00f3venes infractores de la ley, que son acogidos en centros de orientaci\u00f3n.<\/span><\/p>\n<\/div>\n<div>\n<p><span style=\"color: #000000;\">El convenio ser\u00e1 ejecutado a partir de actividades, programas y\/o\u00a0<strong>proyectos\u00a0<\/strong>que se coordinar\u00e1n entre ambas instituciones sobre temas<strong>\u00a0de inter\u00e9s social, educativos, culturales, cient\u00edficos, de desarrollo humano,<\/strong>\u00a0tecnol\u00f3gicos y de medio ambiente, en beneficio de la comunidad.<\/span><\/p>\n<div>\n<p><span style=\"color: #000000;\">Luis Enrique P\u00e1ez Andrade, decano de la Facultad de Ciencias Jur\u00eddicas de Unifranz, destac\u00f3 que los proyectos se ejecutar\u00e1n con una mirada global y que<strong>\u00a0la universidad brindar\u00e1 apoyo en temas psiqui\u00e1tricos y psicol\u00f3gicos,<\/strong>\u00a0adem\u00e1s de articular programas de car\u00e1cter formativo de los adolescentes y j\u00f3venes de los centros de atenci\u00f3n al Sistema Penal a cargo de Cenvicruz.<\/span><\/p>\n<\/div>\n<div>\n<p><span style=\"color: #000000;\">\u201cSeremos facilitadores para el desarrollo de este programa en lo que se refiere a capacitaci\u00f3n. Vamos a facilitar y articular los programas para que se pueda generar una formaci\u00f3n global y no sesgada\u201d, dijo el acad\u00e9mico.<\/span><\/p>\n<\/div>\n<div>\n<p><span style=\"color: #000000;\">Son varios los casos de adolescentes que ser\u00e1n beneficiados con el acuerdo. \u201cQueria aparentar ser rica\u201d, dijo a los medios una adolescente de 17 a\u00f1os \u2013hace unos d\u00edas\u2013 al relatar el rob\u00f3 de 30 mil d\u00f3lares a su madre. La acusada fue enviada con detenci\u00f3n preventiva por 120 d\u00edas al centro de rehabilitaci\u00f3n &#8216;Cenvicruz&#8217;.<\/span><\/p>\n<div>\n<p><span style=\"color: #000000;\">\u201cElla me dec\u00eda que saque plata y le preste porque ella necesitaba (..) y as\u00ed\u00a0\u00a0saqu\u00e9 30 mil d\u00f3lares de la caja de mi mam\u00e1\u201d, dijo la joven al momento de asegurar que estaba arrepentida.\u00a0<\/span><\/p>\n<\/div>\n<div>\n<p><span style=\"color: #000000;\">Cenvicruz y Unifranz llevan adelante un trabajo coordinado desde hace m\u00e1s de dos a\u00f1os con menores infractores de la ley a trav\u00e9s de terapias restaurativas. A partir de la intervenci\u00f3n de Proyecto Mundo, y la firma del convenio, se realizan atenciones psicol\u00f3gicas, en psicoeducaci\u00f3n y reinserci\u00f3n social.<\/span><\/p>\n<div>\n<p><span style=\"color: #000000;\">\u201cTenemos\u00a0<strong>estudantes\u00a0<\/strong>que\u00a0<strong>han sido formados por el Proyecto Mundo<\/strong>, trabajando en este centro, ellos est\u00e1n midiendo la capacidad de reincidencia de todos los privados de libertad que son menores, les est\u00e1n aplicando pruebas para ver la posibilidad de reincidir en el mismo problema\u201d, inform\u00f3 por su parte James Robles, director de la carrera de Psicolog\u00eda de Unifranz en la capital oriental.<\/span><\/p>\n<\/div>\n<div>\n<p><span style=\"color: #000000;\"><strong>Ejes estrat\u00e9gicos del convenio<\/strong><\/span><\/p>\n<\/div>\n<div>\n<p><span style=\"color: #000000;\">Tres ejes estrat\u00e9gicos guiar\u00e1n el cumplimiento del convenio suscrito por Pedro Becerra, director de Cenvicruz, y Carlos Dabdoub, vicerrector de Unifranz Santa Cruz. Estos puntos refieren a la gesti\u00f3n del desarrollo acad\u00e9mico formativo e investigaci\u00f3n y extensi\u00f3n universitaria.<\/span><\/p>\n<div>\n<p style=\"text-align: center;\"><img decoding=\"async\" src=\"https:\/\/static.eldeber.com.bo\/\/Files\/Sizes\/2023\/3\/21\/cenvicruz_284934784_760x520.jpg\" \/><\/p>\n<\/div>\n<div>\n<div style=\"text-align: center;\"><span style=\"color: #000000;\"><i>Pedro Becerra, director de Cenvicruz, y\u00a0 Carlos Dabdoub, vicerrector Unifranz, muestran los convenios firmados<\/i><\/span><\/div>\n<div><\/div>\n<div>\n<div>\n<p><span style=\"color: #000000;\"><span style=\"font-family: inherit;\">En\u00a0gesti\u00f3n del desarrollo, ambas instituciones\u00a0<\/span><strong><span style=\"font-family: inherit;\">trabajar\u00e1n en asesoramiento\u00a0<\/span><\/strong>para la elaboraci\u00f3n e implementaci\u00f3n conjunta\u00a0<strong><span style=\"font-family: inherit;\">de proyectos e investigaciones.\u00a0<\/span><\/strong><span style=\"font-family: inherit;\">En la b\u00fasqueda de financiamiento para programas y proyectos considerados en los planes y programas que desarrollan las partes y en la elaboraci\u00f3n de instrumentos de planificaci\u00f3n, seguimiento y evaluaci\u00f3n de gesti\u00f3n de las partes.<\/span><\/span><\/p>\n<\/div>\n<div>\n<p><span style=\"color: #000000;\">En el eje\u00a0acad\u00e9mico formativo y de investigaci\u00f3n\u00a0se\u00a0desarrollar\u00e1n\u00a0<strong>cursos post graduales especializados para servidores p\u00fablicos\u00a0<\/strong>de Cenvicruz en \u00e1reas requeridas y de especialidad en sus facultades con reconocimiento acad\u00e9mico de Unifranz. A la organizaci\u00f3n de espacios acad\u00e9micos, di\u00e1logo, debate, retroalimentaci\u00f3n y proposici\u00f3n sobre tem\u00e1ticas de inter\u00e9s de las partes. Y el intercambio de publicaciones y de informaci\u00f3n en campos espec\u00edficos de estudio o investigaci\u00f3n de inter\u00e9s para las partes.<\/span><\/p>\n<div>\n<p><span style=\"color: #000000;\">En cuanto a\u00a0extensi\u00f3n universitaria, se desarrollar\u00e1n cursos, talleres y otras formas de intervenci\u00f3n destinados a atender diversas demandas sociales en distintas regiones y departamentos de Bolivia.\u00a0<strong>Implementaci\u00f3n de programas de pasant\u00edas y pr\u00e1cticas\u00a0<\/strong>pre profesionales en planes, programas y proyectos con los que cuente Cenvicruz y para los que requiera la intervenci\u00f3n de estudiantes de Unifranz. Y la participaci\u00f3n de docentes y profesionales de Unifranz en la elaboraci\u00f3n e implementaci\u00f3n de iniciativas, programas y\/o proyectos desarrollados por Cenvicruz.<\/span><\/p>\n<\/div>\n<div>\n<p><span style=\"color: #000000;\">Durante el acto de firma de convenio, el vicerrector de Unifranz Santa Cruz, Carlos Dabdoub, destac\u00f3 que la responsabilidad social que caracteriza a la universidad permiten<strong>\u00a0este tipo de alianzas<\/strong>\u00a0que<strong>\u00a0favorecen a poblaciones en situaci\u00f3n de vulnerabilidad<\/strong>.<\/span><\/p>\n<\/div>\n<div>\n<p><span style=\"color: #000000;\">\u00abSiempre ha sido una pol\u00edtica de los cruce\u00f1os hacer alianzas entre instituciones, porque es la \u00fanica forma en la que hemos conseguido el desarrollo. Hoy firmamos un convenio muy importante, tomando en cuenta que la Unifranz tiene como principal funci\u00f3n cumplir con su responsabilidad social\u00bb, afirm\u00f3 Carlos Dabdoub, vicerrector de Unifranz Santa Cruz.<\/span><\/p>\n<p><span style=\"color: #000000;\">Pedro Becerra, director de Cenvicruz, sostuvo que, en total,<strong>\u00a0300 internos<\/strong>\u00a0del Centro que se encuentra en el municipio de El Torno<strong>\u00a0ser\u00e1n beneficiados<\/strong>\u00a0gracias al convenio firmado.\u00a0<\/span><\/p>\n<\/div>\n<\/div>\n<\/div>\n<\/div>\n<\/div>\n<\/div>\n<\/div>\n<\/div>","protected":false},"excerpt":{"rendered":"<p>Paolo jam\u00e1s imagin\u00f3 que lo que parec\u00eda una travesura t\u00edpica de juventud se convertir\u00eda en una pesadilla de la que dif\u00edcilmente podr\u00eda salir. Lo iniciaron robando celulares en la calle y termin\u00f3 en el Centro de Rehabilitaci\u00f3n por un asalto a mano armada, en la que el padre de tres ni\u00f1os, dedicado al comercio, perder\u00eda &hellip; <a href=\"https:\/\/unifranz.edu.bo\/pt\/blog\/convenio-entre-cenvicruz-y-unifranz-busca-dar-una-segunda-oportunidad-a-menores-infractores-de-la-ley\/\">Continued<\/a><\/p>","protected":false},"author":45,"featured_media":126256,"comment_status":"open","ping_status":"open","sticky":false,"template":"","format":"standard","meta":{"_acf_changed":false,"footnotes":""},"categories":[3172,60,2186,1708,2858,2388,2194,1782,2266],"tags":[3744,39,3794,3796,3792,240,3790,242],"class_list":["post-126255","post","type-post","status-publish","format-standard","has-post-thumbnail","hentry","category-aprendizaje","category-blog","category-carreras-es","category-innovacion","category-innovacion-en-educacion","category-jovenes","category-psicologia","category-unifranz","category-voluntariado","tag-cenvicruz","tag-derecho","tag-infractores","tag-ley","tag-menores","tag-psicologia","tag-segunda-oportunidad","tag-unifranz"],"acf":[],"_links":{"self":[{"href":"https:\/\/unifranz.edu.bo\/pt\/wp-json\/wp\/v2\/posts\/126255","targetHints":{"allow":["GET"]}}],"collection":[{"href":"https:\/\/unifranz.edu.bo\/pt\/wp-json\/wp\/v2\/posts"}],"about":[{"href":"https:\/\/unifranz.edu.bo\/pt\/wp-json\/wp\/v2\/types\/post"}],"author":[{"embeddable":true,"href":"https:\/\/unifranz.edu.bo\/pt\/wp-json\/wp\/v2\/users\/45"}],"replies":[{"embeddable":true,"href":"https:\/\/unifranz.edu.bo\/pt\/wp-json\/wp\/v2\/comments?post=126255"}],"version-history":[{"count":1,"href":"https:\/\/unifranz.edu.bo\/pt\/wp-json\/wp\/v2\/posts\/126255\/revisions"}],"predecessor-version":[{"id":126257,"href":"https:\/\/unifranz.edu.bo\/pt\/wp-json\/wp\/v2\/posts\/126255\/revisions\/126257"}],"wp:featuredmedia":[{"embeddable":true,"href":"https:\/\/unifranz.edu.bo\/pt\/wp-json\/wp\/v2\/media\/126256"}],"wp:attachment":[{"href":"https:\/\/unifranz.edu.bo\/pt\/wp-json\/wp\/v2\/media?parent=126255"}],"wp:term":[{"taxonomy":"category","embeddable":true,"href":"https:\/\/unifranz.edu.bo\/pt\/wp-json\/wp\/v2\/categories?post=126255"},{"taxonomy":"post_tag","embeddable":true,"href":"https:\/\/unifranz.edu.bo\/pt\/wp-json\/wp\/v2\/tags?post=126255"}],"curies":[{"name":"wp","href":"https:\/\/api.w.org\/{rel}","templated":true}]}}