{"id":124435,"date":"2023-03-16T17:52:51","date_gmt":"2023-03-16T21:52:51","guid":{"rendered":"https:\/\/unifranz.edu.bo\/?p=124435"},"modified":"2023-03-17T09:54:40","modified_gmt":"2023-03-17T13:54:40","slug":"proyectos-innovadores-buscan-modernizar-el-municipio-de-san-carlos","status":"publish","type":"post","link":"https:\/\/unifranz.edu.bo\/pt\/blog\/proyectos-innovadores-buscan-modernizar-el-municipio-de-san-carlos\/","title":{"rendered":"Proyectos innovadores buscan modernizar el municipio de San Carlos"},"content":{"rendered":"<p><span style=\"color: #000000;\">Estudiantes de distintos semestres de la carrera de Arquitectura de Unifranz Santa Cruz, presentaron 12 modernos e innovadores proyectos arquitect\u00f3nicos al municipio de San Carlos, ubicado al noroeste de la ciudad de Santa Cruz de la Sierra, en la provincia de Ichilo del departamento de Santa Cruz.<\/span><\/p>\n<p><span style=\"color: #000000;\">Con el objetivo de generar espacios reales de trabajo para los alumnos, ofreciendo proyectos que plasmen una realidad moderna e integradora, 30 estudiantes se trasladaron a este municipio para exponer y detallar los proyectos a sus m\u00e1ximas autoridades y vecinos. Las maquetas estar\u00e1n disponibles para su exposici\u00f3n hasta finalizar marzo, en el Museo Arqueol\u00f3gico San Carlos.<\/span><\/p>\n<p><span style=\"color: #000000;\">Oscar Cinko, alcalde de San Carlos, asegur\u00f3 que, a trav\u00e9s de convenios, seguir\u00e1 trabajando con la Unifranz, pues su objetivo es promover los atractivos tur\u00edsticos de su municipio con proyectos innovadores: \u201cEstos trabajos sirven de mucha ayuda para iniciar la b\u00fasqueda de financiamientos. Nos da la esperanza de que en un futuro estos proyectos ser\u00e1n una realidad para beneficio de nuestra poblaci\u00f3n\u201d.<\/span><\/p>\n<figure id=\"attachment_124437\" aria-describedby=\"caption-attachment-124437\" style=\"width: 1024px\" class=\"wp-caption aligncenter\"><img loading=\"lazy\" decoding=\"async\" class=\"wp-image-124437 size-large\" src=\"https:\/\/unifranz.edu.bo\/wp-content\/uploads\/2023\/03\/DSC_0190-1024x673.jpg\" alt=\"\" width=\"1024\" height=\"673\" srcset=\"https:\/\/unifranz.edu.bo\/wp-content\/uploads\/2023\/03\/DSC_0190-1024x673.jpg 1024w, https:\/\/unifranz.edu.bo\/wp-content\/uploads\/2023\/03\/DSC_0190-300x197.jpg 300w, https:\/\/unifranz.edu.bo\/wp-content\/uploads\/2023\/03\/DSC_0190-768x505.jpg 768w, https:\/\/unifranz.edu.bo\/wp-content\/uploads\/2023\/03\/DSC_0190-1536x1009.jpg 1536w, https:\/\/unifranz.edu.bo\/wp-content\/uploads\/2023\/03\/DSC_0190-2048x1345.jpg 2048w, https:\/\/unifranz.edu.bo\/wp-content\/uploads\/2023\/03\/DSC_0190-18x12.jpg 18w\" sizes=\"auto, (max-width: 1024px) 100vw, 1024px\" \/><figcaption id=\"caption-attachment-124437\" class=\"wp-caption-text\"><span style=\"color: #000000;\"><em>Estudiantes y docentes de Arquitectura de Unifranz Santa Cruz<\/em><\/span><\/figcaption><\/figure>\n<p><span style=\"color: #000000;\">\u201cDesde el lado acad\u00e9mico, es importante que los estudiantes puedan tener escenarios reales de trabajo. Es tambi\u00e9n una oportunidad para el municipio, donde podr\u00e1n concretar varios proyectos y considerar a la universidad como un brazo t\u00e9cnico para acompa\u00f1ar su desarrollo\u201d, se\u00f1al\u00f3 Gabriel Garc\u00eda, director de la carrera de Arquitectura de Unifranz.<\/span><\/p>\n<p><span style=\"color: #000000;\">Adem\u00e1s, agradeci\u00f3 la iniciativa del profesor N\u00e9stor Zambrana de la Fundaci\u00f3n Pioneros y de Adri\u00e1n Cardona, presidente del Concejo Municipal de San Carlos, quienes se acercaron a la universidad y, a trav\u00e9s del programa Socio Formador de Unifranz, se logr\u00f3 que los estudiantes se involucren en el desarrollo de los proyectos, siendo el inicio de c\u00f3mo se gener\u00f3 esta muestra de trabajo.<\/span><\/p>\n<p><span style=\"color: #000000;\">Los estudiantes del proyecto integrador intermedio 1 de quinto semestre, desarrollaron terminales con comedor y la carretera de San Carlos \u2013 Santa Cruz. En el proyecto integrador intermedio 2 de sexto semestre, generaron la complementaci\u00f3n del proyecto de la Iglesia del Divino Ni\u00f1o. En el proyecto integrador intermedio 3 de s\u00e9ptimo semestre, desarrollaron plantas procesadoras de frutas. Y el proyecto integrador final de octavo semestre, dise\u00f1\u00f3 el centro educativo de Santa Fe, The Omena College.<\/span><\/p>","protected":false},"excerpt":{"rendered":"<p>Estudiantes de distintos semestres de la carrera de Arquitectura de Unifranz Santa Cruz, presentaron 12 modernos e innovadores proyectos arquitect\u00f3nicos al municipio de San Carlos, ubicado al noroeste de la ciudad de Santa Cruz de la Sierra, en la provincia de Ichilo del departamento de Santa Cruz. Con el objetivo de generar espacios reales de &hellip; <a href=\"https:\/\/unifranz.edu.bo\/pt\/blog\/proyectos-innovadores-buscan-modernizar-el-municipio-de-san-carlos\/\">Continued<\/a><\/p>","protected":false},"author":33,"featured_media":124436,"comment_status":"open","ping_status":"open","sticky":false,"template":"","format":"standard","meta":{"_acf_changed":false,"footnotes":""},"categories":[3172,1884,60,454,1862,2858,1782],"tags":[428,3766,210,3764,3762,3760],"class_list":["post-124435","post","type-post","status-publish","format-standard","has-post-thumbnail","hentry","category-aprendizaje","category-arquitectura","category-blog","category-convenios","category-educacion","category-innovacion-en-educacion","category-unifranz","tag-arquitectura","tag-desarrollo-cruceno","tag-innovacion","tag-progreso","tag-proyectos-arquitectonicos","tag-san-carlos"],"acf":[],"_links":{"self":[{"href":"https:\/\/unifranz.edu.bo\/pt\/wp-json\/wp\/v2\/posts\/124435","targetHints":{"allow":["GET"]}}],"collection":[{"href":"https:\/\/unifranz.edu.bo\/pt\/wp-json\/wp\/v2\/posts"}],"about":[{"href":"https:\/\/unifranz.edu.bo\/pt\/wp-json\/wp\/v2\/types\/post"}],"author":[{"embeddable":true,"href":"https:\/\/unifranz.edu.bo\/pt\/wp-json\/wp\/v2\/users\/33"}],"replies":[{"embeddable":true,"href":"https:\/\/unifranz.edu.bo\/pt\/wp-json\/wp\/v2\/comments?post=124435"}],"version-history":[{"count":2,"href":"https:\/\/unifranz.edu.bo\/pt\/wp-json\/wp\/v2\/posts\/124435\/revisions"}],"predecessor-version":[{"id":124735,"href":"https:\/\/unifranz.edu.bo\/pt\/wp-json\/wp\/v2\/posts\/124435\/revisions\/124735"}],"wp:featuredmedia":[{"embeddable":true,"href":"https:\/\/unifranz.edu.bo\/pt\/wp-json\/wp\/v2\/media\/124436"}],"wp:attachment":[{"href":"https:\/\/unifranz.edu.bo\/pt\/wp-json\/wp\/v2\/media?parent=124435"}],"wp:term":[{"taxonomy":"category","embeddable":true,"href":"https:\/\/unifranz.edu.bo\/pt\/wp-json\/wp\/v2\/categories?post=124435"},{"taxonomy":"post_tag","embeddable":true,"href":"https:\/\/unifranz.edu.bo\/pt\/wp-json\/wp\/v2\/tags?post=124435"}],"curies":[{"name":"wp","href":"https:\/\/api.w.org\/{rel}","templated":true}]}}