{"id":124362,"date":"2023-03-16T13:40:41","date_gmt":"2023-03-16T17:40:41","guid":{"rendered":"https:\/\/unifranz.edu.bo\/?p=124362"},"modified":"2023-03-16T15:37:22","modified_gmt":"2023-03-16T19:37:22","slug":"operacion-sonrisa-500-personas-se-movilizaran-en-una-campana-medica-solidaria","status":"publish","type":"post","link":"https:\/\/unifranz.edu.bo\/pt\/blog\/operacion-sonrisa-500-personas-se-movilizaran-en-una-campana-medica-solidaria\/","title":{"rendered":"Operaci\u00f3n Sonrisa: 500 personas se movilizar\u00e1n en una campa\u00f1a m\u00e9dica solidaria"},"content":{"rendered":"<p><span style=\"color: #000000;\">Por Lily Zurita<\/span><\/p>\n<div>\n<p><span style=\"color: #000000;\">La Fundaci\u00f3n Operaci\u00f3n Sonrisa ultima detalles para el proceso de preselecci\u00f3n de pacientes que podr\u00edan acceder a la campa\u00f1a Operaci\u00f3n Sonrisa.\u00a0<strong>Las intervenciones quir\u00fargicas benefician a ni\u00f1os y adultos<\/strong>\u00a0con problemas de labio fisurado o paladar hendido.<\/span><\/p>\n<\/div>\n<div>\n<p><span style=\"color: #000000;\"><strong>M\u00e1s de 500 personas est\u00e1n movilizadas<\/strong>\u00a0para facilitar y acelerar la atenci\u00f3n. M\u00e9dicos, odont\u00f3logos, enfermeras, personal de salud y administrativos trabajan incansablemente para que los pacientes y sus familias reciban la mejor atenci\u00f3n. Este mismo s\u00e1bado,\u00a018 de marzo , se realizar\u00e1n las valoraciones de los postulantes a las operaciones. Desde las 08:00 de la ma\u00f1ana, los\u00a0<strong>equipos m\u00e9dicos realizar\u00e1n las evaluaciones<\/strong>\u00a0en las instalaciones de\u00a0 la cl\u00ednica odontol\u00f3gica de la Universidad Franz Tamayo, sede El Alto,ubicada en la avenida del Aeropuerto Internacional de El Alto #1015. La alianza estrat\u00e9gica entre la fundaci\u00f3n Unifranz y Operaci\u00f3n Sonrisa viabiliza la atenci\u00f3n.<\/span><\/p>\n<\/div>\n<p><span style=\"color: #000000;\">Cecilia Vaca, directora de la Fundaci\u00f3n Operaci\u00f3n Sonrisa, inform\u00f3 que la campa\u00f1a est\u00e1 dirigida a ni\u00f1os mayores de seis meses y adultos que tienen el problema de labio fisurado o paladar hendido.<\/span><\/p>\n<p><span style=\"color: #000000;\">La cirug\u00eda y todas las valoraciones y laboratorios, adem\u00e1s del traslado del paciente y un acompa\u00f1ante, alimentaci\u00f3n y alojamiento en la ciudad de Santa Cruz para la valoraci\u00f3n final (ya que no todos los pacientes son aptos para la cirug\u00eda debido a otro tipo de complicaciones m\u00e9dicas) son totalmente gratuitas.\u00a0<\/span><\/p>\n<p><span style=\"color: #000000;\">\u201cLo que hacemos es una evaluaci\u00f3n m\u00e9dica previa a pacientes que vienen de ciudades alejadas a fin que no vengan en vano. Las valoraciones previas ser\u00e1n este s\u00e1bado 18 de marzo tanto en La Paz, Cochabamba y Santa Cruz. La selecci\u00f3n final ser\u00e1 el 25 de marzo (una semana despu\u00e9s). Dos m\u00e9dicos extranjeros certificados tendr\u00e1n a cargo las cirug\u00edas\u201d, inform\u00f3 la responsable de Operaci\u00f3n Sonrisa.<\/span><\/p>\n<p><span style=\"color: #000000;\"><strong>Labio fisurado y paladar hendido<\/strong><\/span><\/p>\n<p><span style=\"color: #000000;\">Ambos son alteraciones en la formaci\u00f3n del reci\u00e9n nacido en el vientre materno. El labio fisurado es cuando no se han cerrado correctamente los tejidos que forman el labio. \u201cPor alguna circunstancia, no se cierran los mamelones (..) debido a que alg\u00fan factor ha interrumpido, en alg\u00fan momento del embarazo, ese cierre. Lo mismo pasa con el paladar hendido\u201d, aclara el doctor \u00c1lvaro Ib\u00e1\u00f1ez, director de la carrera de Odontolog\u00eda de la Universidad Franz Tamayo, Unifranz El Alto.<\/span><\/p>\n<p><span style=\"color: #000000;\">Esta anomal\u00eda de desarrollo se puede dar s\u00f3lo en el labio (fisurado), s\u00f3lo en el paladar (hendido) o en ambos.<\/span><\/p>\n<p><img loading=\"lazy\" decoding=\"async\" class=\"wp-image-124376 aligncenter\" src=\"https:\/\/unifranz.edu.bo\/wp-content\/uploads\/2023\/03\/329037879_928720514824055_8186617013541566050_n-300x247.jpg\" alt=\"\" width=\"532\" height=\"438\" srcset=\"https:\/\/unifranz.edu.bo\/wp-content\/uploads\/2023\/03\/329037879_928720514824055_8186617013541566050_n-300x247.jpg 300w, https:\/\/unifranz.edu.bo\/wp-content\/uploads\/2023\/03\/329037879_928720514824055_8186617013541566050_n-15x12.jpg 15w, https:\/\/unifranz.edu.bo\/wp-content\/uploads\/2023\/03\/329037879_928720514824055_8186617013541566050_n.jpg 720w\" sizes=\"auto, (max-width: 532px) 100vw, 532px\" \/><\/p>\n<p><span style=\"color: #000000;\"><strong>La log\u00edstica para el D\u00eda D<\/strong><\/span><\/p>\n<p><span style=\"color: #000000;\">Log\u00edsticamente, la campa\u00f1a de este s\u00e1bado empezar\u00e1 a las 08.00. La Cl\u00ednica Odontol\u00f3gica de Unifranz est\u00e1 tomando previsiones para colocar sillas y carpas para garantizar la comodidad de las familias que asistan junto con sus peque\u00f1os hijos. Se prev\u00e9 que la jornada culmine a las 17:00 con el \u00faltimo paciente valorado.<\/span><\/p>\n<p><span style=\"color: #000000;\">\u201cEs una campa\u00f1a grande y muy importante de la Universidad, enmarcada en la responsabilidad social empresarial de la mano de la Fundaci\u00f3n Operaci\u00f3n Sonrisa, Fundaci\u00f3n Unifranz y otras empresas e instituciones que est\u00e1n apoyando la versi\u00f3n 2023 de la campa\u00f1a Operaci\u00f3n Sonrisa. Esperamos que sea la punta de lanza para tener este tipo de campa\u00f1as de manera recurrente y cada a\u00f1o\u201d, puntualiz\u00f3 Ib\u00e1\u00f1ez.<\/span><\/p>\n<p><span style=\"color: #000000;\">El acad\u00e9mico aclar\u00f3 que la carrera de Odontolog\u00eda de Unifranz en El Alto coadyuvar\u00e1 con docentes y estudiantes, tanto en la log\u00edstica<\/span> <span style=\"color: #000000;\">como en las mismas valoraciones y que, en la jornada, se realizar\u00e1n diagn\u00f3sticos y tratamientos b\u00e1sicos para cuidado dental.\u00a0<\/span><\/p>\n<p><span style=\"color: #000000;\"><strong>Campa\u00f1a busca recuperar la sonrisa de miles de ni\u00f1os<\/strong><\/span><\/p>\n<p><span style=\"color: #000000;\">En tanto, la directora de la Fundaci\u00f3n Unifranz, Pilar Hidalgo, inform\u00f3 que la campa\u00f1a Operaci\u00f3n Sonrisa tiene un enfoque solidario hacia decenas de ni\u00f1os que sufren por esta malformaci\u00f3n y no tienen calidad de vida. El n\u00famero de beneficiarios de las cirug\u00edas depender\u00e1 de los resultados de las evaluaciones m\u00e9dicas que se realicen.<\/span><\/p>\n<p><span style=\"color: #000000;\">\u201cEstamos conscientes de que fortalecer programas que viabilicen el acceso a la salud en poblaciones vulnerables se convierte en la base de esta colaboraci\u00f3n, donde Unifranz, mediante su Fundaci\u00f3n, abre las puertas para que estas familias puedan ser parte de esta pre selecci\u00f3n para la realizaci\u00f3n de cirug\u00edas reconstructivas gratuitas de labio fisurado y\/o paladar hendido\u201d, destaca Hidalgo.<\/span><\/p>\n<p><span style=\"color: #000000;\">Seg\u00fan la responsable de la Fundaci\u00f3n Unifranz, el rol de la instituci\u00f3n consiste en la movilizaci\u00f3n del equipo m\u00e9dico de la cl\u00ednica odontol\u00f3gica que ayudar\u00e1 en la realizaci\u00f3n de las pruebas m\u00e9dicas y de laboratorio que son parte del proceso de selecci\u00f3n. Adem\u00e1s, la comunidad acad\u00e9mica ha dise\u00f1ado una serie de actividades para que los ni\u00f1os y sus familias que llegan desde distintos lugares del departamento tengan un tiempo de espera ameno.<\/span><\/p>\n<p><span style=\"color: #000000;\">\u201cSo\u00f1amos con poder convertir la Cl\u00ednica Odontol\u00f3gica El Alto en centro de referencia para la pre y post preparaci\u00f3n de estos ni\u00f1os que muchas veces necesitan fortalecer su rehabilitaci\u00f3n de manera m\u00e1s completa\u201d, finaliz\u00f3 Hidalgo.<\/span><\/p>\n<p><span style=\"color: #000000;\">Los interesados o que conozcan a personas con problemas de labio fisurado y\/o paladar hendido pueden llamar a los tel\u00e9fonos m\u00f3viles\u00a079036056 \u2013 76342007, para cualquier consulta adicional.<\/span><\/p>","protected":false},"excerpt":{"rendered":"<p>Por Lily Zurita La Fundaci\u00f3n Operaci\u00f3n Sonrisa ultima detalles para el proceso de preselecci\u00f3n de pacientes que podr\u00edan acceder a la campa\u00f1a Operaci\u00f3n Sonrisa.\u00a0Las intervenciones quir\u00fargicas benefician a ni\u00f1os y adultos\u00a0con problemas de labio fisurado o paladar hendido. M\u00e1s de 500 personas est\u00e1n movilizadas\u00a0para facilitar y acelerar la atenci\u00f3n. M\u00e9dicos, odont\u00f3logos, enfermeras, personal de salud &hellip; <a href=\"https:\/\/unifranz.edu.bo\/pt\/blog\/operacion-sonrisa-500-personas-se-movilizaran-en-una-campana-medica-solidaria\/\">Continued<\/a><\/p>","protected":false},"author":45,"featured_media":124373,"comment_status":"open","ping_status":"open","sticky":false,"template":"","format":"standard","meta":{"_acf_changed":false,"footnotes":""},"categories":[60,2186,2008,3654,2858],"tags":[3752,3754,236,3672,242],"class_list":["post-124362","post","type-post","status-publish","format-standard","has-post-thumbnail","hentry","category-blog","category-carreras-es","category-diseno","category-felicidad","category-innovacion-en-educacion","tag-500-voluntarios","tag-campana-solodaria","tag-fundacion-unifranz","tag-operacion-sonrisa","tag-unifranz"],"acf":[],"_links":{"self":[{"href":"https:\/\/unifranz.edu.bo\/pt\/wp-json\/wp\/v2\/posts\/124362","targetHints":{"allow":["GET"]}}],"collection":[{"href":"https:\/\/unifranz.edu.bo\/pt\/wp-json\/wp\/v2\/posts"}],"about":[{"href":"https:\/\/unifranz.edu.bo\/pt\/wp-json\/wp\/v2\/types\/post"}],"author":[{"embeddable":true,"href":"https:\/\/unifranz.edu.bo\/pt\/wp-json\/wp\/v2\/users\/45"}],"replies":[{"embeddable":true,"href":"https:\/\/unifranz.edu.bo\/pt\/wp-json\/wp\/v2\/comments?post=124362"}],"version-history":[{"count":4,"href":"https:\/\/unifranz.edu.bo\/pt\/wp-json\/wp\/v2\/posts\/124362\/revisions"}],"predecessor-version":[{"id":124404,"href":"https:\/\/unifranz.edu.bo\/pt\/wp-json\/wp\/v2\/posts\/124362\/revisions\/124404"}],"wp:featuredmedia":[{"embeddable":true,"href":"https:\/\/unifranz.edu.bo\/pt\/wp-json\/wp\/v2\/media\/124373"}],"wp:attachment":[{"href":"https:\/\/unifranz.edu.bo\/pt\/wp-json\/wp\/v2\/media?parent=124362"}],"wp:term":[{"taxonomy":"category","embeddable":true,"href":"https:\/\/unifranz.edu.bo\/pt\/wp-json\/wp\/v2\/categories?post=124362"},{"taxonomy":"post_tag","embeddable":true,"href":"https:\/\/unifranz.edu.bo\/pt\/wp-json\/wp\/v2\/tags?post=124362"}],"curies":[{"name":"wp","href":"https:\/\/api.w.org\/{rel}","templated":true}]}}