{"id":114596,"date":"2023-03-03T10:51:53","date_gmt":"2023-03-03T14:51:53","guid":{"rendered":"https:\/\/unifranz.edu.bo\/?p=114596"},"modified":"2023-03-03T10:51:53","modified_gmt":"2023-03-03T14:51:53","slug":"como-preparar-un-curriculo-y-postular-a-un-trabajo","status":"publish","type":"post","link":"https:\/\/unifranz.edu.bo\/pt\/blog\/como-preparar-un-curriculo-y-postular-a-un-trabajo\/","title":{"rendered":"\u00bfC\u00f3mo preparar un curr\u00edculo y postular a un trabajo?"},"content":{"rendered":"<div>\n<p><span style=\"color: #000000;\">\u00bfC\u00f3mo diferenciarse al momento de postular a un puesto de trabajo, cuando decenas de candidatos se presentan a la misma oferta de empleo?\u00a0<strong>Un Curr\u00edculum Vitae (CV)<\/strong>\u00a0bien elaborado y con la informaci\u00f3n correcta\u00a0<strong>podr\u00eda marcar la diferencia respecto a cualquier otro aspirante.<\/strong>\u00a0Colocar los datos, los estudios y la experiencia laboral en un par de hojas de papel parece f\u00e1cil, pero no es tan sencillo. Menos con tanta gente preparada compitiendo por el mismo puesto.<\/span><\/p>\n<\/div>\n<div>\n<p><span style=\"color: #000000;\"><strong>Oscar Jim\u00e9nez Roca<\/strong>, de profesi\u00f3n ingeniero industrial,\u00a0<strong>creador de una\u00a0startup\u00a0de empleabilidad<\/strong>\u00a0que brinda asesoramiento para la creaci\u00f3n de curr\u00edculum vitae y perfiles para Linkedin y otras redes. Tambi\u00e9n se especializa en el asesoramiento para presentarse de manera efectiva a una entrevista laboral.\u00a0<strong>Plantea 15 tips claves al momento de elaborar un CV<\/strong>\u00a0exitoso.<\/span><\/p>\n<\/div>\n<div>\n<p><span style=\"color: #000000;\"><strong>Qu\u00e9 es un Curr\u00edculum Vitae<\/strong><\/span><\/p>\n<div>\n<p><span style=\"color: #000000;\">Se trata de\u00a0<strong>un resumen de las habilidades profesionales<\/strong>\u00a0de una persona. Expone la experiencia formativa y laboral.\u00a0\u00a0Muestra la idoneidad del postulante a un puesto de trabajo.<\/span><\/p>\n<\/div>\n<div>\n<p><span style=\"color: #000000;\">Para Jim\u00e9nez \u2013que fue ponente de los talleres de la Feria de Empleabilidad que organiz\u00f3 la Universidad Franz Tamayo, Unifranz\u2013 el CV tiene much\u00edsimas funciones. \u201cLa que a nosotros nos gusta m\u00e1s es que\u00a0<strong>se trata de una carta de presentaci\u00f3n del profesional\u00a0<\/strong>ante la empresa; es decir, una herramienta y un primer contacto que tiene el estudiante o profesional al momento de buscar un trabajo\u201d.<\/span><\/p>\n<\/div>\n<div>\n<p><span style=\"color: #000000;\">Evidentemente, el CV constituye una oportunidad para demostrar a los responsables de selecci\u00f3n de personal de cualquier organizaci\u00f3n que es el candidato ideal para cubrir una vacante de empleo.<\/span><\/p>\n<div>\n<p><span style=\"color: #000000;\"><strong>C\u00f3mo se tiene que realizar un CV<\/strong><\/span><\/p>\n<\/div>\n<div>\n<p><span style=\"color: #000000;\">Todo parte del autoconocimiento. El profesional tiene que\u00a0<strong>conocer cu\u00e1les son sus fortalezas y debilidades<\/strong>. Tiene que conocer tambi\u00e9n cu\u00e1l es el rubro del puesto al que est\u00e1 postulando y con base a ello priorizar cu\u00e1les son esas fortalezas, tanto t\u00e9cnicas como blandas, que tiene como postulante a fin de adaptar su CV antes de presentar a la postulaci\u00f3n.<\/span><\/p>\n<p><span style=\"color: #000000;\"><strong>Los datos de<\/strong>\u00a0contacto, perfil profesional,<strong>\u00a0formaci\u00f3n acad\u00e9mica y experiencia profesional son datos gen\u00e9ricos<\/strong>\u00a0que todo CV debe tener. Hay que adaptarlo, lo mejor posible, a la oferta laboral a la que se est\u00e1 postulando y esto parte del autoconocimiento de la persona como profesional y del conocimiento de la vacante a la que se est\u00e1 postulando.<\/span><\/p>\n<p><iframe loading=\"lazy\" title=\"YouTube video player\" src=\"https:\/\/www.youtube.com\/embed\/gkXy9XurWW8\" width=\"560\" height=\"315\" frameborder=\"0\" allowfullscreen=\"allowfullscreen\"><\/iframe><\/p>\n<div>\n<p><span style=\"color: #000000;\"><strong>C\u00f3mo elaborar el CV<\/strong><\/span><\/p>\n<\/div>\n<div>\n<p><span style=\"color: #000000;\">A continuaci\u00f3n, Jim\u00e9nez menciona\u00a0<strong>15\u00a0tips\u00a0<\/strong>a considerar al momento de elaborar un buen CV:<\/span><\/p>\n<\/div>\n<div>\n<p><span style=\"color: #000000;\">1.\u00a0\u00a0\u00a0\u00a0\u00a0En cuanto a la\u00a0<strong>formaci\u00f3n profesional<\/strong>, se deber\u00eda\u00a0<strong>priorizar\u00a0<\/strong>la que tiene mayor\u00a0<strong>grado jer\u00e1rquico.<\/strong><\/span><\/p>\n<\/div>\n<div>\n<p><span style=\"color: #000000;\">2.\u00a0\u00a0\u00a0\u00a0\u00a0La\u00a0<strong>experiencia laboral\u00a0<\/strong>se coloca\u00a0<strong>en orden cronol\u00f3gico inverso.<\/strong>\u00a0Cuando un estudiante no cuenta con experiencia laboral puede priorizar sus habilidades blandas o proyectos universitarios en los que particip\u00f3<\/span><\/p>\n<\/div>\n<div>\n<p><span style=\"color: #000000;\">3.\u00a0\u00a0\u00a0\u00a0\u00a0Los reclutadores priorizan el<strong>\u00a0cumplimiento de requisitos<\/strong>. \u201cEllos tienen una serie de requisitos, pero tambi\u00e9n existen ciertas habilidades blandas, como, la comunicaci\u00f3n asertiva, la empat\u00eda, la proactividad o la orientaci\u00f3n al cliente que cada vez van ganando m\u00e1s relevancia\u00bb, explica.<\/span><\/p>\n<\/div>\n<div>\n<p><span style=\"color: #000000;\">4.\u00a0\u00a0\u00a0\u00a0\u00a0El CV debe ser\u00a0<strong>permanentemente actualizado.<\/strong><\/span><\/p>\n<div>\n<p><span style=\"color: #000000;\">5.\u00a0\u00a0\u00a0\u00a0\u00a0El postulante tiene que mostrar su capacidad de\u00a0<strong>adaptaci\u00f3n a la cultura organizacional\u00a0<\/strong>de la empresa, porque los reclutadores est\u00e1n buscando gente que pueda hacer carrera dentro de la empresa.<\/span><\/p>\n<\/div>\n<div>\n<p><span style=\"color: #000000;\">6.\u00a0\u00a0\u00a0\u00a0\u00a0Dependiendo del rubro, se pide la remisi\u00f3n del portafolio del postulante, por eso se aconseja presentar\u00a0<strong>un CV interactivo o elementos como QR o enlaces.<\/strong><\/span><\/p>\n<\/div>\n<div>\n<p><span style=\"color: #000000;\">7.\u00a0\u00a0\u00a0\u00a0\u00a0Se sugiere al postulante\u00a0<strong>desarrollar una marca personal,<\/strong>\u00a0creando un perfil profesional en LinkedIn.<\/span><\/p>\n<\/div>\n<div>\n<p><span style=\"color: #000000;\">8.\u00a0\u00a0\u00a0\u00a0\u00a0El dise\u00f1o del CV tiene que ser\u00a0<strong>sobrio<\/strong>. Hay dise\u00f1os que pueden ser contraproducentes que podr\u00edan producir rechazo<\/span><\/p>\n<\/div>\n<div>\n<p><span style=\"color: #000000;\">9.\u00a0\u00a0\u00a0\u00a0\u00a0Colocar una\u00a0<strong>foto del postulante es opcional.\u00a0<\/strong>Si tiene una buena foto hay que colocarla, caso contrario es mejor dejarlo en blanco.<\/span><\/p>\n<\/div>\n<div>\n<p><span style=\"color: #000000;\">10.\u00a0\u00a0El CV tiene que ser elaborado con una\u00a0<strong>mirada internacional y no solo local<\/strong><\/span><\/p>\n<\/div>\n<div>\n<p><span style=\"color: #000000;\">11.\u00a0\u00a0El postulante tiene que informarse sobre el puesto y detalles sobre la empresa u organizaci\u00f3n a las que est\u00e1 candidateando.<\/span><\/p>\n<div>\n<p><span style=\"color: #000000;\">12.\u00a0\u00a0Hay que estudiar todo el CV porque, con seguridad, el reclutador har\u00e1 preguntas en la entrevista y no hay que mostrar dudas o incongruencias.<\/span><\/p>\n<\/div>\n<div>\n<p><span style=\"color: #000000;\">13.\u00a0\u00a0En la entrevista, hay que ser<strong>\u00a0siempre proactivos.<\/strong><\/span><\/p>\n<\/div>\n<div>\n<p><span style=\"color: #000000;\">14.\u00a0\u00a0La vestimenta tambi\u00e9n tiene mucho que ver. Siempre es bueno tener una\u00a0<strong>buena presentaci\u00f3n personal.\u00a0\u00a0<\/strong><\/span><\/p>\n<\/div>\n<div>\n<p><span style=\"color: #000000;\">15.\u00a0\u00a0Las pruebas pr\u00e1cticas son comunes principalmente en ofim\u00e1tica, por eso se recomienda colocar la verdad en el CV, porque los reclutadores podr\u00edan exigir una prueba t\u00e9cnica al candidato.<\/span><\/p>\n<\/div>\n<div>\n<p><span style=\"color: #000000;\">Finalmente, aunque a muchos empleadores les cuesta salir de su zona de confort,\u00a0<strong>los nuevos profesionales buscan retos<\/strong>, \u201cno quieren ser simples pasantes que vayan a sacar fotocopias sino alguien que aprenda del rubro, sentirse dentro de la cultura organizacional y que estos trabajos le puedan brindar estabilidad laboral\u201d, culmin\u00f3 Jim\u00e9nez.<\/span><\/p>\n<div>\n<p><span style=\"color: #000000;\"><img decoding=\"async\" class=\"aligncenter\" src=\"https:\/\/static.eldeber.com.bo\/\/Files\/Sizes\/2023\/3\/2\/oscar-jimnez-roca_1927815550_760x520.png\" \/><\/span><\/p>\n<\/div>\n<div>\n<div style=\"text-align: center;\"><span style=\"color: #000000;\"><i>Oscar Jim\u00e9nez Roca propone 15 consejos para realizar un curr\u00edculo<\/i><\/span><\/div>\n<\/div>\n<\/div>\n<\/div>\n<\/div>\n<\/div>\n<\/div>\n<\/div>","protected":false},"excerpt":{"rendered":"<p>\u00bfC\u00f3mo diferenciarse al momento de postular a un puesto de trabajo, cuando decenas de candidatos se presentan a la misma oferta de empleo?\u00a0Un Curr\u00edculum Vitae (CV)\u00a0bien elaborado y con la informaci\u00f3n correcta\u00a0podr\u00eda marcar la diferencia respecto a cualquier otro aspirante.\u00a0Colocar los datos, los estudios y la experiencia laboral en un par de hojas de papel &hellip; <a href=\"https:\/\/unifranz.edu.bo\/pt\/blog\/como-preparar-un-curriculo-y-postular-a-un-trabajo\/\">Continued<\/a><\/p>","protected":false},"author":45,"featured_media":114602,"comment_status":"open","ping_status":"open","sticky":false,"template":"","format":"standard","meta":{"_acf_changed":false,"footnotes":""},"categories":[2838,2886,60,2186,2566,3144,1860,2728,1708,2858,1782],"tags":[3602,1566,3424,1592,242],"class_list":["post-114596","post","type-post","status-publish","format-standard","has-post-thumbnail","hentry","category-bachilleres","category-becas","category-blog","category-carreras-es","category-docente","category-empresa-es","category-entrevista-es","category-feria-de-empleabilidad","category-innovacion","category-innovacion-en-educacion","category-unifranz","tag-curriculo","tag-empleo","tag-observatorio-nacional-del-trabajo","tag-trabajo","tag-unifranz"],"acf":[],"_links":{"self":[{"href":"https:\/\/unifranz.edu.bo\/pt\/wp-json\/wp\/v2\/posts\/114596","targetHints":{"allow":["GET"]}}],"collection":[{"href":"https:\/\/unifranz.edu.bo\/pt\/wp-json\/wp\/v2\/posts"}],"about":[{"href":"https:\/\/unifranz.edu.bo\/pt\/wp-json\/wp\/v2\/types\/post"}],"author":[{"embeddable":true,"href":"https:\/\/unifranz.edu.bo\/pt\/wp-json\/wp\/v2\/users\/45"}],"replies":[{"embeddable":true,"href":"https:\/\/unifranz.edu.bo\/pt\/wp-json\/wp\/v2\/comments?post=114596"}],"version-history":[{"count":1,"href":"https:\/\/unifranz.edu.bo\/pt\/wp-json\/wp\/v2\/posts\/114596\/revisions"}],"predecessor-version":[{"id":114603,"href":"https:\/\/unifranz.edu.bo\/pt\/wp-json\/wp\/v2\/posts\/114596\/revisions\/114603"}],"wp:featuredmedia":[{"embeddable":true,"href":"https:\/\/unifranz.edu.bo\/pt\/wp-json\/wp\/v2\/media\/114602"}],"wp:attachment":[{"href":"https:\/\/unifranz.edu.bo\/pt\/wp-json\/wp\/v2\/media?parent=114596"}],"wp:term":[{"taxonomy":"category","embeddable":true,"href":"https:\/\/unifranz.edu.bo\/pt\/wp-json\/wp\/v2\/categories?post=114596"},{"taxonomy":"post_tag","embeddable":true,"href":"https:\/\/unifranz.edu.bo\/pt\/wp-json\/wp\/v2\/tags?post=114596"}],"curies":[{"name":"wp","href":"https:\/\/api.w.org\/{rel}","templated":true}]}}