{"id":113910,"date":"2023-02-27T19:13:21","date_gmt":"2023-02-27T23:13:21","guid":{"rendered":"https:\/\/unifranz.edu.bo\/?p=113910"},"modified":"2023-02-27T19:13:21","modified_gmt":"2023-02-27T23:13:21","slug":"data-digital-mas-eficiente-si-esta-al-servicio-del-ser-humano","status":"publish","type":"post","link":"https:\/\/unifranz.edu.bo\/pt\/blog\/data-digital-mas-eficiente-si-esta-al-servicio-del-ser-humano\/","title":{"rendered":"Data digital: m\u00e1s eficiente si est\u00e1 al servicio del ser humano"},"content":{"rendered":"<div>\n<p><span style=\"color: #000000;\">Con el boom del internet y la digitalizaci\u00f3n, la generaci\u00f3n de datos e informaci\u00f3n se ha convertido en una actividad diaria e inconsciente de la humanidad.\u00a0<strong>Esta \u00e9poca digital genera infinidad de datos<\/strong>\u00a0tanto desde dispositivos m\u00f3viles, ordenadores, tabletas o televisores digitales, entre otros.<\/span><\/p>\n<\/div>\n<div>\n<p><span style=\"color: #000000;\"><strong>Clive Humby<\/strong>, uno de los primeros cient\u00edficos de datos,\u00a0<strong>los calific\u00f3 \u201ccomo el nuevo petr\u00f3leo\u201d. P<\/strong>or su parte, Michael Palmer, experto en negocios inteligentes, complement\u00f3 la idea asegurando que \u201clos datos son valiosos, pero si no est\u00e1n refinados, en realidad no se pueden usar\u201d.<\/span><\/p>\n<\/div>\n<div>\n<p><span style=\"color: #000000;\">Patricia Choque Fern\u00e1ndez, jefa de Mapeo de Soluciones del Laboratorio de Aceleraci\u00f3n del Programa de las Naciones Unidas para el Desarrollo (PNUD) en Bolivia y especialista en microeconom\u00eda de la competitividad, explica que\u00a0<strong>una de las formas de \u201crefinar los datos\u201d es comenzar a \u201chumanizar\u201d la data,<\/strong>\u00a0con el objetivo de promover la toma de decisiones en base a \u201cevidencia\u201d.\\<\/span><\/p>\n<div>\n<p><span style=\"color: #000000;\">\u201cLa generaci\u00f3n de data para la toma de decisiones es fundamental, pero no solo la data, sino la data humanizada (\u2026), ya que\u00a0<strong>detr\u00e1s de cada n\u00famero hay una complejidad de realidades<\/strong>\u00a0y contextos de grupos poblacionales\u00bb,\u00a0indica la experta.<\/span><\/p>\n<\/div>\n<div>\n<p><span style=\"color: #000000;\">Choque Fern\u00e1ndez ampl\u00eda el concepto de \u00abhumanizar la data\u00bb. \u00abLa data humanizada puede ayudar a que las decisiones sean tomadas con base a evidencia y a iniciar di\u00e1logos entre el sector p\u00fablico, el sector privado y la academia, que<strong>\u00a0desemboquen en soluciones para mejorar el acceso al trabajo<\/strong>\u00a0y estar preparados para el futuro del trabajo\u201d, complementa.<\/span><\/p>\n<\/div>\n<div>\n<p style=\"text-align: center;\"><img decoding=\"async\" src=\"https:\/\/static.eldeber.com.bo\/\/Files\/Sizes\/2023\/2\/26\/data-humanizada_2032828262_760x520.jpg\" \/><\/p>\n<p style=\"text-align: center;\"><i><span style=\"color: #000000;\">Patricia Choque,<\/span> <span style=\"color: #000000;\">especialista en data, durante una intervenci\u00f3n con estudiantes<\/span><\/i><\/p>\n<div>\n<p><span style=\"color: #000000;\"><strong>Humanizar la data para potenciar el talento humano<\/strong><\/span><\/p>\n<\/div>\n<div>\n<p><span style=\"color: #000000;\">Al referirse a la necesidad de humanizar los datos, el especialista alude a aspectos que est\u00e1n tras los n\u00fameros, los seres humanos que piensan, sienten y tienen sus propios ideales. Es esencial comenzar a\u00a0<strong>tratar los datos<\/strong>\u00a0para utilizarlos a favor de sus propios creadores.<\/span><\/p>\n<\/div>\n<div>\n<p><span style=\"color: #000000;\">Keyrus, una consultora global especializada en el desarrollo de soluciones tecnol\u00f3gicas y tratamiento de los datos para mejorar la gesti\u00f3n del rendimiento, concluye que humanizar la data<strong>\u00a0trae m\u00faltiples beneficios.<\/strong><\/span><\/p>\n<\/div>\n<div>\n<p><span style=\"color: #000000;\">El primero consiste en reconocer que\u00a0<strong>los datos tienen las respuestas a los nuevos retos para la humanidad<\/strong>\u00a0y las empresas, pues son el reflejo de nuestro comportamiento, evoluci\u00f3n y mejora, seguido de la \u201crealidad inspiracional\u201d. De este modo, se concentra en la capacidad de\u00a0<strong>dar soluciones reales<\/strong>\u00a0por medio de la inspiraci\u00f3n, esencial para la reinvenci\u00f3n del mundo. Finalmente explica la necesidad de simplificar lo complejo del crecimiento digital, bajo el eslogan del \u201csimplex future\u201d.<\/span><\/p>\n<\/div>\n<div>\n<p><span style=\"color: #000000;\">Por su parte, Choque menciona que la existencia de estos datos y su tratamiento en la academia es una base importante para que\u00a0<strong>los j\u00f3venes puedan generar las capacidades necesarias\u00a0<\/strong>para desenvolverse en un cambiante ecosistema laboral.<\/span><\/p>\n<div>\n<p><span style=\"color: #000000;\">\u201cEsto puede ayudar a generar las nuevas capacidades que las y los j\u00f3venes necesitan para<strong>\u00a0acceder a los trabajos de futuro\u00a0<\/strong>y es informaci\u00f3n realmente muy importante, para movilizar al ecosistema en este sentido\u201d, asegura.<\/span><\/p>\n<\/div>\n<div>\n<p><span style=\"color: #000000;\">Las empresas han comenzado el manejo correcto de estos datos, con el objetivo de\u00a0<strong>mejorar su relaci\u00f3n con sus clientes<\/strong>. Un ejemplo de esto es Spotify. La aplicaci\u00f3n brinda a sus usuarios una lista personalizada con las canciones que escucharon todo el a\u00f1o, nombrada como \u201cSpotify Wrapped\u201d que las pueden compartir en sus redes sociales, generando un vinculo entre el usuario y la empresa.<\/span><\/p>\n<p><iframe loading=\"lazy\" title=\"YouTube video player\" src=\"https:\/\/www.youtube.com\/embed\/TNuN3dNpmbU\" width=\"560\" height=\"315\" frameborder=\"0\" allowfullscreen=\"allowfullscreen\"><\/iframe><\/p>\n<div>\n<p><span style=\"color: #000000;\"><strong>Una conexi\u00f3n entre la tecnolog\u00eda y la gente<\/strong><\/span><\/p>\n<\/div>\n<div>\n<p><span style=\"color: #000000;\">Para la especialista en microeconom\u00eda de la competitividad, la tecnolog\u00eda se ha consolidado como una de las bases del desarrollo de la humanidad de forma irrevocable, por lo tanto, es fundamental e<strong>mprender un camino donde las personas<\/strong>\u00a0y estas ciencias c<strong>aminen de la mano,<\/strong>\u00a0pues el enfoque humano desde la experiencia, es uno de los combustibles del desarrollo tecnol\u00f3gico.<\/span><\/p>\n<\/div>\n<div>\n<p><span style=\"color: #000000;\">\u201cLa tecnolog\u00eda es fundamental, pero sin el manejo, ni el enfoque humano, pierde la esencia. Podemos hablar de inteligencia colectiva, donde es fundamental la experiencia y el conocimiento de la gente, pero se potencializa con la tecnolog\u00eda y los datos. No podemos hablar de la tecnolog\u00eda o de la gente de manera separada\u201d apunta.<\/span><\/p>\n<\/div>\n<div>\n<p><span style=\"color: #000000;\">Hace \u00e9nfasis en la facilidad de conexi\u00f3n e interacci\u00f3n de los humanos, gracias a las redes sociales que se origina en la evoluci\u00f3n tecnol\u00f3gica:\u00a0<strong>\u201cGracias a la tecnolog\u00eda<\/strong>, hoy mucha gente en distintos lugares que\u00a0<strong>puede aportar a una soluci\u00f3n<\/strong>\u00a0(\u2026) puede unir el conocimiento y experiencia de las personas que est\u00e1n lejos, que hablan diferentes idiomas, que tienen diferentes perspectivas y generar innovaciones que permitan una acci\u00f3n colectiva con impacto\u201d.<\/span><\/p>\n<\/div>\n<\/div>\n<\/div>\n<\/div>\n<\/div>","protected":false},"excerpt":{"rendered":"<p>Con el boom del internet y la digitalizaci\u00f3n, la generaci\u00f3n de datos e informaci\u00f3n se ha convertido en una actividad diaria e inconsciente de la humanidad.\u00a0Esta \u00e9poca digital genera infinidad de datos\u00a0tanto desde dispositivos m\u00f3viles, ordenadores, tabletas o televisores digitales, entre otros. Clive Humby, uno de los primeros cient\u00edficos de datos,\u00a0los calific\u00f3 \u201ccomo el nuevo &hellip; <a href=\"https:\/\/unifranz.edu.bo\/pt\/blog\/data-digital-mas-eficiente-si-esta-al-servicio-del-ser-humano\/\">Continued<\/a><\/p>","protected":false},"author":45,"featured_media":113916,"comment_status":"open","ping_status":"open","sticky":false,"template":"","format":"standard","meta":{"_acf_changed":false,"footnotes":""},"categories":[60,2186,3138,1956,2858,3422,2856,1782],"tags":[3562,3566,3570,1832,3568,3564,242],"class_list":["post-113910","post","type-post","status-publish","format-standard","has-post-thumbnail","hentry","category-blog","category-carreras-es","category-datos","category-emprendimiento","category-innovacion-en-educacion","category-trabajo-es","category-transformacion-digital-es","category-unifranz","tag-data-digital","tag-humanizar-la-data","tag-observatorio-del-trabajo","tag-pnud","tag-pnud-bolivia","tag-servicio-del-humano","tag-unifranz"],"acf":[],"_links":{"self":[{"href":"https:\/\/unifranz.edu.bo\/pt\/wp-json\/wp\/v2\/posts\/113910","targetHints":{"allow":["GET"]}}],"collection":[{"href":"https:\/\/unifranz.edu.bo\/pt\/wp-json\/wp\/v2\/posts"}],"about":[{"href":"https:\/\/unifranz.edu.bo\/pt\/wp-json\/wp\/v2\/types\/post"}],"author":[{"embeddable":true,"href":"https:\/\/unifranz.edu.bo\/pt\/wp-json\/wp\/v2\/users\/45"}],"replies":[{"embeddable":true,"href":"https:\/\/unifranz.edu.bo\/pt\/wp-json\/wp\/v2\/comments?post=113910"}],"version-history":[{"count":1,"href":"https:\/\/unifranz.edu.bo\/pt\/wp-json\/wp\/v2\/posts\/113910\/revisions"}],"predecessor-version":[{"id":113917,"href":"https:\/\/unifranz.edu.bo\/pt\/wp-json\/wp\/v2\/posts\/113910\/revisions\/113917"}],"wp:featuredmedia":[{"embeddable":true,"href":"https:\/\/unifranz.edu.bo\/pt\/wp-json\/wp\/v2\/media\/113916"}],"wp:attachment":[{"href":"https:\/\/unifranz.edu.bo\/pt\/wp-json\/wp\/v2\/media?parent=113910"}],"wp:term":[{"taxonomy":"category","embeddable":true,"href":"https:\/\/unifranz.edu.bo\/pt\/wp-json\/wp\/v2\/categories?post=113910"},{"taxonomy":"post_tag","embeddable":true,"href":"https:\/\/unifranz.edu.bo\/pt\/wp-json\/wp\/v2\/tags?post=113910"}],"curies":[{"name":"wp","href":"https:\/\/api.w.org\/{rel}","templated":true}]}}