{"id":112490,"date":"2023-02-14T18:29:23","date_gmt":"2023-02-14T22:29:23","guid":{"rendered":"https:\/\/unifranz.edu.bo\/?p=112490"},"modified":"2023-02-14T18:29:23","modified_gmt":"2023-02-14T22:29:23","slug":"cancer-infantil-superamos-la-leucemia-y-hoy-podemos-contar-otra-historia","status":"publish","type":"post","link":"https:\/\/unifranz.edu.bo\/pt\/carreras\/cancer-infantil-superamos-la-leucemia-y-hoy-podemos-contar-otra-historia\/","title":{"rendered":"C\u00e1ncer infantil: \u201cSuperamos la leucemia y hoy podemos contar otra historia\u201d"},"content":{"rendered":"<p><span style=\"color: #000000;\">Por Lily Zurita<\/span><\/p>\n<p><span style=\"color: #000000;\">A sus 16 a\u00f1os, Rafael recuerda muy poco de la dif\u00edcil situaci\u00f3n que le toc\u00f3 vivir desde sus cinco a\u00f1os. El amor de sus padres y de su familia hizo que el adolescente olvide los tres a\u00f1os de tratamientos, hospitalizaciones, quimioterapias, laboratorios, \u201cpinchazos\u201d y, obviamente, otros efectos colaterales que conlleva uno de los c\u00e1nceres infantiles: la leucemia.<\/span><\/p>\n<p><span style=\"color: #000000;\">Este mi\u00e9rcoles 15 de febrero, la comunidad mundial conmemora el D\u00eda Internacional del C\u00e1ncer Infantil (ICCD), con el objetivo de crear conciencia sobre este c\u00e1ncer y expresar el apoyo a los ni\u00f1os y adolescentes que conviven con este mal, los supervivientes y sus familias.<\/span><\/p>\n<p><span style=\"color: #000000;\">Datos de la Organizaci\u00f3n Panamericana de la Salud (OPS), dan cuentan que el c\u00e1ncer es una de las principales causas de muerte de ni\u00f1os y adolescentes en todo el mundo.<\/span><\/p>\n<p><span style=\"color: #000000;\">\u201cCada a\u00f1o, m\u00e1s de 400.000 ni\u00f1os son diagnosticados con c\u00e1ncer en todo el mundo. En la Regi\u00f3n de las Am\u00e9ricas, se estima que hubo 32.065 nuevos casos de c\u00e1ncer en 2020 en ni\u00f1os de 0 a 14 a\u00f1os; de ellos, 20.855 casos ocurrieron en pa\u00edses de Am\u00e9rica Latina y el Caribe (\u2026). Se estima que el c\u00e1ncer fue la causa de muerte de 8.544 ni\u00f1os menores de 15 a\u00f1os en 2020; de ellos, 7.076 en Am\u00e9rica Latina y el Caribe\u201d, sostiene la OPS.<\/span><\/p>\n<p><span style=\"color: #000000;\">La gran mayor\u00eda de los ni\u00f1os con c\u00e1ncer viven en pa\u00edses de ingresos bajos y medianos, donde la detecci\u00f3n temprana, el diagn\u00f3stico y el acceso a tratamientos de calidad y cuidados paliativos para todos son a\u00fan una utop\u00eda, pese a que la salud es una de las metas globales de la Agenda 2030 de las Naciones Unidas para el Desarrollo Sostenible.<\/span><\/p>\n<p><span style=\"color: #000000;\">En Bolivia, seg\u00fan el Ministerio de Salud, en 2021 se presentaron 2.710 casos de c\u00e1ncer infantil, \u201cde cada 10 ni\u00f1os que son diagnosticados, cuatro corresponden a casos con leucemia, la mayor incidencia est\u00e1 entre cuatro a dos a\u00f1os, de los que dos tiene la posibilidad de ingresar a ese tratamiento de trasplante de m\u00e9dula \u00f3sea como \u00fanica esperanza de sobrevivir.<\/span><\/p>\n<p><span style=\"color: #000000;\">El tratamiento del c\u00e1ncer infantil tiene un alto costo, aunque a partir de 2019, la atenci\u00f3n es gratuita a trav\u00e9s del Seguro \u00danico de Salud, SUS.<\/span><\/p>\n<p><iframe loading=\"lazy\" title=\"YouTube video player\" src=\"https:\/\/www.youtube.com\/embed\/-d3ibgCEXNU\" width=\"560\" height=\"315\" frameborder=\"0\" allowfullscreen=\"allowfullscreen\"><\/iframe><\/p>\n<p><span style=\"color: #000000;\"><strong>En Rafa, la leucemia empez\u00f3 con dolor de pierna<\/strong><\/span><\/p>\n<p><span style=\"color: #000000;\">Rafa, como lo llaman con cari\u00f1o sus pap\u00e1s y amigos, nunca hab\u00eda tenido problemas de salud hasta sus cinco a\u00f1os y tres meses. No sab\u00eda tomar medicamentos ni inyecciones, salvo las de las vacunas. Ten\u00eda una vida normal, jugaba con sus amigos del barrio y primos y se preparaba para ir al k\u00ednder.<\/span><\/p>\n<p><span style=\"color: #000000;\">Un d\u00eda, sin explicaci\u00f3n alguna, sinti\u00f3 un fuerte dolor en la pierna. Una primera consulta al m\u00e9dico deriv\u00f3 en la prescripci\u00f3n de analg\u00e9sicos acordes a la edad del ni\u00f1o. Luego, vinieron dolores en el brazo, temperaturas incontrolables y anemia severa. Despu\u00e9s de un sinf\u00edn de an\u00e1lisis y laboratorios vino el devastador diagn\u00f3stico: Rafa tiene leucemia.<\/span><\/p>\n<p><span style=\"color: #000000;\">Hilda Saucedo Vaca, mam\u00e1 de Rafael, a\u00fan con la voz entrecortada, cuenta que ese momento sinti\u00f3 que el mundo se le ven\u00eda abajo. \u201cFue muy complicado para nosotros porque Rafael es nuestro primer hijo (\u2026). Durante tres a\u00f1os, mi hijo hizo tratamiento. Recibi\u00f3 quimioterapia y cumpli\u00f3 cada una de las instrucciones y los protocolos establecidos por los m\u00e9dicos\u201d. \u00a0<\/span><\/p>\n<p><span style=\"color: #000000;\">La madre cuenta que, al principio, ten\u00edan que sacarle a cada rato sangre o pincharlo porque a\u00fan no ten\u00eda cat\u00e9ter. \u201cYo ten\u00eda que ser fuerte y no llorar delante de \u00e9l para que \u00e9l no vea que su mam\u00e1 lloraba (\u2026). Pero, no hemos estado solos y hoy podemos contar otra historia\u201d.<\/span><\/p>\n<p><span style=\"color: #000000;\">Rafael es el mayor de tres hermanos, actualmente est\u00e1 en la pre-promoci\u00f3n del colegio Mar\u00eda Auxiliadora. Respecto a la enfermedad que atraves\u00f3, recuerda ya muy poco, salvo lo dolorosos que eran los \u201cpinchazos\u201d y los malestares que le produc\u00edan las sesiones de quimioterapia.<\/span><\/p>\n<p><span style=\"color: #000000;\">\u201cLos tratamientos eran dolorosos. Me dol\u00edan los pinchazos y los medicamentos eran fuertes. Estuve hospitalizado varias veces en el Hospital del Ni\u00f1o y en el Materno Infantil (\u2026), pr\u00e1cticamente viv\u00eda en el hospital\u201d, relata.<\/span><\/p>\n<p><span style=\"color: #000000;\">Hoy, Rafa lleva una vida casi normal. Va al colegio, le gusta jugar voleibol y es muy creyente de su religi\u00f3n. Sin embargo, hay un tema que no debe descuidar y ese es que anualmente se debe realizar controles.<\/span><\/p>\n<p><span style=\"color: #000000;\"><strong>C\u00e1ncer infantil<\/strong><\/span><\/p>\n<p><span style=\"color: #000000;\">La leucemia es una afecci\u00f3n maligna que implica el tejido sangu\u00edneo. Ocurre cuando hay cambios en el material gen\u00e9tico (ADN) de las c\u00e9lulas de la m\u00e9dula \u00f3sea, indica la directora de la carrera de Medicina de la Universidad Franz Tamayo, Unifranz, Griselda Vargas.<\/span><\/p>\n<p><span style=\"color: #000000;\">Los factores que aumentan el riesgo de leucemia infantil son: tener un hermano o hermana con leucemia, tratamiento anterior con quimioterapia, exposici\u00f3n a la radiaci\u00f3n u otro tipo de afecciones gen\u00e9ticas.<\/span><\/p>\n<p><span style=\"color: #000000;\">Algunos de los s\u00edntomas de la leucemia son: sensaci\u00f3n de cansancio, fiebre o sudores nocturnos, f\u00e1cil aparici\u00f3n de moretones o sangrado, p\u00e9rdida de peso o del apetito, petequias (peque\u00f1os puntos rojos debajo de la piel. Son causadas por sangrado)<\/span><\/p>\n<p><span style=\"color: #000000;\">Los tratamientos para la leucemia dependen del tipo de leucemia, la gravedad de la leucemia, la edad del ni\u00f1o y otros factores. Los posibles tratamientos pueden incluir: quimioterapia, radioterapia, quimioterapia con trasplante de c\u00e9lulas madre, terapia biol\u00f3gica, entre otros.<\/span><\/p>\n<figure id=\"attachment_112492\" aria-describedby=\"caption-attachment-112492\" style=\"width: 813px\" class=\"wp-caption aligncenter\"><img loading=\"lazy\" decoding=\"async\" class=\"wp-image-112492\" src=\"https:\/\/unifranz.edu.bo\/wp-content\/uploads\/2023\/02\/Captura-de-Pantalla-2023-02-14-a-las-17.53.34-300x203.png\" alt=\"\" width=\"813\" height=\"550\" srcset=\"https:\/\/unifranz.edu.bo\/wp-content\/uploads\/2023\/02\/Captura-de-Pantalla-2023-02-14-a-las-17.53.34-300x203.png 300w, https:\/\/unifranz.edu.bo\/wp-content\/uploads\/2023\/02\/Captura-de-Pantalla-2023-02-14-a-las-17.53.34-1024x694.png 1024w, https:\/\/unifranz.edu.bo\/wp-content\/uploads\/2023\/02\/Captura-de-Pantalla-2023-02-14-a-las-17.53.34-768x521.png 768w, https:\/\/unifranz.edu.bo\/wp-content\/uploads\/2023\/02\/Captura-de-Pantalla-2023-02-14-a-las-17.53.34-2048x1389.png 2048w, https:\/\/unifranz.edu.bo\/wp-content\/uploads\/2023\/02\/Captura-de-Pantalla-2023-02-14-a-las-17.53.34-18x12.png 18w\" sizes=\"auto, (max-width: 813px) 100vw, 813px\" \/><figcaption id=\"caption-attachment-112492\" class=\"wp-caption-text\"><em><span style=\"color: #000000;\">\u201cLos tratamientos eran dolorosos. Me dol\u00edan los pinchazos y los medicamentos eran fuertes. Estuve hospitalizado varias veces en el Hospital del Ni\u00f1o y en el Materno Infantil (\u2026), pr\u00e1cticamente viv\u00eda en el hospital\u201d, relata Rafael.<\/span><\/em><\/figcaption><\/figure>\n<p><span style=\"color: #000000;\"><strong>Solidaridad, la clave para superar momentos dif\u00edciles<\/strong><\/span><\/p>\n<p><span style=\"color: #000000;\">Hilda recuerda que, si bien su familia no midi\u00f3 en gastos porque estaba en juego la vida de su hijo, la pasaron muy mal porque no contaban con seguro m\u00e9dico. \u201cFue muy dif\u00edcil para nosotros por todos los gastos que hab\u00eda que realizar\u201d.<\/span><\/p>\n<p><span style=\"color: #000000;\">En 2012 ellos se acercaron a la Fundaci\u00f3n Unifranz, instituci\u00f3n que los colabor\u00f3 desde el inicio con recursos econ\u00f3micos para ex\u00e1menes y laboratorios en el exterior.<\/span><\/p>\n<p><span style=\"color: #000000;\">\u201cHubo personas e instituciones, como la Fundaci\u00f3n Unifranz, que para nosotros han sido unos \u00e1ngeles, porque nos han ayudado desde el principio para que yo pueda sacar a mi hijo a la Argentina donde le hicieron los \u00faltimos an\u00e1lisis y el espirado de m\u00e9dula para saber c\u00f3mo estaba\u201d, sostiene Hilda.<\/span><\/p>\n<p><span style=\"color: #000000;\">La madre recomienda a los pap\u00e1s que no dejen pasar un simple dolor en sus hijos y siempre traten de obtener dos o tres opiniones de los m\u00e9dicos, cuando surgen s\u00edntomas que no tienen explicaci\u00f3n y que podr\u00edan significar el inicio de una grave enfermedad.<\/span><\/p>\n<p><span style=\"color: #000000;\">En tanto Rafael, dice estar agradecido con todas las personas que han puesto su granito de arena para que supere el c\u00e1ncer que lo aquejaba. \u201cMi agradecimiento a aquellos que me dieron su apoyo moral y siempre han estado atentos a mi (\u2026). Estas instituciones son muy importantes para la poblaci\u00f3n que necesita ayuda\u201d.<\/span><\/p>\n<p><span style=\"color: #000000;\">Finalmente, recomend\u00f3 a otros ni\u00f1os y adolescentes que est\u00e1n pasando por la misma situaci\u00f3n de salud que \u00e9l super\u00f3 tener una alimentaci\u00f3n sana, hacer ejercicio f\u00edsico y caminar mucho.<\/span><\/p>\n<p>&nbsp;<\/p>","protected":false},"excerpt":{"rendered":"<p>Por Lily Zurita A sus 16 a\u00f1os, Rafael recuerda muy poco de la dif\u00edcil situaci\u00f3n que le toc\u00f3 vivir desde sus cinco a\u00f1os. El amor de sus padres y de su familia hizo que el adolescente olvide los tres a\u00f1os de tratamientos, hospitalizaciones, quimioterapias, laboratorios, \u201cpinchazos\u201d y, obviamente, otros efectos colaterales que conlleva uno de &hellip; <a href=\"https:\/\/unifranz.edu.bo\/pt\/carreras\/cancer-infantil-superamos-la-leucemia-y-hoy-podemos-contar-otra-historia\/\">Continued<\/a><\/p>","protected":false},"author":45,"featured_media":112491,"comment_status":"open","ping_status":"open","sticky":false,"template":"","format":"standard","meta":{"_acf_changed":false,"footnotes":""},"categories":[60,35,2566,1862,1004,2858,2108,2102],"tags":[3474,1622,3482,3476,236,3478,3480,242],"class_list":["post-112490","post","type-post","status-publish","format-standard","has-post-thumbnail","hentry","category-blog","category-carreras","category-docente","category-educacion","category-estudiantes","category-innovacion-en-educacion","category-medicina-es","category-unesco","tag-cancer-infantil","tag-carrera-de-medicina","tag-contar-otra-historia","tag-dia-internacional","tag-fundacion-unifranz","tag-leucemia","tag-rafa","tag-unifranz"],"acf":[],"_links":{"self":[{"href":"https:\/\/unifranz.edu.bo\/pt\/wp-json\/wp\/v2\/posts\/112490","targetHints":{"allow":["GET"]}}],"collection":[{"href":"https:\/\/unifranz.edu.bo\/pt\/wp-json\/wp\/v2\/posts"}],"about":[{"href":"https:\/\/unifranz.edu.bo\/pt\/wp-json\/wp\/v2\/types\/post"}],"author":[{"embeddable":true,"href":"https:\/\/unifranz.edu.bo\/pt\/wp-json\/wp\/v2\/users\/45"}],"replies":[{"embeddable":true,"href":"https:\/\/unifranz.edu.bo\/pt\/wp-json\/wp\/v2\/comments?post=112490"}],"version-history":[{"count":1,"href":"https:\/\/unifranz.edu.bo\/pt\/wp-json\/wp\/v2\/posts\/112490\/revisions"}],"predecessor-version":[{"id":112493,"href":"https:\/\/unifranz.edu.bo\/pt\/wp-json\/wp\/v2\/posts\/112490\/revisions\/112493"}],"wp:featuredmedia":[{"embeddable":true,"href":"https:\/\/unifranz.edu.bo\/pt\/wp-json\/wp\/v2\/media\/112491"}],"wp:attachment":[{"href":"https:\/\/unifranz.edu.bo\/pt\/wp-json\/wp\/v2\/media?parent=112490"}],"wp:term":[{"taxonomy":"category","embeddable":true,"href":"https:\/\/unifranz.edu.bo\/pt\/wp-json\/wp\/v2\/categories?post=112490"},{"taxonomy":"post_tag","embeddable":true,"href":"https:\/\/unifranz.edu.bo\/pt\/wp-json\/wp\/v2\/tags?post=112490"}],"curies":[{"name":"wp","href":"https:\/\/api.w.org\/{rel}","templated":true}]}}