{"id":110762,"date":"2023-02-08T10:39:57","date_gmt":"2023-02-08T14:39:57","guid":{"rendered":"https:\/\/unifranz.edu.bo\/?p=110762"},"modified":"2023-02-08T10:39:57","modified_gmt":"2023-02-08T14:39:57","slug":"salud-y-estetica-marcan-el-avance-de-la-odontologia","status":"publish","type":"post","link":"https:\/\/unifranz.edu.bo\/pt\/blog\/salud-y-estetica-marcan-el-avance-de-la-odontologia\/","title":{"rendered":"Salud y est\u00e9tica marcan el avance de la odontolog\u00eda"},"content":{"rendered":"<div>\n<p><span style=\"color: #000000;\"><span style=\"font-family: inherit;\">El informe 2022 de la Organizaci\u00f3n Mundial de la Salud (OMS) respecto a la\u00a0<\/span><strong>salud bucodental<\/strong><span style=\"font-family: inherit;\">\u00a0de la poblaci\u00f3n muestra que<\/span><strong><span style=\"font-family: inherit;\">\u00a03,5 mil millones de personas\u00a0<\/span><\/strong>en el mundo<strong><span style=\"font-family: inherit;\">\u00a0padecen enfermedades<\/span><\/strong><span style=\"font-family: inherit;\">\u00a0relacionadas con la higiene y salud bucal. Tres de cuatro personas afectadas viven en pa\u00edses de ingreso bajo y medio.<\/span><\/span><\/p>\n<\/div>\n<div>\n<p><span style=\"color: #000000;\">\u201cLos casos mundiales de enfermedades bucodentales han aumentado unos mil millones durante los \u00faltimos 30 a\u00f1os, una clara se\u00f1al de que muchas personas no disponen de acceso a la prevenci\u00f3n y el tratamiento de las enfermedades bucodentales\u201d, indica la OMS en el referido informe.<\/span><\/p>\n<\/div>\n<div>\n<p><span style=\"color: #000000;\"><span style=\"font-family: inherit;\">Las\u00a0<\/span>enfermedades\u00a0<span style=\"font-family: inherit;\">bucodentales m\u00e1s frecuentes son la caries dental, la periodontitis agresiva, la p\u00e9rdida de dientes y el c\u00e1ncer bucal.\u00a0<strong>La caries dental no tratada es la afecci\u00f3n con mayor prevalencia\u00a0<\/strong>a nivel mundial y se estima que afecta a 2.500 millones de personas.<\/span><\/span><\/p>\n<div>\n<p><span style=\"color: #000000;\">Se calcula que la periodontitis agresiva, es una de las causas principales de la p\u00e9rdida de dientes total, afecta a mil millones de personas en todo el mundo y que,\u00a0<strong>cada a\u00f1o,<\/strong>\u00a0se diagnostican unos\u00a0<strong>380.000 nuevos casos de c\u00e1ncer bucal.<\/strong><\/span><\/p>\n<\/div>\n<div>\n<p><span style=\"color: #000000;\">La\u00a0<strong>periodontitis<\/strong>, es una grave inflamaci\u00f3n e infecci\u00f3n de las enc\u00edas que da\u00f1a el tejido blando y que, sin tratamiento, puede destruir el hueso que sostiene los dientes, hace que se aflojen o que se pierdan. Suele ser el\u00a0<strong>resultado de una mala higiene bucal\u00a0<\/strong>y\u00a0 es conocida tambi\u00e9n como enfermedad de las enc\u00edas.<\/span><\/p>\n<\/div>\n<div>\n<p><span style=\"color: #000000;\">\u00c1lvaro Iba\u00f1ez Dur\u00e1n, Director de la Carrera de Odontolog\u00eda de la Universidad Franz Tamayo, Unifranz, asegura que los alarmantes datos de enfermedades bucodentales demandan<strong>\u00a0profesionales odont\u00f3logos<\/strong>\u00a0muy bien capacitados e integrales, con acceso a \u201cmejores equipos instrumentales y materiales que ayuden a\u00a0<strong>dar soluciones cortas, r\u00e1pidas y que no generen traumas\u00a0<\/strong>en los tratamientos que se realicen en el paciente\u201d.\u00a0\u00a0<\/span><\/p>\n<div>\n<p><span style=\"color: #000000;\">La odontolog\u00eda vela por la salud bucodental y la mejora de la calidad de vida de la poblaci\u00f3n, bas\u00e1ndose en sistemas de prevenci\u00f3n, promoci\u00f3n en el cuidado de los dientes y soluciones con tratamientos efectivos.<\/span><\/p>\n<\/div>\n<div>\n<p><span style=\"color: #000000;\"><strong>La mayor\u00eda de las afecciones<\/strong>\u00a0de salud bucodental<strong>\u00a0son prevenibles\u00a0<\/strong>en gran medida y pueden tratarse en sus etapas iniciales, haci\u00e9ndolas atraum\u00e1ticas.<\/span><\/p>\n<div>\n<p><span style=\"color: #000000;\"><span style=\"font-family: inherit;\">El trabajo realizado por los odont\u00f3logos ha evolucionado con el uso de la\u00a0<\/span>tecnologia<strong><span style=\"font-family: inherit;\">.<\/span><\/strong><span style=\"font-family: inherit;\"><strong>\u00a0Los nuevos equipamientos<\/strong>\u00a0utilizados por los profesionales facilitan los tratamientos para los pacientes y<strong>\u00a0brindan seguridad\u00a0<\/strong>en la funcionalidad y est\u00e9tica en sus piezas dentales.<\/span><\/span><\/p>\n<\/div>\n<div>\n<p><span style=\"color: #000000;\">\u201cEl CAD-CAM se trata de un software que trabaja con la incorporaci\u00f3n y restauraci\u00f3n inmediata de piezas dentarias. Si al paciente le falta un diente o hay que hacerle una corona (pr\u00f3tesis fija), una carilla o implante dental,\u00a0<strong>se toma la impresi\u00f3n de manera digital,<\/strong>\u00a0localizando el problema y tomando las dimensiones,\u00a0<strong>se fabrica de manera inmediata y precisa una nueva pieza<\/strong>\u00a0dental o una nueva corona, sin fallas\u201d asegura Ib\u00e1\u00f1ez.<\/span><\/p>\n<div>\n<p><img decoding=\"async\" class=\"aligncenter\" src=\"https:\/\/static.eldeber.com.bo\/\/Files\/Sizes\/2023\/2\/8\/odontologa_465987543_760x520.jpg\" \/><\/p>\n<\/div>\n<div>\n<div style=\"text-align: center;\"><span style=\"color: #000000;\"><i>\u00c1lvaro Iba\u00f1ez Dur\u00e1n, Director de la Carrera de Odontolog\u00eda de Unifranz<\/i><\/span><\/div>\n<\/div>\n<div>\n<p><span style=\"color: #000000;\"><strong>Nuevas tecnolog\u00edas para tratamientos est\u00e9ticos<\/strong><\/span><\/p>\n<\/div>\n<div>\n<p><span style=\"color: #000000;\">Actualmente, los odont\u00f3logos utilizan el Custom Smile Desing (CSD) o Dise\u00f1o Digital de la Sonrisa. Este software trabaja mediante un sistema de medidas, fotograf\u00edas y trazado de l\u00edneas en la cavidad bucal, mostrando un resultado previo de la sonrisa, en formato digital.<\/span><\/p>\n<\/div>\n<div><span style=\"color: #000000;\"><span style=\"letter-spacing: 0.02em;\">\u201cMediante el \u2018Dise\u00f1o Digital de la Sonrisa\u2019, se muestra un antes y despu\u00e9s de la sonrisa, misma que<\/span><strong style=\"letter-spacing: 0.02em;\">\u00a0tiene que estar en armon\u00eda con los rasgos faciales,<\/strong><span style=\"letter-spacing: 0.02em;\">\u00a0para que el paciente se sienta a gusto y c\u00f3modo, debiendo tomar en cuenta la parte est\u00e9tica y funcional, para que de manera virtual se le muestren los cambios que se podr\u00edan realizar\u201d, comenta Ib\u00e1\u00f1ez.<\/span><\/span><\/div>\n<div><span style=\"color: #000000;\">\u00a0<\/span><\/div>\n<div>\n<p><span style=\"color: #000000;\">Un primer paso del uso de esta tecnolog\u00eda se concreta en\u00a0\u00a0<strong>la ortodoncia invisible que permite corregir la mala posici\u00f3n de los dientes.<\/strong>\u00a0Este tratamiento persigue una sonrisa est\u00e9tica. Antes de su aplicaci\u00f3n se estudia los movimientos de las piezas dentarias para dise\u00f1ar los alineadores, tomando en cuenta la oclusi\u00f3n y funcionalidad.<\/span><\/p>\n<div>\n<p><span style=\"color: #000000;\"><strong>Las carillas<\/strong>\u00a0tambi\u00e9n han tenido una mejora. Estas piezas\u00a0<strong>cubren las imperfecciones de los dientes<\/strong>, y con el dise\u00f1o digital de sonrisas es posible realizar carillas provisionales (mock up), que el paciente pueda probar antes de la colocaci\u00f3n definitiva.<\/span><\/p>\n<\/div>\n<div>\n<p><span style=\"color: #000000;\">La tecnolog\u00eda te permite experimentar previamente los resultados. El blanqueamiento dental es otro ejemplo de ello, donde el paciente puede comparar el color de los dientes, a medida que se va realizando el procedimiento.<\/span><\/p>\n<\/div>\n<div>\n<p><span style=\"color: #000000;\">La formaci\u00f3n profesional del odont\u00f3logo en la actualidad debe estar vinculada a los adelantos tecnol\u00f3gicos. Se busca mejorar la experiencia del paciente en el cuidado dental. Otra caracter\u00edstica en la formaci\u00f3n del futuro profesional est\u00e1 circunscrita a la pr\u00e1ctica profesional, \u201cel aprender haciendo y con equipamiento de \u00faltima generaci\u00f3n como los sistemas rotatorios, l\u00e1ser quir\u00fargico, detector apical entre otros, de acuerdo a las especialidades que caracterizan a esta profesi\u00f3n\u201d, dice Ib\u00e1\u00f1ez, odont\u00f3logo con m\u00e1s de 10 a\u00f1os de experiencia como cirujano dentista.<\/span><\/p>\n<\/div>\n<div>\n<p><span style=\"color: #000000;\">El desarrollo de la tecnolog\u00eda en el campo de la odontolog\u00eda ayuda en la realizaci\u00f3n de mejores \u00a0diagn\u00f3sticos de patolog\u00edas dentales, con rapidez, influyendo de manera muy positiva en la mejora de nuestra salud bucodental.<\/span><\/p>\n<p>&nbsp;<\/p>\n<\/div>\n<\/div>\n<\/div>\n<\/div>\n<\/div>\n<\/div>","protected":false},"excerpt":{"rendered":"<p>El informe 2022 de la Organizaci\u00f3n Mundial de la Salud (OMS) respecto a la\u00a0salud bucodental\u00a0de la poblaci\u00f3n muestra que\u00a03,5 mil millones de personas\u00a0en el mundo\u00a0padecen enfermedades\u00a0relacionadas con la higiene y salud bucal. Tres de cuatro personas afectadas viven en pa\u00edses de ingreso bajo y medio. \u201cLos casos mundiales de enfermedades bucodentales han aumentado unos mil &hellip; <a href=\"https:\/\/unifranz.edu.bo\/pt\/blog\/salud-y-estetica-marcan-el-avance-de-la-odontologia\/\">Continued<\/a><\/p>","protected":false},"author":45,"featured_media":110763,"comment_status":"open","ping_status":"open","sticky":false,"template":"","format":"standard","meta":{"_acf_changed":false,"footnotes":""},"categories":[60,2186,1886,1854,1862,1004,2980,1782],"tags":[3428,2990,2984,186,124,242],"class_list":["post-110762","post","type-post","status-publish","format-standard","has-post-thumbnail","hentry","category-blog","category-carreras-es","category-derecho","category-docentes-es","category-educacion","category-estudiantes","category-odontologia-es-2","category-unifranz","tag-avance","tag-carrera-de-odontologia","tag-estetica","tag-odontologia","tag-salud","tag-unifranz"],"acf":[],"_links":{"self":[{"href":"https:\/\/unifranz.edu.bo\/pt\/wp-json\/wp\/v2\/posts\/110762","targetHints":{"allow":["GET"]}}],"collection":[{"href":"https:\/\/unifranz.edu.bo\/pt\/wp-json\/wp\/v2\/posts"}],"about":[{"href":"https:\/\/unifranz.edu.bo\/pt\/wp-json\/wp\/v2\/types\/post"}],"author":[{"embeddable":true,"href":"https:\/\/unifranz.edu.bo\/pt\/wp-json\/wp\/v2\/users\/45"}],"replies":[{"embeddable":true,"href":"https:\/\/unifranz.edu.bo\/pt\/wp-json\/wp\/v2\/comments?post=110762"}],"version-history":[{"count":1,"href":"https:\/\/unifranz.edu.bo\/pt\/wp-json\/wp\/v2\/posts\/110762\/revisions"}],"predecessor-version":[{"id":110764,"href":"https:\/\/unifranz.edu.bo\/pt\/wp-json\/wp\/v2\/posts\/110762\/revisions\/110764"}],"wp:featuredmedia":[{"embeddable":true,"href":"https:\/\/unifranz.edu.bo\/pt\/wp-json\/wp\/v2\/media\/110763"}],"wp:attachment":[{"href":"https:\/\/unifranz.edu.bo\/pt\/wp-json\/wp\/v2\/media?parent=110762"}],"wp:term":[{"taxonomy":"category","embeddable":true,"href":"https:\/\/unifranz.edu.bo\/pt\/wp-json\/wp\/v2\/categories?post=110762"},{"taxonomy":"post_tag","embeddable":true,"href":"https:\/\/unifranz.edu.bo\/pt\/wp-json\/wp\/v2\/tags?post=110762"}],"curies":[{"name":"wp","href":"https:\/\/api.w.org\/{rel}","templated":true}]}}