{"id":110704,"date":"2023-02-06T09:20:23","date_gmt":"2023-02-06T13:20:23","guid":{"rendered":"https:\/\/unifranz.edu.bo\/?p=110704"},"modified":"2023-02-06T09:20:23","modified_gmt":"2023-02-06T13:20:23","slug":"transformando-la-educacion-para-transformar-el-cuidado-de-la-salud-2","status":"publish","type":"post","link":"https:\/\/unifranz.edu.bo\/pt\/blog\/transformando-la-educacion-para-transformar-el-cuidado-de-la-salud-2\/","title":{"rendered":"Transformando la educaci\u00f3n para transformar el cuidado de la salud"},"content":{"rendered":"<p>PARTE 2 DE 2<\/p>\n<p><span style=\"font-weight: 400; color: #000000;\">Alcira tiene 78 a\u00f1os, desde hace una d\u00e9cada percibi\u00f3 que sus m\u00fasculos, piel y huesos han perdido fuerza y resistencia, lo que la ha llevado a un diagn\u00f3stico de artrosis sumada a hipertensi\u00f3n arterial; dos de las 5 enfermedades m\u00e1s comunes del adulto mayor boliviano seg\u00fan el Ministerio de Salud. Al ser una condici\u00f3n de por vida, Alcira debe acudir todos los meses al seguro de salud para conseguir los medicamentos que mitigan sus inc\u00f3modos s\u00edntomas. Esta rutina se ha vuelto una traves\u00eda que debe planificar a detalle, pues solo logra obtener una cita con su especialista una de cada 10 veces que lo intenta, por ello despierta a las 3 de la ma\u00f1ana, esperando encontrar transporte seguro que la lleve, para que las colas del seguro no sean muy largas y pidiendo a Dios que ese d\u00eda finalmente pueda \u201csacar ficha\u201d.\u00a0<\/span><\/p>\n<p><span style=\"color: #000000;\"><span style=\"font-weight: 400;\">Un mal d\u00eda, Natalia de 14 a\u00f1os, sinti\u00f3 un bulto en el brazo derecho. Su madre la llev\u00f3 al pediatra quien en un principio le diagnostic\u00f3 un absceso, pero al no mejorar e ir a un estudio m\u00e1s profundo, se detect\u00f3 que la masa ten\u00eda c\u00e9lulas malignas. Ante el impacto de saber que su hija ten\u00eda c\u00e1ncer, sus padres buscaron informaci\u00f3n y atenci\u00f3n m\u00e9dica hasta encontrar un novedoso tratamiento gen\u00f3mico (tratamiento de enfermedades desde el ADN) que promete ser m\u00e1s eficiente y menos invasivo. Lo malo es que el costo supera los 300 mil D\u00f3lares americanos<\/span><span style=\"font-weight: 400;\">, ante esta situaci\u00f3n los padres a\u00fan se debaten en c\u00f3mo salvar la vida de Natalia sin comprometer el futuro de toda la familia.\u00a0\u00a0<\/span><\/span><\/p>\n<p><span style=\"font-weight: 400; color: #000000;\">Imaginar sistemas de salud m\u00e1s empobrecidos o m\u00e1s discriminantes que los citados, es hacer que las peores pesadillas se hagan realidad. Se tiene que cambiar, desde nuestro comportamiento para\u00a0 transformar nuestra manera de observar y entender el mundo.\u00a0<\/span><\/p>\n<p><span style=\"color: #000000;\"><b>Las personas cambian el mundo<\/b><\/span><\/p>\n<p><span style=\"color: #000000;\"><em><span style=\"font-weight: 400;\">\u00abL<\/span><\/em><i><span style=\"font-weight: 400;\"><em>os<\/em> humanos no somos tan fuertes como los leones, no nadamos tan bien como los delfines, \u00a1y desde luego no tenemos alas! Entonces, \u00bfc\u00f3mo hemos acabado gobernando el mundo?<\/span><\/i><span style=\"font-weight: 400;\">\u201d, escribe Yuval Noah Harari en su \u00faltimo libro \u201cImparables\u201d. Y parad\u00f3jicamente \u00e9l mismo se responde en su primer libro \u201cSapiens\u201d: \u201c<\/span><i><span style=\"font-weight: 400;\">El homo sapiens gobierna el mundo porque es el \u00fanico animal que puede creer en cosas que existen puramente en su propia imaginaci\u00f3n, como los dioses, los estados, el dinero y los derechos humanos<\/span><\/i><span style=\"font-weight: 400;\">\u201d.\u00a0<\/span><\/span><\/p>\n<p><span style=\"font-weight: 400; color: #000000;\">Con la consigna: \u201csin cambio personal, no hay cambio institucional\u201d, en agosto de 2019, medio centenar de acad\u00e9micos de UNIFRANZ se congregaron en un taller para iniciar la transformaci\u00f3n de la educaci\u00f3n en Bolivia. \u00bfCu\u00e1l es el eje central de nuestro camino de cambio en el marco de la crisis de la educaci\u00f3n? Es necesario una mirada profunda a la persona para transformar el proceso de aprendizaje. Sin olvidar el contexto: un nuevo mundo est\u00e1 emergiendo, uno que se transforma sin precedentes y de incertidumbre radical.\u00a0<\/span><\/p>\n<p><span style=\"font-weight: 400; color: #000000;\">Reimaginar una educaci\u00f3n que vaya m\u00e1s all\u00e1 de los contenidos curriculares, m\u00e1s all\u00e1 de las competencias desarrolladas, que sea capaz de fijar la mirada en los impactos en el comportamiento, en la comprensi\u00f3n y en el marco mental de los futuros profesionales. As\u00ed nace el Modelo Educativo Transformador de UNIFRANZ.<\/span><\/p>\n<p><span style=\"color: #000000;\"><b style=\"letter-spacing: 0.02em;\">Aprender para transformar<\/b><b>\u00a0<img loading=\"lazy\" decoding=\"async\" class=\"alignleft wp-image-110713\" src=\"https:\/\/unifranz.edu.bo\/wp-content\/uploads\/2023\/02\/Autoridades-Departamentales-de-Salud-y-Acad\u00e9micas-de-UNIFRANZ-informan-sobre-conclusiones-del-Meet-Up-de-Infectolog\u00eda-2023..png\" alt=\"\" width=\"547\" height=\"344\" srcset=\"https:\/\/unifranz.edu.bo\/wp-content\/uploads\/2023\/02\/Autoridades-Departamentales-de-Salud-y-Acad\u00e9micas-de-UNIFRANZ-informan-sobre-conclusiones-del-Meet-Up-de-Infectolog\u00eda-2023..png 1022w, https:\/\/unifranz.edu.bo\/wp-content\/uploads\/2023\/02\/Autoridades-Departamentales-de-Salud-y-Acad\u00e9micas-de-UNIFRANZ-informan-sobre-conclusiones-del-Meet-Up-de-Infectolog\u00eda-2023.-300x189.png 300w, https:\/\/unifranz.edu.bo\/wp-content\/uploads\/2023\/02\/Autoridades-Departamentales-de-Salud-y-Acad\u00e9micas-de-UNIFRANZ-informan-sobre-conclusiones-del-Meet-Up-de-Infectolog\u00eda-2023.-768x483.png 768w, https:\/\/unifranz.edu.bo\/wp-content\/uploads\/2023\/02\/Autoridades-Departamentales-de-Salud-y-Acad\u00e9micas-de-UNIFRANZ-informan-sobre-conclusiones-del-Meet-Up-de-Infectolog\u00eda-2023.-18x12.png 18w\" sizes=\"auto, (max-width: 547px) 100vw, 547px\" \/><\/b><\/span><\/p>\n<p><span style=\"color: #000000;\"><span style=\"font-weight: 400;\">A partir del dise\u00f1o, producci\u00f3n e implementaci\u00f3n de Tipolog\u00edas de Experiencias de Aprendizaje (TEAs), el estudiante universitario construye su aprendizaje siendo protagonista de una <\/span><b><i>experiencia avanzada de cambio<\/i><\/b><span style=\"font-weight: 400;\">, de manera de desarrollar a lo largo de su vida universitaria los 4 Rasgos del Modelo de Persona del M\u00e9dico UNIFRANZ: <strong>ser \u00edntegro, explorador creativo, innovador disruptivo y ciudadano universal<\/strong>. Un modelo de profesional orientado a las necesidades de este nuevo mundo, tanto respecto a sus habilidades y\u00a0 competencias disciplinares como a sus caracter\u00edsticas personales y a su proyecto vital.<\/span><\/span><\/p>\n<p><span style=\"color: #000000;\"><span style=\"font-weight: 400;\">En el contexto de la metodolog\u00eda RIEDUSIS (<\/span><i><span style=\"font-weight: 400;\">Reimagine Education System<\/span><\/i><span style=\"font-weight: 400;\">), es en el dise\u00f1o de estas TEAs que las opciones metodol\u00f3gicas de aprendizaje y las opciones de contenido curricular sobre la base de las l\u00edneas educativas b\u00e1sicas, se combinan para articular una propuesta espec\u00edfica. Luego de a\u00f1o y medio de prototipado, actualmente los futuros M\u00e9dicos UNIFRANZ llevan a cabo cada semana 6 TEAs: conozco, comprendo, experimento, demuestro, transformo y crezco, adem\u00e1s de la transversal de internacionalizaci\u00f3n.<\/span><\/span><\/p>\n<p><span style=\"font-weight: 400; color: #000000;\">Esto es desde experimentar hacer un triaje bajo presi\u00f3n en un entorno simulado de accidente tr\u00e1gico (TEA experimento), hasta elaborar el perfil epidemiol\u00f3gico de una comuna a partir de la investigaci\u00f3n de su situaci\u00f3n de salud de manera de orientar criterios de inversi\u00f3n en el POA municipal (TEA transformo).<\/span><\/p>\n<p><span style=\"color: #000000;\"><b>Aprender haciendo\u00a0<\/b><\/span><\/p>\n<p><span style=\"font-weight: 400; color: #000000;\">Siguiendo los compromisos asumidos por Bolivia y otras naciones en el Foro Mundial de Educaci\u00f3n realizado en Incheon (Corea), bajo el lema \u201cEducaci\u00f3n de calidad, equitativa e inclusiva, as\u00ed como un aprendizaje durante toda la vida para todos en 2030: Transformar vidas mediante la Educaci\u00f3n\u201d; al iniciar el a\u00f1o 2017, como consecuencia del redise\u00f1o curricular de todas sus carreras, UNIFRANZ implementa un Modelo Educativo Innovador, de car\u00e1cter sist\u00e9mico, que comprende tres subsistemas: axiol\u00f3gico, te\u00f3rico y pedag\u00f3gico, basados en el Modelo de Educaci\u00f3n por Competencias.<\/span><\/p>\n<p><span style=\"font-weight: 400; color: #000000;\">Un profundo diagn\u00f3stico y fundamentaci\u00f3n de la malla de cada carrera, as\u00ed como la lectura prospectiva de contextos influyentes, permitieron elaborar la trayectoria curricular de competencias rectoras de cada disciplina, desagregando para cada \u00e1rea de conocimiento\/desempe\u00f1o competencias b\u00e1sicas, intermedias y avanzadas, sean estas de car\u00e1cter instrumental (habilidades cognoscitivas, capacidades metodol\u00f3gicas, destrezas tecnol\u00f3gicas o ling\u00fc\u00edsticas), de car\u00e1cter interpersonal (capacidades cr\u00edticas y autocr\u00edticas, trabajo colaborativo, apreciaci\u00f3n de la diversidad o habilidad de desenvolverse en un contexto internacional) o de car\u00e1cter sist\u00e9mico (aplicaci\u00f3n pr\u00e1ctica, capacidad de investigaci\u00f3n, adaptaci\u00f3n o creaci\u00f3n, motivaci\u00f3n entre otras).<\/span><\/p>\n<p><span style=\"font-weight: 400; color: #000000;\"><img loading=\"lazy\" decoding=\"async\" class=\"wp-image-110712 alignleft\" src=\"https:\/\/unifranz.edu.bo\/wp-content\/uploads\/2023\/02\/BRUNO-ROJAS-M\u00c9DICO-TRANSFORMADOR-CONCLUY\u00d3-SU-INTERNADO-ROTATORIO-CON-\u00c9XITO-EN-LA-CL\u00cdNICA-COPACABANA-240x300.jpg\" alt=\"\" width=\"414\" height=\"517\" srcset=\"https:\/\/unifranz.edu.bo\/wp-content\/uploads\/2023\/02\/BRUNO-ROJAS-M\u00c9DICO-TRANSFORMADOR-CONCLUY\u00d3-SU-INTERNADO-ROTATORIO-CON-\u00c9XITO-EN-LA-CL\u00cdNICA-COPACABANA-240x300.jpg 240w, https:\/\/unifranz.edu.bo\/wp-content\/uploads\/2023\/02\/BRUNO-ROJAS-M\u00c9DICO-TRANSFORMADOR-CONCLUY\u00d3-SU-INTERNADO-ROTATORIO-CON-\u00c9XITO-EN-LA-CL\u00cdNICA-COPACABANA-819x1024.jpg 819w, https:\/\/unifranz.edu.bo\/wp-content\/uploads\/2023\/02\/BRUNO-ROJAS-M\u00c9DICO-TRANSFORMADOR-CONCLUY\u00d3-SU-INTERNADO-ROTATORIO-CON-\u00c9XITO-EN-LA-CL\u00cdNICA-COPACABANA-768x960.jpg 768w, https:\/\/unifranz.edu.bo\/wp-content\/uploads\/2023\/02\/BRUNO-ROJAS-M\u00c9DICO-TRANSFORMADOR-CONCLUY\u00d3-SU-INTERNADO-ROTATORIO-CON-\u00c9XITO-EN-LA-CL\u00cdNICA-COPACABANA-1229x1536.jpg 1229w, https:\/\/unifranz.edu.bo\/wp-content\/uploads\/2023\/02\/BRUNO-ROJAS-M\u00c9DICO-TRANSFORMADOR-CONCLUY\u00d3-SU-INTERNADO-ROTATORIO-CON-\u00c9XITO-EN-LA-CL\u00cdNICA-COPACABANA-10x12.jpg 10w, https:\/\/unifranz.edu.bo\/wp-content\/uploads\/2023\/02\/BRUNO-ROJAS-M\u00c9DICO-TRANSFORMADOR-CONCLUY\u00d3-SU-INTERNADO-ROTATORIO-CON-\u00c9XITO-EN-LA-CL\u00cdNICA-COPACABANA.jpg 1440w\" sizes=\"auto, (max-width: 414px) 100vw, 414px\" \/>Este modelo innovador pone al estudiante en el centro del proceso educativo, otorgando autonom\u00eda para que aprenda haciendo, a su propio ritmo y tiempo. No limita la diversidad de su talento. Para ello se dot\u00f3 de las facilidades necesarias:\u00a0<\/span><\/p>\n<ul>\n<li style=\"font-weight: 400;\" aria-level=\"1\"><span style=\"font-weight: 400; color: #000000;\"><strong>Dise\u00f1os instruccionales:<\/strong> instrumentos pedag\u00f3gicos creativos que gu\u00edan la aplicaci\u00f3n y dominio de contenidos de calidad acad\u00e9mica certificada permanentemente actualizados.<\/span><\/li>\n<li style=\"font-weight: 400;\" aria-level=\"1\"><span style=\"font-weight: 400; color: #000000;\"><strong>Docentes UNIFRANZ:<\/strong> especialistas en la planeaci\u00f3n, mediaci\u00f3n y evaluaci\u00f3n del aprendizaje en los modelos innovadores y transformadores, con fortalecimiento continuo de competencias digitales.<\/span><\/li>\n<li style=\"font-weight: 400;\" aria-level=\"1\"><span style=\"font-weight: 400; color: #000000;\"><strong>Proyectos integradores:<\/strong> estrategias did\u00e1cticas cuyo prop\u00f3sito es la conjunci\u00f3n de conocimientos te\u00f3ricos, aplicaciones pr\u00e1cticas y cualidades comportamentales.<\/span><\/li>\n<li style=\"font-weight: 400;\" aria-level=\"1\"><span style=\"font-weight: 400; color: #000000;\"><strong>Plataformas virtuales:<\/strong> tanto para la accesibilidad a mayor informaci\u00f3n digital de manera as\u00edncrona e interacci\u00f3n colaborativa s\u00edncrona, as\u00ed como para la atenci\u00f3n, servicio y apoyo estudiantil.<\/span><\/li>\n<li style=\"font-weight: 400;\" aria-level=\"1\"><span style=\"font-weight: 400; color: #000000;\">Plataformas tecnol\u00f3gicas: que integran y soportan los procesos de gesti\u00f3n acad\u00e9mica y administrativa, facilitando el enfoque en los procesos de creaci\u00f3n de valor educativo.<\/span><\/li>\n<li style=\"font-weight: 400;\" aria-level=\"1\"><span style=\"font-weight: 400; color: #000000;\"><strong>Plataformas edilicias:<\/strong> aulas din\u00e1micas (configurables, interactivas y colaborativas), EDULABS (laboratorios y simuladores de aprendizaje), cl\u00ednicas, bibliotecas y \u00e1reas de recreaci\u00f3n y esparcimiento.<\/span><\/li>\n<li style=\"font-weight: 400;\" aria-level=\"1\"><span style=\"font-weight: 400; color: #000000;\"><strong>Red nacional e internacional:<\/strong>\u00a0 Establecimientos de salud para el desarrollo de competencias a nivel intermedio y avanzado.<\/span><\/li>\n<\/ul>\n<p><span style=\"color: #000000;\"><b>Calidad acad\u00e9mica certificada<\/b><\/span><\/p>\n<p><span style=\"font-weight: 400; color: #000000;\">Nada se puede erigir sobre cimientos no garantizados por expertos. Esta sentencia que si bien se aplica a las construcciones, refleja de manera metaf\u00f3rica la garant\u00eda que se brinda a los futuros m\u00e9dicos UNIFRANZ sobre la calidad de su formaci\u00f3n acad\u00e9mica.\u00a0<\/span><\/p>\n<p><span style=\"font-weight: 400; color: #000000;\">En Septiembre de 2019, luego de un proceso exigente y riguroso de evaluaci\u00f3n internacional, la carrera de medicina de UNIFRANZ Cochabamba obtuvo la Acreditaci\u00f3n al Sistema ARCU-SUR del MERCOSUR educativo, como reconocimiento a su calidad acad\u00e9mica en las cuatro dimensiones evaluables: contexto institucional, proyecto acad\u00e9mico, poblaci\u00f3n universitaria e infraestructura.\u00a0<\/span><\/p>\n<p><span style=\"color: #000000;\"><b><i>\u201cSe puede importar de un lugar a otro lado todo g\u00e9nero de cosas: m\u00e9todos, f\u00f3rmulas, utensilios, ideas y m\u00e1quinas; pero lo que no se importar\u00e1 jam\u00e1s a ning\u00fan pa\u00eds, es la energ\u00eda, la voluntad, sin las que todo el resto no vale nada ni signifique cosa alguna\u2026\u201d (Franz Tamayo Solares).<\/i><\/b><\/span><\/p>\n<figure id=\"attachment_110454\" aria-describedby=\"caption-attachment-110454\" style=\"width: 276px\" class=\"wp-caption alignleft\"><img loading=\"lazy\" decoding=\"async\" class=\"wp-image-110454 size-medium\" title=\"Ing. Rolando Lopez, Vicerrector Unifranz Cochabamba, Ex Gerente de Cl\u00ednica Los Olivos y Asesor de Laboratorios Praxis S.R.L.\" src=\"https:\/\/unifranz.edu.bo\/wp-content\/uploads\/2023\/01\/Ing.-Rolando-Lopez-Vicerrector-Unifranz-Cochabamba-Ex-Gerente-de-Cl\u00ednica-Los-Olivos-y-Asesor-de-Laboratorios-Praxis-S.R.L.-276x300.png\" alt=\"\" width=\"276\" height=\"300\" srcset=\"https:\/\/unifranz.edu.bo\/wp-content\/uploads\/2023\/01\/Ing.-Rolando-Lopez-Vicerrector-Unifranz-Cochabamba-Ex-Gerente-de-Cl\u00ednica-Los-Olivos-y-Asesor-de-Laboratorios-Praxis-S.R.L.-276x300.png 276w, https:\/\/unifranz.edu.bo\/wp-content\/uploads\/2023\/01\/Ing.-Rolando-Lopez-Vicerrector-Unifranz-Cochabamba-Ex-Gerente-de-Cl\u00ednica-Los-Olivos-y-Asesor-de-Laboratorios-Praxis-S.R.L.-941x1024.png 941w, https:\/\/unifranz.edu.bo\/wp-content\/uploads\/2023\/01\/Ing.-Rolando-Lopez-Vicerrector-Unifranz-Cochabamba-Ex-Gerente-de-Cl\u00ednica-Los-Olivos-y-Asesor-de-Laboratorios-Praxis-S.R.L.-768x836.png 768w, https:\/\/unifranz.edu.bo\/wp-content\/uploads\/2023\/01\/Ing.-Rolando-Lopez-Vicerrector-Unifranz-Cochabamba-Ex-Gerente-de-Cl\u00ednica-Los-Olivos-y-Asesor-de-Laboratorios-Praxis-S.R.L.-11x12.png 11w, https:\/\/unifranz.edu.bo\/wp-content\/uploads\/2023\/01\/Ing.-Rolando-Lopez-Vicerrector-Unifranz-Cochabamba-Ex-Gerente-de-Cl\u00ednica-Los-Olivos-y-Asesor-de-Laboratorios-Praxis-S.R.L..png 1248w\" sizes=\"auto, (max-width: 276px) 100vw, 276px\" \/><figcaption id=\"caption-attachment-110454\" class=\"wp-caption-text\"><span style=\"color: #000000;\"><strong>Ing. Rolando Lopez, Vicerrector Unifranz Cochabamba, Ex Gerente de Cl\u00ednica Los Olivos y Asesor de Laboratorios Praxis S.R.L.<\/strong><\/span><\/figcaption><\/figure>\n<p><img loading=\"lazy\" decoding=\"async\" class=\"size-medium wp-image-110715 alignright\" src=\"https:\/\/unifranz.edu.bo\/wp-content\/uploads\/2023\/02\/qrcode_46537606_bb520265c8d17192761392dbe6a37ec5-300x300.png\" alt=\"\" width=\"300\" height=\"300\" srcset=\"https:\/\/unifranz.edu.bo\/wp-content\/uploads\/2023\/02\/qrcode_46537606_bb520265c8d17192761392dbe6a37ec5-300x300.png 300w, https:\/\/unifranz.edu.bo\/wp-content\/uploads\/2023\/02\/qrcode_46537606_bb520265c8d17192761392dbe6a37ec5-1024x1024.png 1024w, https:\/\/unifranz.edu.bo\/wp-content\/uploads\/2023\/02\/qrcode_46537606_bb520265c8d17192761392dbe6a37ec5-768x768.png 768w, https:\/\/unifranz.edu.bo\/wp-content\/uploads\/2023\/02\/qrcode_46537606_bb520265c8d17192761392dbe6a37ec5-1536x1536.png 1536w, https:\/\/unifranz.edu.bo\/wp-content\/uploads\/2023\/02\/qrcode_46537606_bb520265c8d17192761392dbe6a37ec5-2048x2048.png 2048w, https:\/\/unifranz.edu.bo\/wp-content\/uploads\/2023\/02\/qrcode_46537606_bb520265c8d17192761392dbe6a37ec5-12x12.png 12w\" sizes=\"auto, (max-width: 300px) 100vw, 300px\" \/><\/p>\n<p>&nbsp;<\/p>\n<p>&nbsp;<\/p>\n<p>&nbsp;<\/p>\n<p>&nbsp;<\/p>\n<p>&nbsp;<\/p>\n<p>&nbsp;<\/p>\n<p>&nbsp;<\/p>\n<p>&nbsp;<\/p>\n<p>&nbsp;<\/p>\n<p>&nbsp;<\/p>\n<p>&nbsp;<\/p>\n<p><span style=\"font-weight: 400;\">\u00a0<\/span><i><span style=\"font-weight: 400;\">Ref. MIT Technology Review,<a href=\"https:\/\/www.technologyreview.es\/s\/9696\/terapias-genicas-cuanto-mas-rara-es-la-enfermedad-mas-alto-es-el-precio\/ 2023\" target=\"_blank\" rel=\"noopener\"> https:\/\/www.technologyreview.es\/s\/9696\/terapias-genicas-cuanto-mas-rara-es-la-enfermedad-mas-alto-es-el-precio\/ 2023<\/a><\/span><\/i><\/p>","protected":false},"excerpt":{"rendered":"<p>PARTE 2 DE 2 Alcira tiene 78 a\u00f1os, desde hace una d\u00e9cada percibi\u00f3 que sus m\u00fasculos, piel y huesos han perdido fuerza y resistencia, lo que la ha llevado a un diagn\u00f3stico de artrosis sumada a hipertensi\u00f3n arterial; dos de las 5 enfermedades m\u00e1s comunes del adulto mayor boliviano seg\u00fan el Ministerio de Salud. Al &hellip; <a href=\"https:\/\/unifranz.edu.bo\/pt\/blog\/transformando-la-educacion-para-transformar-el-cuidado-de-la-salud-2\/\">Continued<\/a><\/p>","protected":false},"author":45,"featured_media":110710,"comment_status":"open","ping_status":"open","sticky":false,"template":"","format":"standard","meta":{"_acf_changed":false,"footnotes":""},"categories":[1990,60,2174,1862,2284,1004,2440,2996,3142,2858,2028,1608,1636,1946,2484,2108,1900,2586,2574,2032,1878,1686,1866,3378,2646,1782],"tags":[1270,2994,1650,3404,344,3402],"class_list":["post-110704","post","type-post","status-publish","format-standard","has-post-thumbnail","hentry","category-alianzas","category-blog","category-certificacion","category-educacion","category-edulabs","category-estudiantes","category-facultad-de-ciencias-de-la-salud","category-informacion","category-informacion-es","category-innovacion-en-educacion","category-internacionalizacion-es","category-internacionalizacion","category-investigacion","category-medicina","category-medicina-es-2","category-medicina-es","category-mercosur","category-modelo-educativo","category-reimagine-education","category-salud-es","category-salud","category-tecnologia","category-tecnologia-es","category-transformacion-en-educacion","category-transformadores-del-futuro","category-unifranz","tag-acreditacion-mercosur","tag-estudiar-medicina","tag-mejores-universidades-de-bolivia","tag-mejores-universidades-para-estudiar-medicina-en-bolivia","tag-mercosur","tag-transformacion-de-la-salud"],"acf":[],"_links":{"self":[{"href":"https:\/\/unifranz.edu.bo\/pt\/wp-json\/wp\/v2\/posts\/110704","targetHints":{"allow":["GET"]}}],"collection":[{"href":"https:\/\/unifranz.edu.bo\/pt\/wp-json\/wp\/v2\/posts"}],"about":[{"href":"https:\/\/unifranz.edu.bo\/pt\/wp-json\/wp\/v2\/types\/post"}],"author":[{"embeddable":true,"href":"https:\/\/unifranz.edu.bo\/pt\/wp-json\/wp\/v2\/users\/45"}],"replies":[{"embeddable":true,"href":"https:\/\/unifranz.edu.bo\/pt\/wp-json\/wp\/v2\/comments?post=110704"}],"version-history":[{"count":2,"href":"https:\/\/unifranz.edu.bo\/pt\/wp-json\/wp\/v2\/posts\/110704\/revisions"}],"predecessor-version":[{"id":110716,"href":"https:\/\/unifranz.edu.bo\/pt\/wp-json\/wp\/v2\/posts\/110704\/revisions\/110716"}],"wp:featuredmedia":[{"embeddable":true,"href":"https:\/\/unifranz.edu.bo\/pt\/wp-json\/wp\/v2\/media\/110710"}],"wp:attachment":[{"href":"https:\/\/unifranz.edu.bo\/pt\/wp-json\/wp\/v2\/media?parent=110704"}],"wp:term":[{"taxonomy":"category","embeddable":true,"href":"https:\/\/unifranz.edu.bo\/pt\/wp-json\/wp\/v2\/categories?post=110704"},{"taxonomy":"post_tag","embeddable":true,"href":"https:\/\/unifranz.edu.bo\/pt\/wp-json\/wp\/v2\/tags?post=110704"}],"curies":[{"name":"wp","href":"https:\/\/api.w.org\/{rel}","templated":true}]}}