{"id":109581,"date":"2023-01-24T08:27:27","date_gmt":"2023-01-24T12:27:27","guid":{"rendered":"https:\/\/unifranz.edu.bo\/?p=109581"},"modified":"2023-01-24T12:36:45","modified_gmt":"2023-01-24T16:36:45","slug":"la-educacion-es-la-vida-misma-expertos-reflexionan-sobre-su-rol-en-su-dia","status":"publish","type":"post","link":"https:\/\/unifranz.edu.bo\/pt\/blog\/la-educacion-es-la-vida-misma-expertos-reflexionan-sobre-su-rol-en-su-dia\/","title":{"rendered":"\u00abLa educaci\u00f3n es la vida misma\u00bb: expertos reflexionan sobre su rol en su d\u00eda"},"content":{"rendered":"<p><span style=\"color: #000000;\">Este martes 24, el mundo celebra el D\u00eda Internacional de la Educaci\u00f3n, proclamado por la Organizaci\u00f3n de las Naciones Unidas para la Educaci\u00f3n, la Ciencia y la Cultura (UNESCO) con el objetivo de reflexionar sobre el rol que la educaci\u00f3n desempe\u00f1a en la paz y el desarrollo de la humanidad.<\/span><\/p>\n<p><span style=\"color: #000000;\">La educaci\u00f3n es un derecho humano, un bien p\u00fablico y una responsabilidad colectiva. Los Objetivos de Desarrollo Sostenible (ODS) sostienen que se debe garantizar una educaci\u00f3n inclusiva, equitativa y de calidad y promover oportunidades de aprendizaje durante toda la vida para todos.<\/span><\/p>\n<p><span style=\"color: #000000;\">Durante la \u00faltima d\u00e9cada, se lograron grandes avances a la hora de ampliar el acceso a la educaci\u00f3n y<\/span> <span style=\"color: #000000;\">las tasas de matriculaci\u00f3n en las escuelas en todos los niveles, especialmente para las ni\u00f1as. No obstante, alrededor de 260 millones de ni\u00f1os est\u00e1n sin escolarizar y 771 millones de adultos son analfabetos. En el caso boliviano, la tasa de alfabetizaci\u00f3n es del 92,46%, seg\u00fan datos de la UNESCO.<\/span><\/p>\n<p><span style=\"color: #000000;\">Respecto a la importancia de la educaci\u00f3n y su impacto social, conversamos con expertos vinculados a temas educativos, tanto en el pa\u00eds como en el exterior.<\/span><\/p>\n<p><span style=\"color: #000000;\"><strong>Educaci\u00f3n es sin\u00f3nimo de transformaci\u00f3n<\/strong><\/span><\/p>\n<p><span style=\"color: #000000;\">Francesc Pedr\u00f3, director del Instituto Internacional de la UNESCO para la Educaci\u00f3n Superior en Am\u00e9rica Latina y el Caribe (UNESCO IESALC), en conversaci\u00f3n con UNIFRANZ pidi\u00f3 celebrar el papel transformador de la educaci\u00f3n para todos.<\/span><\/p>\n<p><span style=\"color: #000000;\">\u201cEsta conmemoraci\u00f3n nos recuerda el papel transformador que la educaci\u00f3n y, por supuesto, la educaci\u00f3n superior tiene para la vida de nuestros ciudadanos y ciudadanas (\u2026)\u201d, afirma.<\/span><\/p>\n<p><span style=\"color: #000000;\">Xavier Aragay, experto espa\u00f1ol en educaci\u00f3n superior, presidente de Reimagine Education y asesor de UNIFRANZ, remarca la importancia que tiene este instrumento para \u201cel progreso de las personas, de las instituciones, de las empresas y, en definitiva, el progreso de un pa\u00eds y del mundo\u201d.<\/span><\/p>\n<p><span style=\"color: #000000;\">Entre tanto, Ver\u00f3nica \u00c1greda Arq. DESA, Rectora de la Universidad Franz Tamayo, UNIFRANZ, apunta la importancia que la educaci\u00f3n tiene para formar agentes de cambio social: \u201cla educaci\u00f3n es la<\/span> <span style=\"color: #000000;\">herramienta m\u00e1s potente para el desarrollo personal y la generaci\u00f3n de agentes de cambio frente a una realidad incierta. Los distintos actores de la sociedad \u2013gobernantes, empresarios, educadores, l\u00edderes juveniles, activistas y padres de familia\u2013\u00a0necesitamos alinear nuestro camino para\u00a0ser protagonistas de\u00a0la transformaci\u00f3n de la educaci\u00f3n en el pa\u00eds\u00bb.<\/span><\/p>\n<p><span style=\"color: #000000;\">\u201cEn el d\u00eda internacional de la educaci\u00f3n es importante que cada pa\u00eds trabaje para su desarrollo,\u00a0porque es una manera de hacer crecer a la sociedad, producir equidad, igualar las oportunidades y tambi\u00e9n que las personas individualmente desarrollen sus proyectos de vida,\u00a0m\u00e1s ahora que el mundo est\u00e1 cambiando\u00a0y cada vez es m\u00e1s necesario reinventarnos para tener cada vez mejores instituciones\u201d, asegura Ricardo Rom\u00e1n, director del Colegio Alberto Blest Gana de Santiago de Chile, uno de los mejores 100 colegios del mundo.<\/span><\/p>\n<p><span style=\"color: #000000;\">El director en Bolivia de la Organizaci\u00f3n de Estados Iberoamericanos (OEI), Noel Aguirre, sostiene que \u201cla educaci\u00f3n es la vida misma\u201d, porque los seres humanos, como dice Paulo Freire, son seres inacabados que, racionalmente, pueden definir cu\u00e1nto m\u00e1s pueden aprender y cu\u00e1nto menos deben aprender y que ese proceso trata de desarrollarnos como personas.<\/span><\/p>\n<p><iframe loading=\"lazy\" title=\"YouTube video player\" src=\"https:\/\/www.youtube.com\/embed\/YcCG6ldY0hc\" width=\"560\" height=\"315\" frameborder=\"0\" allowfullscreen=\"allowfullscreen\"><\/iframe><\/p>\n<p><span style=\"color: #000000;\">\u201cLa educaci\u00f3n tiene que ver con la vida y, por lo tanto, se tiene que desarrollar a lo largo de toda la<\/span> <span style=\"color: #000000;\">vida, desde que uno nace hasta que muere, pero adem\u00e1s tiene que reconocer absolutamente todas las particularidades y diversidades de la poblaci\u00f3n. Por ende, la educaci\u00f3n no es sin\u00f3nimo de escuela, porque se la realiza en todos los \u00e1mbitos de la vida\u201d, asegura.\u00a0\u00a0<\/span><\/p>\n<p><span style=\"color: #000000;\">Beatriz Varoni, directora de Internacionalizaci\u00f3n y Postgrados de la Universidad de Flores (UFLO) recuerda que la sociedad debe apoyar medidas transformadoras que garanticen una educaci\u00f3n inclusiva, equitativa y de calidad, en todos los niveles y para todas las personas.<\/span><\/p>\n<p><span style=\"color: #000000;\">\u201cEs importante reafirmar el compromiso de hacer un trabajo colaborativo entre los pa\u00edses para que cada uno pueda aportar lo que viene construyendo en materia educativa\u201d.<\/span><\/p>\n<p><span style=\"color: #000000;\">Mario Alberto Secchi, director del Instituto Universitario Italiano de Rosario, asegura que hablar de educaci\u00f3n en pleno siglo XXI, es hablar de nuevos paradigmas porque, hoy, la educaci\u00f3n es muy din\u00e1mica, flexible y, sobre todo, las cosas tienen que estar preparadas para los cambios vertiginosos que se vienen a\u00f1o tras a\u00f1o.<\/span><\/p>\n<p><span style=\"color: #000000;\">\u201cHay que ser flexibles, sumamente contemplativos y tener mucha predisposici\u00f3n, para la internacionalizaci\u00f3n, los aprendizajes de competencia y, sobre todo, por el trabajo comunitario con un<\/span> <span style=\"color: #000000;\">alto compromiso social\u201d, afirma.<\/span><\/p>\n<p><span style=\"color: #000000;\">Evania Schneider, decana de la Universidad de Vale do Taquari, Univates, del Brasil dice que la educaci\u00f3n permite transformar vidas, \u201ccambiar y mejorar nuestra sociedad y nuestras comunidades, en cualquier parte del mundo\u201d.\u00a0\u00a0<\/span><\/p>\n<p><span style=\"color: #000000;\">Luz Vanzulli, directora de Educaci\u00f3n Continua y Postgrado del Tecnol\u00f3gico de Monterrey, considera que el rol de la educaci\u00f3n es entregar conocimientos que permitan el aprendizaje \u201cpara el desarrollo de habilidades y competencias que impacten en el cambio de paradigmas y el florecimiento humano en las personas\u201d.<\/span><\/p>\n<p><span style=\"color: #000000;\">Cristina Russi, directora de Cooperaci\u00f3n Internacional de la Universidad del Estado de R\u00edo de Janeiro (UERJ), indica que con la conmemoraci\u00f3n de esta fecha se refuerza la importancia de la educaci\u00f3n en el desarrollo de la humanidad en varios aspectos f\u00edsicos, intelectuales, culturales.<\/span><\/p>\n<p><span style=\"color: #000000;\">\u201cLa educaci\u00f3n es el proceso principal por el cual la humanidad progresa y se reconoce en s\u00ed misma. La educaci\u00f3n como proceso social permite a las personas construir mejores sociedades y mejores personas, permite dar un salto tanto cualitativo como cuantitativo, tanto en su razonamiento como persona, como en su relaci\u00f3n con el entorno. De esa manera todos contribuimos a una mejor sociedad, a\u00fan mejor mundo y a\u00fan mejor equilibrio de las cosas\u201d, asegura por su lado\u00a0Reinaldo Cifuentes, experto en educaci\u00f3n superior y coordinador de la Red de Administradores Universitarios (RAUI).<\/span><\/p>\n<p><span style=\"color: #000000;\">Lluis Pastor, Doctor en Periodismo por la Universidad Ram\u00f3n Llull (URL), m\u00e1ster en Ciencias de la Informaci\u00f3n por la Universidad Aut\u00f3noma de Barcelona (UAB) y asesor para la transformaci\u00f3n educativa considera a la educaci\u00f3n como el I+D de las personas, \u201cinnovaci\u00f3n y desarrollo lo que hace que la sociedad evolucione, crezca, que este al d\u00eda en una sociedad que corre vertiginosamente, para no quedarnos atr\u00e1s\u201d.<\/span><\/p>\n<p><span style=\"color: #000000;\">Finalmente, el coordinador del Instituto de Investigaciones Pedag\u00f3gicas Plurinacionales del Ministerio de Educaci\u00f3n, Fernando Carri\u00f3n Justiniano, asegura que la educaci\u00f3n es el proceso individual, pero adem\u00e1s social comunitario de desarrollo de todas las potencialidades del ser humano.<\/span><\/p>\n<p><span style=\"color: #000000;\">\u201cEs el proceso mediante el cual se generan las condiciones para la incorporaci\u00f3n de los individuos en una determinada sociedad, en una determinada cultura, en un determinado contexto (\u2026). Es darle las herramientas para que pueda mejorar y transformar esa realidad que le ha tocado vivir\u201d, concluye.<\/span><\/p>\n<p><span style=\"color: #000000;\">A prop\u00f3sito del D\u00eda Internacional de la Educaci\u00f3n, no est\u00e1 dem\u00e1s reiterar el llamado de la UNESCO para pensar en el futuro de los estudiantes con una mirada renovada hacia el mundo y\u00a0condiciones para el desarrollo de una ciudadan\u00eda cr\u00edtica, responsable y comprometida a nivel individual y colectivo, dando lugar a una sociedad m\u00e1s justa y equitativa en un entorno ambiental sostenible.<\/span><\/p>\n<p>&nbsp;<\/p>","protected":false},"excerpt":{"rendered":"<p>Este martes 24, el mundo celebra el D\u00eda Internacional de la Educaci\u00f3n, proclamado por la Organizaci\u00f3n de las Naciones Unidas para la Educaci\u00f3n, la Ciencia y la Cultura (UNESCO) con el objetivo de reflexionar sobre el rol que la educaci\u00f3n desempe\u00f1a en la paz y el desarrollo de la humanidad. La educaci\u00f3n es un derecho &hellip; <a href=\"https:\/\/unifranz.edu.bo\/pt\/blog\/la-educacion-es-la-vida-misma-expertos-reflexionan-sobre-su-rol-en-su-dia\/\">Continued<\/a><\/p>","protected":false},"author":45,"featured_media":109769,"comment_status":"open","ping_status":"open","sticky":false,"template":"","format":"standard","meta":{"_acf_changed":false,"footnotes":""},"categories":[1990,3172,60,2186,2566,1862,1004,2850,2102,1782],"tags":[3246,53,1694,3244,374,242],"class_list":["post-109581","post","type-post","status-publish","format-standard","has-post-thumbnail","hentry","category-alianzas","category-aprendizaje","category-blog","category-carreras-es","category-docente","category-educacion","category-estudiantes","category-transformacion-digital","category-unesco","category-unifranz","tag-dia-internacional-de-la-educacion","tag-educacion","tag-expertos","tag-la-vida-misma","tag-unesco","tag-unifranz"],"acf":[],"_links":{"self":[{"href":"https:\/\/unifranz.edu.bo\/pt\/wp-json\/wp\/v2\/posts\/109581","targetHints":{"allow":["GET"]}}],"collection":[{"href":"https:\/\/unifranz.edu.bo\/pt\/wp-json\/wp\/v2\/posts"}],"about":[{"href":"https:\/\/unifranz.edu.bo\/pt\/wp-json\/wp\/v2\/types\/post"}],"author":[{"embeddable":true,"href":"https:\/\/unifranz.edu.bo\/pt\/wp-json\/wp\/v2\/users\/45"}],"replies":[{"embeddable":true,"href":"https:\/\/unifranz.edu.bo\/pt\/wp-json\/wp\/v2\/comments?post=109581"}],"version-history":[{"count":4,"href":"https:\/\/unifranz.edu.bo\/pt\/wp-json\/wp\/v2\/posts\/109581\/revisions"}],"predecessor-version":[{"id":109810,"href":"https:\/\/unifranz.edu.bo\/pt\/wp-json\/wp\/v2\/posts\/109581\/revisions\/109810"}],"wp:featuredmedia":[{"embeddable":true,"href":"https:\/\/unifranz.edu.bo\/pt\/wp-json\/wp\/v2\/media\/109769"}],"wp:attachment":[{"href":"https:\/\/unifranz.edu.bo\/pt\/wp-json\/wp\/v2\/media?parent=109581"}],"wp:term":[{"taxonomy":"category","embeddable":true,"href":"https:\/\/unifranz.edu.bo\/pt\/wp-json\/wp\/v2\/categories?post=109581"},{"taxonomy":"post_tag","embeddable":true,"href":"https:\/\/unifranz.edu.bo\/pt\/wp-json\/wp\/v2\/tags?post=109581"}],"curies":[{"name":"wp","href":"https:\/\/api.w.org\/{rel}","templated":true}]}}