{"id":109503,"date":"2023-01-23T09:39:32","date_gmt":"2023-01-23T13:39:32","guid":{"rendered":"https:\/\/unifranz.edu.bo\/?p=109503"},"modified":"2023-01-23T09:41:22","modified_gmt":"2023-01-23T13:41:22","slug":"instantaneidad-un-nuevo-valor-que-llega-con-el-periodismo-digital","status":"publish","type":"post","link":"https:\/\/unifranz.edu.bo\/pt\/blog\/instantaneidad-un-nuevo-valor-que-llega-con-el-periodismo-digital\/","title":{"rendered":"Instantaneidad, un nuevo valor que llega con el periodismo digital"},"content":{"rendered":"<div>\n<p><span style=\"color: #000000;\">Tiempos disruptivos, de innovaci\u00f3n y transformaci\u00f3n caracterizan la d\u00e9cada actual. La informaci\u00f3n la tenemos en la palma de la mano, las tiendas dejaron los grandes escaparates y ahora venden digitalmente, la comida te llega a domicilio con solo hacer click en una aplicaci\u00f3n, las audiencias judiciales se realizan virtualmente y la educaci\u00f3n tambi\u00e9n ha dado un salto cualitativo con la implementaci\u00f3n de plataformas digitales.<\/span><\/p>\n<\/div>\n<div><span style=\"color: #000000;\"><span style=\"letter-spacing: 0.02em;\">En el \u00e1mbito period\u00edstico, el surgimiento de las tecnolog\u00edas de la informaci\u00f3n (TIC) ha llevado a la<\/span><strong style=\"letter-spacing: 0.02em;\">\u00a0prensa tradicional a reinventarse<\/strong><span style=\"letter-spacing: 0.02em;\">. El cambio de los medios masivos es global, siguen siendo uno de los actores m\u00e1s valorados por la sociedad y los m\u00e1s confiables para lectores y audiencias.<\/span><\/span><\/div>\n<div><\/div>\n<div><span style=\"color: #000000;\"><span style=\"letter-spacing: 0.02em;\">M\u00f3nica Salvatierra, periodista de reconocida trayectoria, jefa de redacci\u00f3n del matutino EL DEBER y docente de la carrera de Periodismo de la Universidad Franz Tamayo, Unifranz, sostiene que<\/span><strong style=\"letter-spacing: 0.02em;\">, en los \u00faltimos 20 a\u00f1os, el periodismo tradicional se ha transformado<\/strong><span style=\"letter-spacing: 0.02em;\">\u00a0para adaptarse a las exigencias de los medios digitales, que llegaron con un potente desaf\u00edo: la instantaneidad.<\/span><\/span><\/div>\n<div><\/div>\n<div>\n<div>\n<p><span style=\"color: #000000;\">\u201cLo que\u00a0<strong>ha cambiado<\/strong>\u00a0con los medios digitales es<strong>\u00a0la instantaneidad.<\/strong>\u00a0El periodismo ya no requiere de mucho tiempo (\u2026), procesar toda la informaci\u00f3n en este d\u00eda y publicarlo al d\u00eda siguiente en un peri\u00f3dico, por ejemplo, o la misma edici\u00f3n en la televisi\u00f3n y en la radio, tiene que ser m\u00e1s instant\u00e1nea\u201d, afirma la jefa de redacci\u00f3n del Diario Mayor.<\/span><\/p>\n<\/div>\n<div><span style=\"color: #000000;\"><span style=\"letter-spacing: 0.02em;\">Si bien es cierto que uno tiene que ser \u00e1gil para presentar las noticias,\u00a0<\/span><strong style=\"letter-spacing: 0.02em;\">una regla b\u00e1sica\u00a0<\/strong><span style=\"letter-spacing: 0.02em;\">del periodismo es que<\/span><strong style=\"letter-spacing: 0.02em;\">\u00a0no<\/strong><span style=\"letter-spacing: 0.02em;\">\u00a0puede<\/span><strong style=\"letter-spacing: 0.02em;\">\u00a0dar una informaci\u00f3n que no est\u00e9 verificada<\/strong><span style=\"letter-spacing: 0.02em;\">\u00a0porque el periodista no debe caer en la difusi\u00f3n de noticias falsas o en la generaci\u00f3n de posverdades.<\/span><\/span><\/div>\n<div><\/div>\n<\/div>\n<div>\n<div>\n<p><span style=\"color: #000000;\">El periodista profesional debe tener criterio en la forma y b\u00fasqueda de informaci\u00f3n y su correspondiente corroboraci\u00f3n, si algo es cierto o no. \u201cLa credibilidad de una noticia es el valor m\u00e1s importante del periodista y del medio donde trabaja\u201d, asegura.<\/span><\/p>\n<\/div>\n<div><span style=\"color: #000000;\"><span style=\"letter-spacing: 0.02em;\">Lo que s\u00ed\u00a0<\/span><strong style=\"letter-spacing: 0.02em;\">no ha cambiado son los valores que caracterizan a esta profesi\u00f3n<\/strong><span style=\"letter-spacing: 0.02em;\">, calificada por Gabriel Garc\u00eda M\u00e1rquez, Premio Nobel de Literatura, como \u201cel oficio m\u00e1s noble del mundo\u201d. Esos valores son \u201clos de siempre\u201d: veracidad de la informaci\u00f3n, es decir que sea cre\u00edble, oportunidad y utilidad para el ciudadano.<\/span><\/span><\/div>\n<div><\/div>\n<div>\n<p><span style=\"color: #000000;\">\u201cHay informaci\u00f3n constante y creo que lo que la gente espera del periodismo es que todo lo que se va generando, que es mucho, sea verificado previamente por el periodista antes que se lo pueda entregar; adem\u00e1s, con contexto, con una<strong>\u00a0informaci\u00f3n de valor agregado<\/strong>\u00a0que solamente un trabajo period\u00edstico puede hacer\u201d, reiter\u00f3 Salvatierra.<\/span><\/p>\n<p><iframe loading=\"lazy\" title=\"YouTube video player\" src=\"https:\/\/www.youtube.com\/embed\/p755xixmUfo\" width=\"560\" height=\"315\" frameborder=\"0\" allowfullscreen=\"allowfullscreen\"><\/iframe><\/p>\n<\/div>\n<div><span style=\"color: #000000;\"><span style=\"letter-spacing: 0.02em;\">Autocr\u00edtica de su profesi\u00f3n, la docente universitaria considera que<\/span><strong style=\"letter-spacing: 0.02em;\">\u00a0el periodista ya no es el \u201csabelotodo\u201d<\/strong><span style=\"letter-spacing: 0.02em;\">\u00a0que genera los contenidos y dice, \u201cesto le interesa a la gente, voy a analizarlo por ac\u00e1, por all\u00e1\u201d, sino que a trav\u00e9s de\u00a0<\/span><strong style=\"letter-spacing: 0.02em;\">la retroalimentaci\u00f3n<\/strong><span style=\"letter-spacing: 0.02em;\">\u00a0y de la informaci\u00f3n que va dejando el usuario de los medios\u00a0<\/span><strong style=\"letter-spacing: 0.02em;\">sabe con m\u00e1s precisi\u00f3n qu\u00e9 contenidos son los que m\u00e1s interesan<\/strong><span style=\"letter-spacing: 0.02em;\">, qu\u00e9 contenidos son los de m\u00e1s utilidad o los que brindan servicios.<\/span><\/span><\/div>\n<div><\/div>\n<div>\n<div>\n<p><span style=\"color: #000000;\">En la sociedad actual, las personas est\u00e1n en constante interacci\u00f3n y eso tambi\u00e9n se evidencia en la relaci\u00f3n entre las audiencias de los medios de comunicaci\u00f3n sobre todo digitales y los medios.<strong>\u00a0El impacto de las TICs<\/strong>\u00a0en el periodismo es que han permitido que haya\u00a0<strong>una mayor y constante retroalimentaci\u00f3n<\/strong>\u00a0de los contenidos period\u00edsticos.<\/span><\/p>\n<\/div>\n<div><span style=\"letter-spacing: 0.02em; color: #000000;\">La digitalizaci\u00f3n ha transformado el modo de hacer periodismo. Antes se escrib\u00eda una nota con una serie de elementos y fuentes, pero ahora eso tiene que ser enriquecido tambi\u00e9n con<\/span><strong style=\"letter-spacing: 0.02em;\"><span style=\"color: #000000;\">\u00a0una mirada de<\/span> <span style=\"color: #000000;\">la realidad,<\/span><\/strong><span style=\"letter-spacing: 0.02em; color: #000000;\">\u00a0con una descripci\u00f3n de la realidad y, sobre todo, valorando el hecho de que el periodista tiene que verificar la informaci\u00f3n que recibe antes de darla a conocer.<\/span><\/div>\n<div><\/div>\n<\/div>\n<\/div>\n<div>\n<div>\n<p><span style=\"color: #000000;\"><strong>Estudiar para discernir e interpelar<\/strong><\/span><\/p>\n<\/div>\n<div>\n<p><span style=\"color: #000000;\">La periodista cruce\u00f1a, con m\u00e1s de 29 a\u00f1os de experiencia en an\u00e1lisis de contextos sociales, econ\u00f3micos y pol\u00edticos, experta en creaci\u00f3n, dise\u00f1o y edici\u00f3n de contenidos en todas las \u00e1reas informativas, afirma que\u00a0<strong>el buen periodismo exige que sus protagonistas\u00a0<\/strong>(los periodistas)\u00a0<strong>sean profesionales<\/strong>, porque la educaci\u00f3n es la que permite tener discernimiento y mirada cr\u00edtica de la realidad. Caso contrario ser\u00eda imposible \u201cinterpelar los discursos que de pronto est\u00e1n ganando espacios en uno y otro lado\u201d.<\/span><\/p>\n<\/div>\n<div><span style=\"letter-spacing: 0.02em; color: #000000;\">Unifranz, comprometida con los desaf\u00edos de la educaci\u00f3n,\u00a0 forma profesionales en periodismo altamente capacitados, \u00edntegros, con destrezas en investigaci\u00f3n, producci\u00f3n, difusi\u00f3n de informaci\u00f3n, h\u00e1biles en el manejo de las tecnolog\u00edas informativas, capaces de interpretar la realidad y orientar responsablemente a la sociedad de acuerdo a criterios \u00e9ticos y con compromiso social.<\/span><\/div>\n<div><\/div>\n<div>\n<p><span style=\"color: #000000;\">\u201cLos periodistas estamos viendo todo y<strong>\u00a0vivimos en un sube y baja constante<\/strong>\u00a0de las cosas que le pasan a nuestra sociedad (\u2026). Eso nos demanda, no solamente aprender de herramientas de periodismo, sino aprender de una diversidad de temas (\u2026). Es un desaf\u00edo maravilloso que cada d\u00eda que uno vive, tenga mucha adrenalina\u201d, dice\u00a0Salvatierra.<\/span><\/p>\n<figure id=\"attachment_109504\" aria-describedby=\"caption-attachment-109504\" style=\"width: 618px\" class=\"wp-caption alignnone\"><img loading=\"lazy\" decoding=\"async\" class=\"wp-image-109504\" src=\"https:\/\/unifranz.edu.bo\/wp-content\/uploads\/2023\/01\/Quotes-01-5-300x300.png\" alt=\"\" width=\"618\" height=\"618\" srcset=\"https:\/\/unifranz.edu.bo\/wp-content\/uploads\/2023\/01\/Quotes-01-5-300x300.png 300w, https:\/\/unifranz.edu.bo\/wp-content\/uploads\/2023\/01\/Quotes-01-5-1024x1024.png 1024w, https:\/\/unifranz.edu.bo\/wp-content\/uploads\/2023\/01\/Quotes-01-5-768x768.png 768w, https:\/\/unifranz.edu.bo\/wp-content\/uploads\/2023\/01\/Quotes-01-5-1536x1536.png 1536w, https:\/\/unifranz.edu.bo\/wp-content\/uploads\/2023\/01\/Quotes-01-5-2048x2048.png 2048w, https:\/\/unifranz.edu.bo\/wp-content\/uploads\/2023\/01\/Quotes-01-5-12x12.png 12w\" sizes=\"auto, (max-width: 618px) 100vw, 618px\" \/><figcaption id=\"caption-attachment-109504\" class=\"wp-caption-text\"><span style=\"color: #000000;\">M\u00f3nica Salvatierra, lidera el proceso de transformaci\u00f3n y digitalizaci\u00f3n de EL DEBER.<\/span><\/figcaption><\/figure>\n<div>\n<p>&nbsp;<\/p>\n<p><span style=\"color: #000000;\"><strong>La carrera de periodismo<\/strong>\u00a0de Unifranz Santa Cruz, cuenta<strong>\u00a0con menciones en Periodismo Investigativo y de Datos y Periodismo Digital<\/strong>. Carlos Dabdoub, Vicerrector de Unifranz Santa Cruz, asegura que: \u201cla carrera inicia un nuevo ciclo en el periodismo nacional, pues nuestro prop\u00f3sito es formar profesionales de talla mundial, con menciones en periodismo digital y de investigaci\u00f3n, dos \u00e1reas muy importantes en el presente. Ello permitir\u00e1 que los nuevos periodistas usen la \u00e9tica profesional y rescaten la verdad\u201d.<\/span><\/p>\n<\/div>\n<div><span style=\"color: #000000;\"><strong style=\"letter-spacing: 0.02em;\">Jornalismo Investigativo e de Dados<\/strong><span style=\"letter-spacing: 0.02em;\">, desarrolla habilidades en el an\u00e1lisis de datos como base del periodismo de investigaci\u00f3n. Combina herramientas digitales que permiten al periodista formado en Unifranz, gestionar una gran cantidad de informaci\u00f3n, y hacerla accesible y entendible para el p\u00fablico, generando tendencia social con precisi\u00f3n e impacto.<\/span><\/span><\/div>\n<div><\/div>\n<div>\n<p><span style=\"color: #000000;\">Entre tanto<strong>\u00a0la menci\u00f3n en Periodismo Digital,<\/strong>\u00a0desarrolla habilidades para investigar, producir y difundir contenidos period\u00edsticos con una narrativa multimedia pensando en los distintos formatos digitales que utiliza actualmente la sociedad. Aprende sobre cultura digital, nuevas narrativas para las distintas plataformas, periodismo transmedia, emprendimientos digitales y modelos de negocio. Si quieres m\u00e1s informaci\u00f3n, escribe al W<strong>hatsApp 71502211.<\/strong><\/span><\/p>\n<\/div>\n<\/div>\n<\/div>","protected":false},"excerpt":{"rendered":"<p>Tiempos disruptivos, de innovaci\u00f3n y transformaci\u00f3n caracterizan la d\u00e9cada actual. La informaci\u00f3n la tenemos en la palma de la mano, las tiendas dejaron los grandes escaparates y ahora venden digitalmente, la comida te llega a domicilio con solo hacer click en una aplicaci\u00f3n, las audiencias judiciales se realizan virtualmente y la educaci\u00f3n tambi\u00e9n ha dado &hellip; <a href=\"https:\/\/unifranz.edu.bo\/pt\/blog\/instantaneidad-un-nuevo-valor-que-llega-con-el-periodismo-digital\/\">Continued<\/a><\/p>","protected":false},"author":45,"featured_media":109507,"comment_status":"open","ping_status":"open","sticky":false,"template":"","format":"standard","meta":{"_acf_changed":false,"footnotes":""},"categories":[60],"tags":[],"class_list":["post-109503","post","type-post","status-publish","format-standard","has-post-thumbnail","hentry","category-blog"],"acf":[],"_links":{"self":[{"href":"https:\/\/unifranz.edu.bo\/pt\/wp-json\/wp\/v2\/posts\/109503","targetHints":{"allow":["GET"]}}],"collection":[{"href":"https:\/\/unifranz.edu.bo\/pt\/wp-json\/wp\/v2\/posts"}],"about":[{"href":"https:\/\/unifranz.edu.bo\/pt\/wp-json\/wp\/v2\/types\/post"}],"author":[{"embeddable":true,"href":"https:\/\/unifranz.edu.bo\/pt\/wp-json\/wp\/v2\/users\/45"}],"replies":[{"embeddable":true,"href":"https:\/\/unifranz.edu.bo\/pt\/wp-json\/wp\/v2\/comments?post=109503"}],"version-history":[{"count":1,"href":"https:\/\/unifranz.edu.bo\/pt\/wp-json\/wp\/v2\/posts\/109503\/revisions"}],"predecessor-version":[{"id":109506,"href":"https:\/\/unifranz.edu.bo\/pt\/wp-json\/wp\/v2\/posts\/109503\/revisions\/109506"}],"wp:featuredmedia":[{"embeddable":true,"href":"https:\/\/unifranz.edu.bo\/pt\/wp-json\/wp\/v2\/media\/109507"}],"wp:attachment":[{"href":"https:\/\/unifranz.edu.bo\/pt\/wp-json\/wp\/v2\/media?parent=109503"}],"wp:term":[{"taxonomy":"category","embeddable":true,"href":"https:\/\/unifranz.edu.bo\/pt\/wp-json\/wp\/v2\/categories?post=109503"},{"taxonomy":"post_tag","embeddable":true,"href":"https:\/\/unifranz.edu.bo\/pt\/wp-json\/wp\/v2\/tags?post=109503"}],"curies":[{"name":"wp","href":"https:\/\/api.w.org\/{rel}","templated":true}]}}