{"id":109178,"date":"2023-01-18T11:37:51","date_gmt":"2023-01-18T15:37:51","guid":{"rendered":"https:\/\/unifranz.edu.bo\/?p=109178"},"modified":"2023-01-18T12:47:36","modified_gmt":"2023-01-18T16:47:36","slug":"estudiantes-de-unifranz-disenan-pasos-de-cebra-creativos-y-concientizadores-para-el-alto","status":"publish","type":"post","link":"https:\/\/unifranz.edu.bo\/pt\/blog\/estudiantes-de-unifranz-disenan-pasos-de-cebra-creativos-y-concientizadores-para-el-alto\/","title":{"rendered":"Estudiantes de UNIFRANZ dise\u00f1an pasos de cebra creativos y concientizadores para El Alto"},"content":{"rendered":"<p>Por Lily Zurita<\/p>\n<p><span style=\"color: #000000;\">Pasos peatonales creativos con mensajes de concientizaci\u00f3n respecto al respeto de las se\u00f1ales de tr\u00e1nsito fueron creados por<\/span> <span style=\"color: #000000;\">estudiantes de Dise\u00f1o Gr\u00e1fico y Producci\u00f3n Crossmedia de la Universidad Franz Tamayo, UNIFRANZ, en coordinaci\u00f3n con la Secretar\u00eda de Movilidad Urbana de la Alcald\u00eda de El Alto (GAMEA).<\/span><\/p>\n<p><span style=\"color: #000000;\">Una convocatoria interna lanzada por las autoridades acad\u00e9micas de la sede El Alto de UNIFRANZ permiti\u00f3 que decenas de universitarios hagan volar su imaginaci\u00f3n y creatividad y presentar\u00e1n dise\u00f1os novedosos de pasos de cebra, que son coloreados por ellos mismos con pintura de alto tr\u00e1fico, en v\u00edas identificadas por el GAMEA.<\/span><\/p>\n<p><span style=\"color: #000000;\">El objetivo es concienciar a la poblaci\u00f3n, a trav\u00e9s de dise\u00f1os innovadores, sobre la importancia de la cultura ciudadana de respeto de las se\u00f1ales de tr\u00e1nsito, el uso del cintur\u00f3n de seguridad, el respeto al sem\u00e1foro y, obviamente, el uso de los pasos peatonales.<\/span><\/p>\n<p><span style=\"color: #000000;\">La directora de la carrera de Dise\u00f1o Gr\u00e1fico y Producci\u00f3n Crossmedia de UNIFRANZ El Alto, Daniela Urquiola, inform\u00f3 que la iniciativa surgi\u00f3 del compromiso social que tiene esta Casa de Estudios Superiores con la comunidad y la permanente coordinaci\u00f3n con alianzas estrat\u00e9gicas en esa ciudad, como es el Gobierno Aut\u00f3nomo Municipal de El Alto.<\/span><\/p>\n<p><span style=\"color: #000000;\">La acad\u00e9mica precis\u00f3 que la principal caracter\u00edstica de los dise\u00f1os es su creatividad. \u201cNo son simplemente, los tradicionales pasos de cebra, sino que tambi\u00e9n tienen formas y figuras que llaman la atenci\u00f3n\u201d.<\/span><\/p>\n<p><iframe loading=\"lazy\" title=\"YouTube video player\" src=\"https:\/\/www.youtube.com\/embed\/Ptsf1P1J8Iw\" width=\"560\" height=\"315\" frameborder=\"0\" allowfullscreen=\"allowfullscreen\"><\/iframe><\/p>\n<p><span style=\"color: #000000;\">Por ejemplo, uno de los dise\u00f1os seleccionados tiene, en medio de las l\u00edneas blancas, dise\u00f1os de un perro, de una persona con discapacidad, de un adulto mayor y de un ni\u00f1o. Esos detalles llevan un mensaje impl\u00edcito de respeto a la comunidad y, principalmente, a la poblaci\u00f3n vulnerable.<\/span><\/p>\n<p><span style=\"color: #000000;\">Urquiola asegura que las propuestas surgieron desde los proyectos integradores que caracterizan a las diferentes carreras de UNIFRANZ donde los estudiantes aprenden haciendo y, constantemente, est\u00e1n viendo c\u00f3mo pueden aportar a la sociedad.<\/span><\/p>\n<p><span style=\"color: #000000;\">\u201cDesde lo acad\u00e9mico, desde lo que van aprendiendo en su formaci\u00f3n profesional, ellos pueden dar soluciones a problemas reales. Por lo tanto, se trabaja tambi\u00e9n con empresas, microempresarios y socios formadores de nuestros futuros profesionales\u201d, dijo Urquiola.<\/span><\/p>\n<p><span style=\"color: #000000;\">En septiembre del a\u00f1o pasado, los estudiantes tambi\u00e9n colaboraron con los microempresarios alte\u00f1os que participaron en la Expocruz 2022, con todo lo referido al\u00a0<em>Merchandising Ferial<\/em>\u00a0(comercializaci\u00f3n) en cuanto a manejo de color y formas para mejorar los\u00a0<em>stands<\/em>, a fin de exhibir de la mejor manera sus productos a la poblaci\u00f3n.<\/span><\/p>\n<p><span style=\"color: #000000;\">\u201cLa carrera tiene en los proyectos integradores actividades donde los estudiantes ven que, a medida que se van formando profesionalmente, pueden trabajar por su sociedad, incluso se proyectan m\u00e1s para el futuro\u201d, indic\u00f3 Urquiola.<\/span><\/p>\n<p><span style=\"color: #000000;\"><strong>Proyectos integradores<\/strong><\/span><\/p>\n<p><span style=\"color: #000000;\">En UNIFRANZ los estudiantes aprenden haciendo en proyectos integradores donde integran todas aquellas asignaturas en las cuales se van formando a lo largo de su carrera universitaria para dar una soluci\u00f3n a problemas reales que ellos identifican despu\u00e9s de una evaluaci\u00f3n previa.<\/span><\/p>\n<p><span style=\"color: #000000;\">\u201cEn la carrera de Dise\u00f1o Gr\u00e1fico y Producci\u00f3n Crossmedia hemos tenido la oportunidad de presentar varios proyectos integradores de empresas e instituciones, incluso han dado oportunidades laborales a nuestros estudiantes al ver los resultados tan efectivos que tienen estos proyectos integradores\u201d, dijo la Directora de Dise\u00f1o Gr\u00e1fico.\u00a0<\/span><\/p>\n<p>&nbsp;<\/p>","protected":false},"excerpt":{"rendered":"<p>Por Lily Zurita Pasos peatonales creativos con mensajes de concientizaci\u00f3n respecto al respeto de las se\u00f1ales de tr\u00e1nsito fueron creados por estudiantes de Dise\u00f1o Gr\u00e1fico y Producci\u00f3n Crossmedia de la Universidad Franz Tamayo, UNIFRANZ, en coordinaci\u00f3n con la Secretar\u00eda de Movilidad Urbana de la Alcald\u00eda de El Alto (GAMEA). Una convocatoria interna lanzada por las &hellip; <a href=\"https:\/\/unifranz.edu.bo\/pt\/blog\/estudiantes-de-unifranz-disenan-pasos-de-cebra-creativos-y-concientizadores-para-el-alto\/\">Continued<\/a><\/p>","protected":false},"author":45,"featured_media":109179,"comment_status":"open","ping_status":"open","sticky":false,"template":"","format":"standard","meta":{"_acf_changed":false,"footnotes":""},"categories":[3172,60,2186,2726,226,2582,2516,1862,1782],"tags":[3076,3096,47,386,3200,242],"class_list":["post-109178","post","type-post","status-publish","format-standard","has-post-thumbnail","hentry","category-aprendizaje","category-blog","category-carreras-es","category-creatividad","category-cultura","category-diseno-arquitectonico","category-diseno-grafico-y-produccion-crossmedia","category-educacion","category-unifranz","tag-aprende-haciendo","tag-carrera-de-diseno-grafico-y-produccion-crossmedia","tag-el-alto","tag-estudiantes","tag-pasos-cebra","tag-unifranz"],"acf":[],"_links":{"self":[{"href":"https:\/\/unifranz.edu.bo\/pt\/wp-json\/wp\/v2\/posts\/109178","targetHints":{"allow":["GET"]}}],"collection":[{"href":"https:\/\/unifranz.edu.bo\/pt\/wp-json\/wp\/v2\/posts"}],"about":[{"href":"https:\/\/unifranz.edu.bo\/pt\/wp-json\/wp\/v2\/types\/post"}],"author":[{"embeddable":true,"href":"https:\/\/unifranz.edu.bo\/pt\/wp-json\/wp\/v2\/users\/45"}],"replies":[{"embeddable":true,"href":"https:\/\/unifranz.edu.bo\/pt\/wp-json\/wp\/v2\/comments?post=109178"}],"version-history":[{"count":3,"href":"https:\/\/unifranz.edu.bo\/pt\/wp-json\/wp\/v2\/posts\/109178\/revisions"}],"predecessor-version":[{"id":109196,"href":"https:\/\/unifranz.edu.bo\/pt\/wp-json\/wp\/v2\/posts\/109178\/revisions\/109196"}],"wp:featuredmedia":[{"embeddable":true,"href":"https:\/\/unifranz.edu.bo\/pt\/wp-json\/wp\/v2\/media\/109179"}],"wp:attachment":[{"href":"https:\/\/unifranz.edu.bo\/pt\/wp-json\/wp\/v2\/media?parent=109178"}],"wp:term":[{"taxonomy":"category","embeddable":true,"href":"https:\/\/unifranz.edu.bo\/pt\/wp-json\/wp\/v2\/categories?post=109178"},{"taxonomy":"post_tag","embeddable":true,"href":"https:\/\/unifranz.edu.bo\/pt\/wp-json\/wp\/v2\/tags?post=109178"}],"curies":[{"name":"wp","href":"https:\/\/api.w.org\/{rel}","templated":true}]}}