{"id":109099,"date":"2023-01-16T21:14:04","date_gmt":"2023-01-17T01:14:04","guid":{"rendered":"https:\/\/unifranz.edu.bo\/?p=109099"},"modified":"2023-01-16T21:14:04","modified_gmt":"2023-01-17T01:14:04","slug":"los-hijos-pueden-heredar-un-trauma-de-su-padre-devela-estudio","status":"publish","type":"post","link":"https:\/\/unifranz.edu.bo\/pt\/blog\/los-hijos-pueden-heredar-un-trauma-de-su-padre-devela-estudio\/","title":{"rendered":"Los hijos pueden heredar un trauma de su padre, devela estudio"},"content":{"rendered":"<div>\n<p><span style=\"color: #000000;\">El color de los ojos, la forma de la nariz, los lunares, los rasgos, son herencia f\u00edsica de nuestros padres, pero tambi\u00e9n heredamos un conglomerado de traumas, as\u00ed lo asegura un estudio sobre \u201cepigen\u00e9tica y patrones transgeneracionales\u201d.<\/span><\/p>\n<\/div>\n<div>\n<p><span style=\"color: #000000;\">El estudio ha sido realizado por la Carrera de Psicolog\u00eda de la Universidad Franz Tamayo, Unifranz. Muestra c\u00f3mo la memoria epigen\u00e9tica \u2013 mecanismos que influyen en la expresi\u00f3n de los genes sin modificar la secuencia de ADN\u2013 puede ser transmitida a distintas generaciones, activando\u00a0<strong>mecanismos que nos hacen repetir patrones de conducta\u00a0<\/strong>de manera inconsciente y con una carga emocional. En otras palabras, un hijo puede heredar un trauma de su padre.<\/span><\/p>\n<\/div>\n<div>\n<p><span style=\"color: #000000;\">La investigaci\u00f3n fue presentada en el marco del Primer Congreso Iberoamericano de Psicolog\u00eda, organizado por el Colegio de Psic\u00f3logos del Per\u00fa. El estudio se\u00f1ala que, a diferencia de la mayor\u00eda de las enfermedades hereditarias, la epigen\u00e9tica y patrones transgeneracionales, no se producen como consecuencia de mutaciones en el c\u00f3digo gen\u00e9tico.<\/span><\/p>\n<div>\n<p><span style=\"color: #000000;\">La informaci\u00f3n fue presentada en el encuentro que cont\u00f3 con la participaci\u00f3n de expositores de 12 pa\u00edses de Iberoam\u00e9rica de reconocidas universidades e instituciones acad\u00e9micas y cient\u00edficas como Carlos Zalaquett, psic\u00f3logo reconocido de Estados Unidos, Karla Fern\u00e1ndez de M\u00e9xico, \u00c1lvaro Qui\u00f1onez de Panam\u00e1, Patricia Ballesteros de Venezuela, entre otros.<\/span><\/p>\n<\/div>\n<div>\n<p><span style=\"color: #000000;\">James Robles, director de la carrera de Psicolog\u00eda asegura que la\u00a0<strong>epigen\u00e9tica<\/strong>\u00a0es la rama de la biolog\u00eda que ha surgido como\u00a0<strong>un puente entre las influencias gen\u00e9ticas y ambientales.<\/strong>\u00a0Analiza las interacciones causales entre los genes y sus productos que dan lugar al fenotipo que se producen sin un cambio en la secuencia del ADN, fundamental a la hora de estudiar fen\u00f3menos psicol\u00f3gicos que aquejan a los miembros de la sociedad.<\/span><\/p>\n<\/div>\n<div>\n<p><span style=\"color: #000000;\"><strong>Estudios que acercan a la realidad<\/strong><\/span><\/p>\n<div>\n<p><span style=\"color: #000000;\">Algunos estudios de siglos pasados ya se acercaban a esa realidad. Prisioneros de la guerra de 1864, sobrevivientes de la Guerra Civil de Estados Unidos, que volvieron con problemas de salud, peores perspectivas laborales y menor esperanza de vida, tras ser liberados, fueron objeto de estudio.<\/span><\/p>\n<\/div>\n<div>\n<p><span style=\"color: #000000;\">Vivieron en medio de hacinamiento, los separaban espacios cortos equivalente a una tumba \u2013en su situaci\u00f3n de prisioneros\u2013 en esas condiciones las cifra de muertos crecieron.<\/span><\/p>\n<p><span style=\"color: #000000;\">Estudios que se circunscriben a la \u00e9poca, ya aseguraban que el impacto de estos problemas no se limitaron \u00fanicamente a los prisioneros, sino que los efectos pasaron a hijos y nietos. No estuvieron en ning\u00fan campo de prisioneros de guerra, y pese a que no les falt\u00f3 de nada durante su infancia, sufrieron tasas de mortalidad m\u00e1s altas que el resto de la poblaci\u00f3n en general. Los estudios aseguran que sus condiciones repercutieron de su \u00e1rbol geneal\u00f3gico.<\/span><\/p>\n<\/div>\n<\/div>\n<\/div>","protected":false},"excerpt":{"rendered":"<p>El color de los ojos, la forma de la nariz, los lunares, los rasgos, son herencia f\u00edsica de nuestros padres, pero tambi\u00e9n heredamos un conglomerado de traumas, as\u00ed lo asegura un estudio sobre \u201cepigen\u00e9tica y patrones transgeneracionales\u201d. El estudio ha sido realizado por la Carrera de Psicolog\u00eda de la Universidad Franz Tamayo, Unifranz. Muestra c\u00f3mo &hellip; <a href=\"https:\/\/unifranz.edu.bo\/pt\/blog\/los-hijos-pueden-heredar-un-trauma-de-su-padre-devela-estudio\/\">Continued<\/a><\/p>","protected":false},"author":45,"featured_media":109100,"comment_status":"open","ping_status":"open","sticky":false,"template":"","format":"standard","meta":{"_acf_changed":false,"footnotes":""},"categories":[60,2186,1662,2194,1782],"tags":[1612,3158,3156,3082,3160,242],"class_list":["post-109099","post","type-post","status-publish","format-standard","has-post-thumbnail","hentry","category-blog","category-carreras-es","category-docentes","category-psicologia","category-unifranz","tag-estudio","tag-heredan","tag-los-hijos","tag-padres","tag-traumas","tag-unifranz"],"acf":[],"_links":{"self":[{"href":"https:\/\/unifranz.edu.bo\/pt\/wp-json\/wp\/v2\/posts\/109099","targetHints":{"allow":["GET"]}}],"collection":[{"href":"https:\/\/unifranz.edu.bo\/pt\/wp-json\/wp\/v2\/posts"}],"about":[{"href":"https:\/\/unifranz.edu.bo\/pt\/wp-json\/wp\/v2\/types\/post"}],"author":[{"embeddable":true,"href":"https:\/\/unifranz.edu.bo\/pt\/wp-json\/wp\/v2\/users\/45"}],"replies":[{"embeddable":true,"href":"https:\/\/unifranz.edu.bo\/pt\/wp-json\/wp\/v2\/comments?post=109099"}],"version-history":[{"count":1,"href":"https:\/\/unifranz.edu.bo\/pt\/wp-json\/wp\/v2\/posts\/109099\/revisions"}],"predecessor-version":[{"id":109101,"href":"https:\/\/unifranz.edu.bo\/pt\/wp-json\/wp\/v2\/posts\/109099\/revisions\/109101"}],"wp:featuredmedia":[{"embeddable":true,"href":"https:\/\/unifranz.edu.bo\/pt\/wp-json\/wp\/v2\/media\/109100"}],"wp:attachment":[{"href":"https:\/\/unifranz.edu.bo\/pt\/wp-json\/wp\/v2\/media?parent=109099"}],"wp:term":[{"taxonomy":"category","embeddable":true,"href":"https:\/\/unifranz.edu.bo\/pt\/wp-json\/wp\/v2\/categories?post=109099"},{"taxonomy":"post_tag","embeddable":true,"href":"https:\/\/unifranz.edu.bo\/pt\/wp-json\/wp\/v2\/tags?post=109099"}],"curies":[{"name":"wp","href":"https:\/\/api.w.org\/{rel}","templated":true}]}}