{"id":108856,"date":"2023-01-10T10:41:19","date_gmt":"2023-01-10T14:41:19","guid":{"rendered":"https:\/\/unifranz.edu.bo\/?p=108856"},"modified":"2023-01-10T10:43:02","modified_gmt":"2023-01-10T14:43:02","slug":"la-explosion-de-las-plataformas-impulsa-un-nuevo-rol-del-disenador-grafico-en-el-mercado-laboral","status":"publish","type":"post","link":"https:\/\/unifranz.edu.bo\/pt\/blog\/la-explosion-de-las-plataformas-impulsa-un-nuevo-rol-del-disenador-grafico-en-el-mercado-laboral\/","title":{"rendered":"La explosi\u00f3n de las plataformas impulsa un nuevo rol del dise\u00f1ador gr\u00e1fico en el mercado laboral"},"content":{"rendered":"<div>\n<p><span style=\"color: #000000;\">Por Lily Zurita<\/span><\/p>\n<p><span style=\"color: #000000;\">El tel\u00e9fono inteligente se ha convertido en una extensi\u00f3n del propio cuerpo humano. Se habla de la importancia de la conectividad, pero, m\u00e1s all\u00e1 de eso, los nuevos tel\u00e9fonos aportan una infinidad de herramientas comunicacionales jam\u00e1s pensadas. Desde las c\u00e1maras fotogr\u00e1ficas con la capacidad de grabar video, hasta programas intuitivos de edici\u00f3n de imagen y video, estos aparatos son aut\u00e9nticas terminales tecnol\u00f3gicas.\u00a0<\/span><\/p>\n<\/div>\n<div>\n<p><span style=\"color: #000000;\">Daniela Urquiola, directora de la carrera de Dise\u00f1o Gr\u00e1fico y Producci\u00f3n Crossmedia de la Universidad Franz Tamayo, Unifranz El Alto, es consciente del<strong>\u00a0boom de las TICs en la sociedad\u00a0<\/strong>. Este fen\u00f3meno social ha cambiado la forma de vida de las personas, tanto laboral como educativamente.<\/span><\/p>\n<\/div>\n<div>\n<p><span style=\"color: #000000;\">\u201cSin ir lejos, las redes sociales son ahora explotadas, el Tik Tok es utilizado por todos.\u00a0<strong>La comunicaci\u00f3n mediante la imagen en movimiento ha revolucionado la sociedad\u201d<\/strong>, asegura.\u00a0<\/span><\/p>\n<div>\n<p><span style=\"color: #000000;\">La acad\u00e9mica destaca a Dise\u00f1o Gr\u00e1fico y Producci\u00f3n Crossmedia como una carrera emergente. Estos profesionales<strong>\u00a0trabajan con la comunicaci\u00f3n visual.<\/strong>\u00a0Realizan artes con objetivos publicitarios, tecnol\u00f3gicos o de comunicaci\u00f3n, de manera general o estrategias de marketing para informar mediante mensajes espec\u00edficos a grupos sociales con objetivos determinados.<\/span><\/p>\n<\/div>\n<div>\n<p><span style=\"color: #000000;\">\u201cEl dise\u00f1ador es un profesional que\u00a0<strong>proyecta mensajes mediante el video, el sonido o la imagen<\/strong>, adem\u00e1s como productores crossmedia son capaces de adaptar cualquier tipo de contenido o mensaje en cualquier tipo de soporte tecnol\u00f3gico de comunicaci\u00f3n. Son estrategas en cuanto a comunicaci\u00f3n audiovisual\u201d, afirma.<\/span><\/p>\n<div>\n<p><span style=\"color: #000000;\">Si las empresas u organizaciones no tienen presencia en las plataformas virtuales o en las redes sociales, tendr\u00e1n una impacto reducido en su p\u00fablico objetivo. En el contexto actual, se podr\u00eda decir que no existen.\u00a0<\/span><\/p>\n<\/div>\n<div>\n<p><span style=\"color: #000000;\">Numerosas empresas apuestan a las\u00a0<strong>unidades de comunicaci\u00f3n con equipos integrales<\/strong>\u00a0conformados por comunicadores, dise\u00f1adores gr\u00e1ficos, productores audiovisuales, que trabajan colaborativamente en estrategias que inciden en la poblaci\u00f3n objetivo.<\/span><\/p>\n<\/div>\n<div>\n<p><span style=\"color: #000000;\">El mercado laboral es cada vez m\u00e1s competitivo, globalizado, exigente y en constante evoluci\u00f3n. Los nuevos profesionales en dise\u00f1o gr\u00e1fico y producci\u00f3n crossmedia est\u00e1n preparados para desarrollarse en un mercado competitivo, ya que adem\u00e1s de gestionar mensajes mediante los medios de comunicaci\u00f3n tradicionales,\u00a0<strong>dominan las \u00faltimas tendencias de comunicaci\u00f3n\u00a0<\/strong>por lo que participan en el dise\u00f1o e implementaci\u00f3n de campa\u00f1as de comunicaci\u00f3n, prevenci\u00f3n concientizaci\u00f3n y otros.<\/span><\/p>\n<p><span style=\"color: #000000;\">En el proceso de formaci\u00f3n es importante gestionar las pr\u00e1cticas, es decir \u201caprender haciendo\u201d, desde el primer d\u00eda. Esta es una de las carreras con mayor demanda en las universidades por la explosi\u00f3n de las redes sociales como plataformas para comunicar, vender o ganar reputaci\u00f3n, finaliz\u00f3 la catedr\u00e1tica.<\/span><\/p>\n<\/div>\n<\/div>\n<\/div>","protected":false},"excerpt":{"rendered":"<p>Por Lily Zurita El tel\u00e9fono inteligente se ha convertido en una extensi\u00f3n del propio cuerpo humano. Se habla de la importancia de la conectividad, pero, m\u00e1s all\u00e1 de eso, los nuevos tel\u00e9fonos aportan una infinidad de herramientas comunicacionales jam\u00e1s pensadas. Desde las c\u00e1maras fotogr\u00e1ficas con la capacidad de grabar video, hasta programas intuitivos de edici\u00f3n &hellip; <a href=\"https:\/\/unifranz.edu.bo\/pt\/blog\/la-explosion-de-las-plataformas-impulsa-un-nuevo-rol-del-disenador-grafico-en-el-mercado-laboral\/\">Continued<\/a><\/p>","protected":false},"author":45,"featured_media":108857,"comment_status":"open","ping_status":"open","sticky":false,"template":"","format":"standard","meta":{"_acf_changed":false,"footnotes":""},"categories":[60,2186,2516,1862,1004,1708,1636,1782],"tags":[3110,892,3106,3104,3108],"class_list":["post-108856","post","type-post","status-publish","format-standard","has-post-thumbnail","hentry","category-blog","category-carreras-es","category-diseno-grafico-y-produccion-crossmedia","category-educacion","category-estudiantes","category-innovacion","category-investigacion","category-unifranz","tag-del-disenador-grafico","tag-mercado-laboral","tag-nuevo","tag-plataformas","tag-rol"],"acf":[],"_links":{"self":[{"href":"https:\/\/unifranz.edu.bo\/pt\/wp-json\/wp\/v2\/posts\/108856","targetHints":{"allow":["GET"]}}],"collection":[{"href":"https:\/\/unifranz.edu.bo\/pt\/wp-json\/wp\/v2\/posts"}],"about":[{"href":"https:\/\/unifranz.edu.bo\/pt\/wp-json\/wp\/v2\/types\/post"}],"author":[{"embeddable":true,"href":"https:\/\/unifranz.edu.bo\/pt\/wp-json\/wp\/v2\/users\/45"}],"replies":[{"embeddable":true,"href":"https:\/\/unifranz.edu.bo\/pt\/wp-json\/wp\/v2\/comments?post=108856"}],"version-history":[{"count":1,"href":"https:\/\/unifranz.edu.bo\/pt\/wp-json\/wp\/v2\/posts\/108856\/revisions"}],"predecessor-version":[{"id":108858,"href":"https:\/\/unifranz.edu.bo\/pt\/wp-json\/wp\/v2\/posts\/108856\/revisions\/108858"}],"wp:featuredmedia":[{"embeddable":true,"href":"https:\/\/unifranz.edu.bo\/pt\/wp-json\/wp\/v2\/media\/108857"}],"wp:attachment":[{"href":"https:\/\/unifranz.edu.bo\/pt\/wp-json\/wp\/v2\/media?parent=108856"}],"wp:term":[{"taxonomy":"category","embeddable":true,"href":"https:\/\/unifranz.edu.bo\/pt\/wp-json\/wp\/v2\/categories?post=108856"},{"taxonomy":"post_tag","embeddable":true,"href":"https:\/\/unifranz.edu.bo\/pt\/wp-json\/wp\/v2\/tags?post=108856"}],"curies":[{"name":"wp","href":"https:\/\/api.w.org\/{rel}","templated":true}]}}