{"id":108840,"date":"2023-01-09T16:35:20","date_gmt":"2023-01-09T20:35:20","guid":{"rendered":"https:\/\/unifranz.edu.bo\/?p=108840"},"modified":"2023-01-09T16:35:20","modified_gmt":"2023-01-09T20:35:20","slug":"la-identidad-visual-la-ventana-de-las-marcas-al-mundo-digital","status":"publish","type":"post","link":"https:\/\/unifranz.edu.bo\/pt\/blog\/la-identidad-visual-la-ventana-de-las-marcas-al-mundo-digital\/","title":{"rendered":"La identidad visual, la ventana de las marcas al mundo digital"},"content":{"rendered":"<p><span style=\"color: #000000;\">Por Nayeli Ortega<\/span><\/p>\n<p><span style=\"color: #000000;\">El escenario virtual facilita el acceso de los usuarios a las marcas. Cada vez con m\u00e1s frecuencia, se escucha a las empresas hablar de \u00abentornos amigables\u00bb para hacer mas fluida la conexi\u00f3n con usuarios y clientes. Gran parte de esta cercan\u00eda con la marca surge de su identidad visual y el uso que se le ofrece en los espacios digitales.\u00a0<\/span><\/p>\n<p><span style=\"color: #000000;\">Ada Sandoval, dise\u00f1adora gr\u00e1fica y comunicadora visual, experta en el dise\u00f1o de marca, explica la necesidad de una imagen reconocible para una empresa.<\/span><\/p>\n<p><span style=\"color: #000000;\">Toda empresa busca llegar a la gente para vender un producto o un servicio, es necesario el<strong>\u00a0proceso de construcci\u00f3n de marca<\/strong>, que transmita claramente la misi\u00f3n y visi\u00f3n que propone. Buscar la profesionalidad y\u00a0<strong>originalidad es la base\u00a0<\/strong>para lograr diferenciarse de otras marcas y conectar con el p\u00fablico emocionalmente.<\/span><\/p>\n<p><span style=\"color: #000000;\">\u201cLa parte gr\u00e1fica es muy importante porque\u00a0<strong>es el rostro de este producto o servicio\u00a0<\/strong>que busca vender o tambi\u00e9n es lo que le va a dar esta identidad, va a ayudar al posicionamiento va a ayudar a\u00a0<strong>crear este sentido<\/strong>\u00a0tambi\u00e9n\u00a0<strong>de pertenencia<\/strong>, va a poder puede ser referente en el mercado\u201d, comenta Sandoval.<\/span><\/p>\n<p><span style=\"color: #000000;\"><strong>\u00bfC\u00f3mo posicionar mi imagen en el mundo digital?<\/strong><\/span>\u200b<\/p>\n<p><span style=\"color: #000000;\">\u201cEn el mundo del dise\u00f1o ha habido una fuerte necesidad de identificar, de posicionar mi producto o mi servicio en el mercado para de esta forma distinguirme del resto de la competencia\u201d, explica Sandoval.<\/span><\/p>\n<p><span style=\"color: #000000;\">Para triunfar en este mundo digital, las marcas tienen algunas caracter\u00edsticas comunes, como el logotipo, representaci\u00f3n gr\u00e1fica o simb\u00f3lica de la empresa, que debe tener\u00a0<strong>colores representativos para situarse en la mente de las personas.<\/strong><\/span><\/p>\n<p><span style=\"color: #000000;\"><strong>El estilo fotogr\u00e1fico<\/strong>\u00a0que se utiliza debe ser<strong>\u00a0similar al estilo de la imagen empresarial.<\/strong>\u00a0Para elegir una fotograf\u00eda se debe considerar si la misma ser\u00e1 formal o informal, juvenil o prudente, alegre, serio o positivo y si va acorde con la misi\u00f3n y visi\u00f3n de la marca.<\/span><\/p>\n<p><span style=\"color: #000000;\">Por \u00faltimo, las ilustraciones, patrones y texturas, como elementos gr\u00e1ficos complementarios para la identidad visual de la empresa.<\/span><\/p>\n<p><span style=\"color: #000000;\"><strong>Claves para tener \u00e9xito en el mundo digital<\/strong><\/span><\/p>\n<p><span style=\"color: #000000;\">Con seguridad hay m\u00e1s, pero Sandoval ofrece\u00a0<strong>claves para que la marca sea exitosa<\/strong>\u00a0en el mundo digital. El auto-conocimiento, entendida como la pasi\u00f3n con el producto que ofrece la empresa deben relacionarse.<\/span><\/p>\n<p><span style=\"color: #000000;\">Otra de las caracter\u00edsticas est\u00e1 en la<strong>\u00a0propuesta innovadora,<\/strong>\u00a0aplicar una introspecci\u00f3n para brindar mensajes aut\u00e9nticos y relevantes. Son tiempos de\u00a0<strong>contar historias con personajes<\/strong>\u00a0identificables, con buen contenido y tendencias.<\/span><\/p>\n<p><span style=\"color: #000000;\">Sandoval cree que es fundamental<strong>\u00a0ser constante con las redes sociales,<\/strong>\u00a0medios de comunicaci\u00f3n social y comerciales. Finalmente una buena estrategia y visi\u00f3n emprendedora con planificaci\u00f3n, objetos claros y una estrategia flexible que permita monetizar y demuestre el crecimiento empresarial, son las claves para lograr los objetivos.<\/span><\/p>","protected":false},"excerpt":{"rendered":"<p>Por Nayeli Ortega El escenario virtual facilita el acceso de los usuarios a las marcas. Cada vez con m\u00e1s frecuencia, se escucha a las empresas hablar de \u00abentornos amigables\u00bb para hacer mas fluida la conexi\u00f3n con usuarios y clientes. Gran parte de esta cercan\u00eda con la marca surge de su identidad visual y el uso &hellip; <a href=\"https:\/\/unifranz.edu.bo\/pt\/blog\/la-identidad-visual-la-ventana-de-las-marcas-al-mundo-digital\/\">Continued<\/a><\/p>","protected":false},"author":45,"featured_media":108841,"comment_status":"open","ping_status":"open","sticky":false,"template":"","format":"standard","meta":{"_acf_changed":false,"footnotes":""},"categories":[60],"tags":[3096,3090,1252,3094,242,3092],"class_list":["post-108840","post","type-post","status-publish","format-standard","has-post-thumbnail","hentry","category-blog","tag-carrera-de-diseno-grafico-y-produccion-crossmedia","tag-identidad-visual","tag-marcas","tag-mundo-digital","tag-unifranz","tag-ventana"],"acf":[],"_links":{"self":[{"href":"https:\/\/unifranz.edu.bo\/pt\/wp-json\/wp\/v2\/posts\/108840","targetHints":{"allow":["GET"]}}],"collection":[{"href":"https:\/\/unifranz.edu.bo\/pt\/wp-json\/wp\/v2\/posts"}],"about":[{"href":"https:\/\/unifranz.edu.bo\/pt\/wp-json\/wp\/v2\/types\/post"}],"author":[{"embeddable":true,"href":"https:\/\/unifranz.edu.bo\/pt\/wp-json\/wp\/v2\/users\/45"}],"replies":[{"embeddable":true,"href":"https:\/\/unifranz.edu.bo\/pt\/wp-json\/wp\/v2\/comments?post=108840"}],"version-history":[{"count":1,"href":"https:\/\/unifranz.edu.bo\/pt\/wp-json\/wp\/v2\/posts\/108840\/revisions"}],"predecessor-version":[{"id":108842,"href":"https:\/\/unifranz.edu.bo\/pt\/wp-json\/wp\/v2\/posts\/108840\/revisions\/108842"}],"wp:featuredmedia":[{"embeddable":true,"href":"https:\/\/unifranz.edu.bo\/pt\/wp-json\/wp\/v2\/media\/108841"}],"wp:attachment":[{"href":"https:\/\/unifranz.edu.bo\/pt\/wp-json\/wp\/v2\/media?parent=108840"}],"wp:term":[{"taxonomy":"category","embeddable":true,"href":"https:\/\/unifranz.edu.bo\/pt\/wp-json\/wp\/v2\/categories?post=108840"},{"taxonomy":"post_tag","embeddable":true,"href":"https:\/\/unifranz.edu.bo\/pt\/wp-json\/wp\/v2\/tags?post=108840"}],"curies":[{"name":"wp","href":"https:\/\/api.w.org\/{rel}","templated":true}]}}