{"id":106839,"date":"2022-12-20T12:49:18","date_gmt":"2022-12-20T16:49:18","guid":{"rendered":"https:\/\/unifranz.edu.bo\/?p=106839"},"modified":"2022-12-23T06:47:38","modified_gmt":"2022-12-23T10:47:38","slug":"empresas-requieren-profesionales-con-dominio-en-la-transformacion-digital-creativos-y-adaptables","status":"publish","type":"post","link":"https:\/\/unifranz.edu.bo\/pt\/blog\/empresas-requieren-profesionales-con-dominio-en-la-transformacion-digital-creativos-y-adaptables\/","title":{"rendered":"Empresas requieren profesionales con dominio en la transformaci\u00f3n digital, creativos y adaptables"},"content":{"rendered":"<p>Por <span style=\"color: #000000;\">Lyly Zurita<\/span>, periodista UNIFRANZ.<\/p>\n<p><span style=\"font-weight: 400; color: #000000;\">La competitividad e innovaci\u00f3n de las empresas en un escenario de cambios abruptos que el mundo experiment\u00f3 en los \u00faltimos a\u00f1os, exige profesionales con cualidades multidisciplinarias, con dominio en la transformaci\u00f3n digital, marketing y ventas, sistema de gesti\u00f3n de calidad, tolerantes al estr\u00e9s, creativos, adaptables y resilientes, asegura Gustavo Jauregui, Ingeniero Comercial y ex Gerente General de la C\u00e1mara Nacional de Comercio (CNC), con datos basados en el estudio de perfil profesional que requiere el sector empresarial en Bolivia realizado por el \u00e1rea de postgrado de la Universidad Franz Tamayo, UNIFRANZ.<\/span><\/p>\n<p><span style=\"font-weight: 400; color: #000000;\">La encuesta fue realizada a 6.500 l\u00edderes de empresas de diferentes rubros a nivel Bolivia en el primer trimestre de la gesti\u00f3n. El objetivo era encontrar y entender si existe una brecha, entre lo que es la oferta acad\u00e9mica con lo que actualmente tenemos en el mercado y develar la demanda laboral del sector empresarial boliviano en talento humano.<\/span><\/p>\n<p><span style=\"color: #000000;\"><span style=\"font-weight: 400;\">\u201c<\/span><span style=\"font-weight: 400;\">La educaci\u00f3n debe adaptarse a las nuevas realidades y exigencias laborales, con nuevas habilidades y aptitudes para generar una mayor productividad laboral\u201d, dice Jauregui.\u00a0<\/span><\/span><span style=\"font-weight: 400;\"><span style=\"color: #000000;\">El estudio devela la necesidad de una capacitaci\u00f3n permanente en los trabajadores en<\/span> <span style=\"color: #000000;\">tres sectores espec\u00edficos, en gerencia, cuya funci\u00f3n gira entorno a los objetivos estrat\u00e9gicos de la empresa a largo plazo; mandos medios, jefaturas y supervisi\u00f3n, y el sector operacional, quienes ejecutan las acciones que corresponden a los procesos del sistema para convertir los insumos en productos o servicios.<\/span><\/span><\/p>\n<p><span style=\"font-weight: 400; color: #000000;\">\u201cLos empleadores ven muy importante el tema de la capacitaci\u00f3n en mandos medios en un 40%, como en el nivel operativo en 42,5%, porque ah\u00ed es donde se maneja la parte operativa de muchos de los procesos que se llevan adelante en las empresas, sin embargo, un 17,5% de las empresas piensa que es m\u00e1s relevante capacitar al sector gerencial\u201d, manifest\u00f3.<\/span><\/p>\n<p><span style=\"color: #000000;\"><b>Las habilidades sobrepasan el conocimiento acad\u00e9mico<\/b><\/span><\/p>\n<p><span style=\"font-weight: 400; color: #000000;\">Seg\u00fan la red de universidades m\u00e1s grande del mundo Universia formada por 800 universidades de 20 pa\u00edses, las empresas buscan personas con destrezas sociales, habilidades en el manejo de idiomas y otras capacidades que exija el puesto.<\/span><\/p>\n<p><span style=\"font-weight: 400; color: #000000;\">Estas exigencias se basan en la capacidad anal\u00edtica de la toma de decisi\u00f3n, la identificaci\u00f3n de logros y problemas en la empresa, la creatividad ligada al uso de herramientas digitales, el dominio del idioma ingl\u00e9s y la administraci\u00f3n y gesti\u00f3n de proyectos, trabajo en equipo, liderazgo y plantear metas reales y medibles.<\/span><\/p>\n<p><span style=\"font-weight: 400; color: #000000;\">J\u00e1uregui, describe el importante rol que juegan las universidades en generar profesionales que tengan una alta capacidad anal\u00edtica, un pensamiento innovador y la capacidad de resolver problemas complejos.<\/span><\/p>\n<p><span style=\"font-weight: 400; color: #000000;\">\u201cSe busca mucha creatividad, eso tiene que ver mucho tambi\u00e9n con el tema de la \u00e9poca que estamos viviendo, un nivel de resiliencia aceptable, esa creatividad para poder afrontar esos retos y desaf\u00edos que plantean tiempos turbulentos como el de hoy, pensamiento anal\u00edtico e innovaci\u00f3n, algo que tendr\u00e1 que tomarlo muy en cuenta la academia\u201d, concluy\u00f3.<\/span><\/p>\n<p><img loading=\"lazy\" decoding=\"async\" class=\"wp-image-106840 aligncenter\" src=\"https:\/\/unifranz.edu.bo\/wp-content\/uploads\/2022\/12\/estudio-300x209.jpeg\" alt=\"\" width=\"685\" height=\"477\" srcset=\"https:\/\/unifranz.edu.bo\/wp-content\/uploads\/2022\/12\/estudio-300x209.jpeg 300w, https:\/\/unifranz.edu.bo\/wp-content\/uploads\/2022\/12\/estudio-1024x714.jpeg 1024w, https:\/\/unifranz.edu.bo\/wp-content\/uploads\/2022\/12\/estudio-768x535.jpeg 768w, https:\/\/unifranz.edu.bo\/wp-content\/uploads\/2022\/12\/estudio-18x12.jpeg 18w, https:\/\/unifranz.edu.bo\/wp-content\/uploads\/2022\/12\/estudio.jpeg 1280w\" sizes=\"auto, (max-width: 685px) 100vw, 685px\" \/><\/p>\n<p><span style=\"color: #000000;\"><b>NUEVAS COMPETENCIAS REQUERIDAS<\/b><\/span><\/p>\n<p><span style=\"font-weight: 400; color: #000000;\">De acuerdo con el estudio, entre las competencias m\u00e1s requeridas en la actualidad, est\u00e1n los conocimientos en el \u00e1rea digital, marketing y ventas, adem\u00e1s de los sistemas de gesti\u00f3n de calidad. De hecho, se revela que existe una reducida oferta de profesionales con conocimientos y habilidades en el nuevo contexto digital.<\/span><\/p>\n<p><span style=\"font-weight: 400; color: #000000;\">Otras de las competencias identificadas como importantes, por las empresas encuestadas, son: Creatividad, pensamiento anal\u00edtico y resoluci\u00f3n de problemas complejos, para sus ejecutivos y resiliencia, como tolerancia al estr\u00e9s y flexibilidad, pensamiento anal\u00edtico e innovaci\u00f3n para sus mandos medios.<\/span><\/p>\n<p><span style=\"font-weight: 400; color: #000000;\">Ante la carencia de estas habilidades, los profesionales requieren de programas de actualizaci\u00f3n al ingresar a sus fuentes laborales para transmitir las habilidades necesarias, siendo la capacitaci\u00f3n y formaci\u00f3n un proceso imprescindible y constante.<\/span><\/p>\n<p><span style=\"font-weight: 400;\"><span style=\"color: #000000;\">Entre las respuestas obtenidas por los empresarios, surge tambi\u00e9n la inquietud de que el ente regulador de la educaci\u00f3n en el pa\u00eds, el<\/span> <span style=\"color: #000000;\">Ministerio de Educaci\u00f3n, debe trabajar en una flexibilizaci\u00f3n de la normativa que permita r\u00e1pidos ajustes y adecuaciones de las curr\u00edculas en las universidades.<\/span><\/span><\/p>\n<p><span style=\"font-weight: 400; color: #000000;\">Gustavo Jauregui, especialista en direcci\u00f3n de empresas y derecho administrativo, fue uno de los ponentes en el III Foro Internacional de Educaci\u00f3n Superior: \u201cEl futuro de una educaci\u00f3n transformadora hacia el 2030\u201d, organizado por UNIFRANZ.<\/span><\/p>\n<p>&nbsp;<\/p>","protected":false},"excerpt":{"rendered":"<p>Por Lyly Zurita, periodista UNIFRANZ. La competitividad e innovaci\u00f3n de las empresas en un escenario de cambios abruptos que el mundo experiment\u00f3 en los \u00faltimos a\u00f1os, exige profesionales con cualidades multidisciplinarias, con dominio en la transformaci\u00f3n digital, marketing y ventas, sistema de gesti\u00f3n de calidad, tolerantes al estr\u00e9s, creativos, adaptables y resilientes, asegura Gustavo Jauregui, &hellip; <a href=\"https:\/\/unifranz.edu.bo\/pt\/blog\/empresas-requieren-profesionales-con-dominio-en-la-transformacion-digital-creativos-y-adaptables\/\">Continued<\/a><\/p>","protected":false},"author":45,"featured_media":106841,"comment_status":"open","ping_status":"open","sticky":false,"template":"","format":"standard","meta":{"_acf_changed":false,"footnotes":""},"categories":[60,2584,1862,1956,1958,1924,2870,1782],"tags":[2930,146,56,118,1676,242],"class_list":["post-106839","post","type-post","status-publish","format-standard","has-post-thumbnail","hentry","category-blog","category-discapacidad-visual","category-educacion","category-emprendimiento","category-empresa","category-postgrado","category-profesionales","category-unifranz","tag-cnc","tag-empresas","tag-postgrado","tag-profesionales","tag-transformacion-digital","tag-unifranz"],"acf":[],"_links":{"self":[{"href":"https:\/\/unifranz.edu.bo\/pt\/wp-json\/wp\/v2\/posts\/106839","targetHints":{"allow":["GET"]}}],"collection":[{"href":"https:\/\/unifranz.edu.bo\/pt\/wp-json\/wp\/v2\/posts"}],"about":[{"href":"https:\/\/unifranz.edu.bo\/pt\/wp-json\/wp\/v2\/types\/post"}],"author":[{"embeddable":true,"href":"https:\/\/unifranz.edu.bo\/pt\/wp-json\/wp\/v2\/users\/45"}],"replies":[{"embeddable":true,"href":"https:\/\/unifranz.edu.bo\/pt\/wp-json\/wp\/v2\/comments?post=106839"}],"version-history":[{"count":2,"href":"https:\/\/unifranz.edu.bo\/pt\/wp-json\/wp\/v2\/posts\/106839\/revisions"}],"predecessor-version":[{"id":106988,"href":"https:\/\/unifranz.edu.bo\/pt\/wp-json\/wp\/v2\/posts\/106839\/revisions\/106988"}],"wp:featuredmedia":[{"embeddable":true,"href":"https:\/\/unifranz.edu.bo\/pt\/wp-json\/wp\/v2\/media\/106841"}],"wp:attachment":[{"href":"https:\/\/unifranz.edu.bo\/pt\/wp-json\/wp\/v2\/media?parent=106839"}],"wp:term":[{"taxonomy":"category","embeddable":true,"href":"https:\/\/unifranz.edu.bo\/pt\/wp-json\/wp\/v2\/categories?post=106839"},{"taxonomy":"post_tag","embeddable":true,"href":"https:\/\/unifranz.edu.bo\/pt\/wp-json\/wp\/v2\/tags?post=106839"}],"curies":[{"name":"wp","href":"https:\/\/api.w.org\/{rel}","templated":true}]}}