{"id":106829,"date":"2022-12-20T11:57:39","date_gmt":"2022-12-20T15:57:39","guid":{"rendered":"https:\/\/unifranz.edu.bo\/?p=106829"},"modified":"2022-12-20T12:05:36","modified_gmt":"2022-12-20T16:05:36","slug":"congreso-deportivo-promueve-el-conocimiento-cientifico-tanto-a-deportistas-como-a-los-entrenadores","status":"publish","type":"post","link":"https:\/\/unifranz.edu.bo\/pt\/blog\/congreso-deportivo-promueve-el-conocimiento-cientifico-tanto-a-deportistas-como-a-los-entrenadores\/","title":{"rendered":"CONGRESO DEPORTIVO PROMUEVE EL CONOCIMIENTO CIENT\u00cdFICO TANTO A DEPORTISTAS COMO A LOS ENTRENADORES"},"content":{"rendered":"<p><span style=\"color: #000000;\">Con el objetivo de aportar conocimientos en diferentes \u00e1reas, el Gobierno Aut\u00f3nomo Departamental Santa Cruz, a trav\u00e9s del Servicio Departamental de Deportes, lleva adelante el Congreso Deportivo, que tiene como sede el sal\u00f3n auditorio de la Universidad Franz Tamayo (UNIFRANZ), entidad educativa que se prepara para cumplir 30 a\u00f1os de servicio al pa\u00eds.<\/span><\/p>\n<p><span style=\"color: #000000;\">El congreso que se prolongar\u00e1 hasta el mi\u00e9rcoles 21, analiza diferentes temas como: periodismo, derecho, medicina, nutrici\u00f3n en el campo deportivo.<\/span><\/p>\n<p><span style=\"color: #000000;\">En palabras de apertura, el Vicerrector de la UNIFRANZ, Dr. Carlos Dabdoub Arrien, dio la bienvenida a los participantes.<\/span><\/p>\n<p><span style=\"color: #000000;\">\u201cNuestra universidad tiene por lema, como valores filos\u00f3ficos, abrir espacios a la comunidad para que se puedan generar iniciativas, ideas, debates con el prop\u00f3sito de construir un pensamiento cr\u00edtico. Todo encuentro acad\u00e9mico que desarrolle un pensamiento en un \u00e1rea determinada influye directa e indirectamente en el quehacer nacional\u201d, puntualiz\u00f3.<\/span><\/p>\n<p><span style=\"color: #000000;\">A su vez, el director departamental de deportes de la Gobernaci\u00f3n, Carlos Dabdoub Roda, a nombre de la Gobernaci\u00f3n menciono que \u201cel congreso tiene por objetivo acercar el conocimiento cient\u00edfico tanto a los deportistas como a los entrenadores, as\u00ed como proporcionar una importante herramienta que ayude en la formaci\u00f3n y en el reciclaje de los profesionales del \u00e1mbito deportivo\u201d<\/span><\/p>\n<p><span style=\"color: #000000;\">Las dos jornadas se desarrollan en las instalaciones de la UNIFRANZ, de 08:00am a19:00.<\/span><\/p>\n<p><span style=\"color: #000000;\">Participan deportistas de diferentes disciplinas, maestros especialistas en educaci\u00f3n f\u00edsica, entrenadores y t\u00e9cnicos deportivos, alumnos de las facultades de cc de la actividad f\u00edsica y el deporte, gestores deportivos, abogados deportivos, periodistas deportivos, responsables de federaciones, interesados en la actividad f\u00edsica y el deporte, licenciados en cc de la actividad f\u00edsica y el deporte, estudiantes.<\/span><\/p>\n<figure id=\"attachment_106837\" aria-describedby=\"caption-attachment-106837\" style=\"width: 671px\" class=\"wp-caption aligncenter\"><img loading=\"lazy\" decoding=\"async\" class=\"wp-image-106837\" src=\"https:\/\/unifranz.edu.bo\/wp-content\/uploads\/2022\/12\/WhatsApp-Image-2022-12-20-at-8.00.19-AM-300x135.jpeg\" alt=\"\" width=\"671\" height=\"302\" srcset=\"https:\/\/unifranz.edu.bo\/wp-content\/uploads\/2022\/12\/WhatsApp-Image-2022-12-20-at-8.00.19-AM-300x135.jpeg 300w, https:\/\/unifranz.edu.bo\/wp-content\/uploads\/2022\/12\/WhatsApp-Image-2022-12-20-at-8.00.19-AM-1024x461.jpeg 1024w, https:\/\/unifranz.edu.bo\/wp-content\/uploads\/2022\/12\/WhatsApp-Image-2022-12-20-at-8.00.19-AM-768x346.jpeg 768w, https:\/\/unifranz.edu.bo\/wp-content\/uploads\/2022\/12\/WhatsApp-Image-2022-12-20-at-8.00.19-AM-1536x691.jpeg 1536w, https:\/\/unifranz.edu.bo\/wp-content\/uploads\/2022\/12\/WhatsApp-Image-2022-12-20-at-8.00.19-AM-18x8.jpeg 18w, https:\/\/unifranz.edu.bo\/wp-content\/uploads\/2022\/12\/WhatsApp-Image-2022-12-20-at-8.00.19-AM.jpeg 1600w\" sizes=\"auto, (max-width: 671px) 100vw, 671px\" \/><figcaption id=\"caption-attachment-106837\" class=\"wp-caption-text\">Participantes del congreso deportivo.<\/figcaption><\/figure>\n<p>&nbsp;<\/p>\n<p>&nbsp;<\/p>\n<p>&nbsp;<\/p>","protected":false},"excerpt":{"rendered":"<p>Con el objetivo de aportar conocimientos en diferentes \u00e1reas, el Gobierno Aut\u00f3nomo Departamental Santa Cruz, a trav\u00e9s del Servicio Departamental de Deportes, lleva adelante el Congreso Deportivo, que tiene como sede el sal\u00f3n auditorio de la Universidad Franz Tamayo (UNIFRANZ), entidad educativa que se prepara para cumplir 30 a\u00f1os de servicio al pa\u00eds. El congreso &hellip; <a href=\"https:\/\/unifranz.edu.bo\/pt\/blog\/congreso-deportivo-promueve-el-conocimiento-cientifico-tanto-a-deportistas-como-a-los-entrenadores\/\">Continued<\/a><\/p>","protected":false},"author":45,"featured_media":106835,"comment_status":"open","ping_status":"open","sticky":false,"template":"","format":"standard","meta":{"_acf_changed":false,"footnotes":""},"categories":[60,2038,2918,220],"tags":[2920,2922,2924,2926,2928,242],"class_list":["post-106829","post","type-post","status-publish","format-standard","has-post-thumbnail","hentry","category-blog","category-congreso","category-conocimiento-cientifico","category-deportes","tag-congreso-deportivo","tag-conocimiento-cientifico","tag-deportistas","tag-entrenadores","tag-gobernacion-de-santa-cruz","tag-unifranz"],"acf":[],"_links":{"self":[{"href":"https:\/\/unifranz.edu.bo\/pt\/wp-json\/wp\/v2\/posts\/106829","targetHints":{"allow":["GET"]}}],"collection":[{"href":"https:\/\/unifranz.edu.bo\/pt\/wp-json\/wp\/v2\/posts"}],"about":[{"href":"https:\/\/unifranz.edu.bo\/pt\/wp-json\/wp\/v2\/types\/post"}],"author":[{"embeddable":true,"href":"https:\/\/unifranz.edu.bo\/pt\/wp-json\/wp\/v2\/users\/45"}],"replies":[{"embeddable":true,"href":"https:\/\/unifranz.edu.bo\/pt\/wp-json\/wp\/v2\/comments?post=106829"}],"version-history":[{"count":5,"href":"https:\/\/unifranz.edu.bo\/pt\/wp-json\/wp\/v2\/posts\/106829\/revisions"}],"predecessor-version":[{"id":106838,"href":"https:\/\/unifranz.edu.bo\/pt\/wp-json\/wp\/v2\/posts\/106829\/revisions\/106838"}],"wp:featuredmedia":[{"embeddable":true,"href":"https:\/\/unifranz.edu.bo\/pt\/wp-json\/wp\/v2\/media\/106835"}],"wp:attachment":[{"href":"https:\/\/unifranz.edu.bo\/pt\/wp-json\/wp\/v2\/media?parent=106829"}],"wp:term":[{"taxonomy":"category","embeddable":true,"href":"https:\/\/unifranz.edu.bo\/pt\/wp-json\/wp\/v2\/categories?post=106829"},{"taxonomy":"post_tag","embeddable":true,"href":"https:\/\/unifranz.edu.bo\/pt\/wp-json\/wp\/v2\/tags?post=106829"}],"curies":[{"name":"wp","href":"https:\/\/api.w.org\/{rel}","templated":true}]}}