{"id":106636,"date":"2022-12-16T08:31:24","date_gmt":"2022-12-16T12:31:24","guid":{"rendered":"https:\/\/unifranz.edu.bo\/?p=106636"},"modified":"2022-12-16T08:31:24","modified_gmt":"2022-12-16T12:31:24","slug":"la-era-de-lo-visual-pone-en-primer-plano-al-disenador-grafico","status":"publish","type":"post","link":"https:\/\/unifranz.edu.bo\/pt\/blog\/la-era-de-lo-visual-pone-en-primer-plano-al-disenador-grafico\/","title":{"rendered":"La era de lo visual pone en primer plano al Dise\u00f1ador Gr\u00e1fico"},"content":{"rendered":"<p><span style=\"font-weight: 400; color: #000000;\">En un mercado laboral tan competitivo e inmerso en lo digital como el actual, las empresas y organizaciones deben fortalecer mucho m\u00e1s su presencia de marca en el \u00e1mbito gr\u00e1fico y audiovisual, para lo cual, hoy en d\u00eda, requieren de profesionales creativos y con competencias relacionadas a las nuevas formas de comunicaci\u00f3n en la generaci\u00f3n multimedia.<\/span><\/p>\n<p><span style=\"font-weight: 400; color: #000000;\">En este escenario emergen carreras que se reinventan d\u00eda a d\u00eda, aquellas que se adaptan a las nuevas formas en la que se desarrolla la sociedad, es el caso del dise\u00f1ador gr\u00e1fico, que hoy es un experto en nuevas tecnolog\u00edas de la informaci\u00f3n, en manejo de herramientas, t\u00e9cnicas que le permiten dise\u00f1ar, crear y desarrollar productos digitales de \u00faltima generaci\u00f3n, orientadas a las nuevas formas de comunicaci\u00f3n, la web, la televisi\u00f3n digital y en general todos los soportes t\u00e9cnicos digitales a los que se puedan tener acceso, asegura Daniela Urquiola, Directora de Carrera de Dise\u00f1o Gr\u00e1fico y Producci\u00f3n Crossmedia de Unifranz El Alto.<\/span><\/p>\n<p><span style=\"color: #000000;\"><span style=\"font-weight: 400;\">El siglo XXI se caracteriza por el reino de la imagen que hoy cobra una mayor importancia, en situaciones en las que no hay tiempo para detenerse a leer, siempre que nos coloquen elementos gr\u00e1ficos\u00a0<\/span><span style=\"font-weight: 400;\">que sirvan para comprender m\u00e1s r\u00e1pido la informaci\u00f3n y de manera entretenida.\u00a0\u00a0En ese contexto es necesario darle movimiento a las im\u00e1genes,<\/span><span style=\"font-weight: 400;\">\u00a0conocer los sistemas de impresiones, edici\u00f3n y producci\u00f3n Crossmedia.<\/span><\/span><\/p>\n<p><span style=\"font-weight: 400; color: #000000;\">El\u00a0dise\u00f1o gr\u00e1fico\u00a0 ha logrado inundar pr\u00e1cticamente todos los \u00e1mbitos de nuestra vida y las gamas de posibilidades para un dise\u00f1ador son verdaderamente infinitas, innumerables, tan amplias como la imaginaci\u00f3n y creatividad del ser humano, dice Lita Dom\u00ednguez, Dise\u00f1adora y Directora de Carrera de Unifranz Santa Cruz.<\/span><\/p>\n<p><span style=\"font-weight: 400; color: #000000;\">El dise\u00f1ador hoy es multifac\u00e9tico, con capacidades para adaptarse, no solo a los medios tradicionales, sino tambi\u00e9n a nuevas plataformas de comunicaci\u00f3n que generan tendencias \u00a0en redes sociales. Para la dise\u00f1adora y Directora de Carrera en Unifranz La Paz, \u00a0Iyorbanka Cuiza, el dise\u00f1ador de hoy es un comunicador visual,\u00a0 audiovisual o dise\u00f1ador de experiencia de usuario (UX) que combina sus tareas con la tecnolog\u00eda a fin de comunicar ideas a trav\u00e9s de im\u00e1genes.<\/span><\/p>\n<p><span style=\"color: #000000;\"><span style=\"font-weight: 400;\">\u00a0<\/span><span style=\"font-weight: 400;\">\u00abLa transmisi\u00f3n de ideas o mensajes a trav\u00e9s de im\u00e1genes, se ha convertido en una de las profesiones m\u00e1s demandadas de la actualidad, una profesi\u00f3n con\u00a0presente y futuro\u00bb, apunta Dominguez.<\/span><\/span><\/p>\n<p><span style=\"color: #000000;\"><span style=\"font-weight: 400;\">\u00a0<\/span><span style=\"font-weight: 400;\">El dise\u00f1ador est\u00e1 estrechamente relacionado a los proyectos empresariales, convirti\u00e9ndose en generador de vitrinas digitales desde donde se gestionan grandes negocios. \u00a0Dominguez asegura que\u00a0<\/span><span style=\"font-weight: 400;\">el dise\u00f1ador gr\u00e1fico se ha convertido de hecho en el alma de muchas empresas e incluso en la pieza angular que consigue que muchos profesionales o negocios consigan el \u00e9xito.<\/span><\/span><\/p>\n<p><span style=\"font-weight: 400; color: #000000;\">La formaci\u00f3n del Dise\u00f1ador Gr\u00e1fico se basa en la especializaci\u00f3n\u00a0 en la\u00a0publicidad y marketing, creatividad y dise\u00f1o gr\u00e1fico, multimedia y producci\u00f3n digital, dise\u00f1o web y social media, \u00e1reas complementarias. Cuiza asegura que el perfil de dise\u00f1ador est\u00e1 en constante creaci\u00f3n a la par de las tendencias de la tecnolog\u00eda de informaci\u00f3n y comunicaci\u00f3n.<\/span><\/p>\n<p><span style=\"color: #000000;\"><b>Estudiantes de dise\u00f1o ganan concurso<\/b><\/span><\/p>\n<p><span style=\"font-weight: 400; color: #000000;\">Estudiantes de la carrera de Dise\u00f1o Gr\u00e1fico y Producci\u00f3n Crossmedia \u00a0de UNIFRANZ participaron en el Concurso Nacional de Dise\u00f1o \u201cTransparentarte\u201d, organizado por el Ministerio de Justicia y Transparencia Institucional, la Oficina de Naciones Unidas contra la Droga y el Delito y la Embajada de Suecia en Bolivia. Jes\u00fas Condori Quispe logr\u00f3 posicionarse en el primer lugar del podio, con dos trabajos presentados.<\/span><\/p>\n<p><span style=\"font-weight: 400; color: #000000;\">El afiche ganador titul\u00f3 \u201cEstamos cansados de escuchar lo mismo\u201d y plasma, a trav\u00e9s de una creativa analog\u00eda con la m\u00fasica, el cansancio de escuchar a diario sobre nuevos hechos de corrupci\u00f3n en diferentes niveles del estado.<\/span><\/p>\n<p><span style=\"font-weight: 400; color: #000000;\">Con la misma calificaci\u00f3n, compartiendo el primer lugar, qued\u00f3 el afiche titulado \u201cNecesitamos un cambio para ganar\u201d. En \u00e9ste, Jes\u00fas utiliz\u00f3 otra analog\u00eda, esta vez a trav\u00e9s del f\u00fatbol. En \u00e9l se muestra a un \u00e1rbitro exponiendo un tablero de cambio de jugadores que pone a la corrupci\u00f3n como \u201cjugador saliente\u201d y a la transparencia como el \u201cjugador entrante\u201d en busca de mejorar la estrategia de juego.<\/span><\/p>\n<p><span style=\"font-weight: 400; color: #000000;\">El profesional en Dise\u00f1o Gr\u00e1fico y Producci\u00f3n Crossmedia de Unifranz, tiene un amplio abanico de posibilidades para desempe\u00f1ar cargos relacionados a entidades gubernamentales y privadas, implementando diversas campa\u00f1as de comunicaci\u00f3n, educaci\u00f3n, concientizaci\u00f3n, prevenci\u00f3n, etc. mediante los diversos medios y canales.\u00a0<\/span><\/p>\n<p>&nbsp;<\/p>","protected":false},"excerpt":{"rendered":"<p>En un mercado laboral tan competitivo e inmerso en lo digital como el actual, las empresas y organizaciones deben fortalecer mucho m\u00e1s su presencia de marca en el \u00e1mbito gr\u00e1fico y audiovisual, para lo cual, hoy en d\u00eda, requieren de profesionales creativos y con competencias relacionadas a las nuevas formas de comunicaci\u00f3n en la generaci\u00f3n &hellip; <a href=\"https:\/\/unifranz.edu.bo\/pt\/blog\/la-era-de-lo-visual-pone-en-primer-plano-al-disenador-grafico\/\">Continued<\/a><\/p>","protected":false},"author":45,"featured_media":106637,"comment_status":"open","ping_status":"open","sticky":false,"template":"","format":"standard","meta":{"_acf_changed":false,"footnotes":""},"categories":[2838,60,2314,2516,2542,1862],"tags":[2900,2898,242,2896],"class_list":["post-106636","post","type-post","status-publish","format-standard","has-post-thumbnail","hentry","category-bachilleres","category-blog","category-diseno-grafico","category-diseno-grafico-y-produccion-crossmedia","category-diseno-sostenible","category-educacion","tag-carrera-de-diseno-y-produccion-crossmedia","tag-disenador-grafico","tag-unifranz","tag-visual"],"acf":[],"_links":{"self":[{"href":"https:\/\/unifranz.edu.bo\/pt\/wp-json\/wp\/v2\/posts\/106636","targetHints":{"allow":["GET"]}}],"collection":[{"href":"https:\/\/unifranz.edu.bo\/pt\/wp-json\/wp\/v2\/posts"}],"about":[{"href":"https:\/\/unifranz.edu.bo\/pt\/wp-json\/wp\/v2\/types\/post"}],"author":[{"embeddable":true,"href":"https:\/\/unifranz.edu.bo\/pt\/wp-json\/wp\/v2\/users\/45"}],"replies":[{"embeddable":true,"href":"https:\/\/unifranz.edu.bo\/pt\/wp-json\/wp\/v2\/comments?post=106636"}],"version-history":[{"count":1,"href":"https:\/\/unifranz.edu.bo\/pt\/wp-json\/wp\/v2\/posts\/106636\/revisions"}],"predecessor-version":[{"id":106638,"href":"https:\/\/unifranz.edu.bo\/pt\/wp-json\/wp\/v2\/posts\/106636\/revisions\/106638"}],"wp:featuredmedia":[{"embeddable":true,"href":"https:\/\/unifranz.edu.bo\/pt\/wp-json\/wp\/v2\/media\/106637"}],"wp:attachment":[{"href":"https:\/\/unifranz.edu.bo\/pt\/wp-json\/wp\/v2\/media?parent=106636"}],"wp:term":[{"taxonomy":"category","embeddable":true,"href":"https:\/\/unifranz.edu.bo\/pt\/wp-json\/wp\/v2\/categories?post=106636"},{"taxonomy":"post_tag","embeddable":true,"href":"https:\/\/unifranz.edu.bo\/pt\/wp-json\/wp\/v2\/tags?post=106636"}],"curies":[{"name":"wp","href":"https:\/\/api.w.org\/{rel}","templated":true}]}}