{"id":106588,"date":"2022-12-15T09:10:18","date_gmt":"2022-12-15T13:10:18","guid":{"rendered":"https:\/\/unifranz.edu.bo\/?p=106588"},"modified":"2022-12-15T09:12:54","modified_gmt":"2022-12-15T13:12:54","slug":"lanzan-en-santa-cruz-la-bienal-del-cartel-bolivia-bicebe-para-premiar-la-creatividad-en-diseno","status":"publish","type":"post","link":"https:\/\/unifranz.edu.bo\/pt\/blog\/lanzan-en-santa-cruz-la-bienal-del-cartel-bolivia-bicebe-para-premiar-la-creatividad-en-diseno\/","title":{"rendered":"LANZAN EN SANTA CRUZ LA BIENAL DEL CARTEL BOLIVIA BICEB\u00c9 PARA PREMIAR LA CREATIVIDAD EN DISE\u00d1O"},"content":{"rendered":"<p><span style=\"color: #000000;\">Por Marco Ibieta, Unifranz Santa Cruz.<\/span><\/p>\n<p><span style=\"color: #000000;\">La Bienal del Cartel Bolivia (BICeB\u00e9) lanz\u00f3 este mi\u00e9rcoles la convocatoria para el concurso internacional del cartel 2023, en la que podr\u00e1n participar artistas del dise\u00f1o de todo el mundo.<\/span><\/p>\n<p><span style=\"color: #000000;\">La convocatoria cuenta con seis categor\u00edas habilitadas. La sede principal del evento es Santa Cruz de la Sierra, con la r\u00e9plica de algunos eventos en La Paz<\/span><\/p>\n<p><span style=\"color: #000000;\">El lanzamiento de la convocatoria al concurso se realiz\u00f3 en la Fundaci\u00f3n Sim\u00f3n I. Pati\u00f1o. Tambi\u00e9n se detallaron las tem\u00e1ticas in\u00e9ditas que abarca el concurso y la n\u00f3mina de miembros del jurado. A partir de la fecha todos los interesados podr\u00e1n inscribir su participaci\u00f3n en la exhibici\u00f3n principal que se realizar\u00e1 en noviembre de 2023, en las ciudades de La Paz y Santa Cruz de la Sierra.<\/span><\/p>\n<p><span style=\"color: #000000;\">La Bienal del Cartel es uno de los eventos de comunicaci\u00f3n visual m\u00e1s importantes de la regi\u00f3n. Durante 13 a\u00f1os uni\u00f3 al pa\u00eds y ha supuesto una ventana para el talento boliviano y latinoamericano hacia el mundo.<\/span><\/p>\n<p><span style=\"color: #000000;\">La directora del BICeB\u00e9, Susana Machicao, destac\u00f3 la dimensi\u00f3n adquirida por el evento como un escenario de networking creativo. Profesionales, estudiantes y escuelas bolivianas y latinoamericanas del dise\u00f1o han generado alianzas y frutos que van m\u00e1s all\u00e1 del propio evento.<\/span><\/p>\n<p><span style=\"color: #000000;\">A partir de este espacio colaborativo se tejen redes de conocimiento compartido. Las nuevas generaciones encuentran un escenario de formaci\u00f3n continua donde tambi\u00e9n hay cabida para la historia y la innovaci\u00f3n.<\/span><\/p>\n<p><span style=\"color: #000000;\">\u201cLa Bienal del Cartel integra a todos a trav\u00e9s de una pr\u00e1ctica responsable del dise\u00f1o, se abre a las ciudades y a los ciudadanos a trav\u00e9s de la invasi\u00f3n de gr\u00e1fica en sus exhibiciones, proyectamos interacciones con una visi\u00f3n de futuro, gracias a la formaci\u00f3n e intercambio (\u2026), a la apertura de los espacios inclusivos y a entender y priorizar lo que las sociedades necesitan\u201d, indic\u00f3 Machicao.<\/span><\/p>\n<p><span style=\"color: #000000;\"><strong>Un espacio acad\u00e9mico de alto impacto<\/strong><\/span><\/p>\n<p><span style=\"color: #000000;\">La versi\u00f3n 2023 de la Bienal cuenta con el importante apoyo de la Universidad Franz Tamayo (Unifranz). Su rectora, Ver\u00f3nica de \u00c1grega Arq. DESA, remarc\u00f3 el espacio acad\u00e9mico de alto impacto vinculado al encuentro. Los eventos que integran el programa oficial nutren a la comunidad estudiantil.<\/span><\/p>\n<p><span style=\"color: #000000;\">\u201cPara nosotros, como UNIFRANZ, es una enorme satisfacci\u00f3n poder colaborar, participar y coadyuvar en el desarrollo de este evento cultural. Las artes siempre han ido a la vanguardia y nos demostraron como se pueden tocar temas \u00e1lgidos, como el pol\u00edtico, la conciencia global de manera creativa y contestataria. Sin duda las artes nos hacen m\u00e1s humanos. Muchas veces creemos que son decorativas, pero no nos damos cuenta que son la esencia de la humanidad\u201d, afirm\u00f3 en el acto de lanzamiento.<\/span><\/p>\n<p><span style=\"color: #000000;\">La autoridad universitaria asegur\u00f3 que, al igual que pasadas gestiones, esta versi\u00f3n ser\u00e1 tambi\u00e9n un \u201crotundo \u00e9xito\u201d e invit\u00f3 a participar a todos los estudiantes de dise\u00f1o y \u00e1reas afines, para que sean parte activa del evento que est\u00e1 creado exclusivamente para ellos.<\/span><\/p>\n<p><span style=\"color: #000000;\"><strong>Santa Cruz de la Sierra, sede del evento principal 2023<\/strong><\/span><\/p>\n<p><span style=\"color: #000000;\">La versi\u00f3n 2023 de la BICeB\u00e9 tendr\u00e1 como sede principal a Santa Cruz de la Sierra con una r\u00e9plica de actividades en La Paz. Ambas capitales compartir\u00e1n la agenda de actividades de uno de los principales eventos de dise\u00f1o para Latinoam\u00e9rica y el mundo.<\/span><\/p>\n<p><span style=\"color: #000000;\">La nueva versi\u00f3n de la Bienal tiene seis categor\u00edas en concurso. Los dise\u00f1adores, artistas visuales e interesados podr\u00e1n enviar sus carteles previamente publicados en las categor\u00edas cultural, social, publicitario y dise\u00f1o en movimiento. Se suman dos nuevas categor\u00edas in\u00e9ditas. Una vinculada a la tem\u00e1tica \u201cEl d\u00eda del sobregiro de la Tierra\u201d y la segunda exclusiva para estudiantes de 18 a 25 a\u00f1os con el enfoque en \u201cTecnolog\u00eda y salud mental\u201d, a prop\u00f3sito de la pandemia por el coronavirus.<\/span><\/p>\n<p><span style=\"color: #000000;\">Los mejores carteles formar\u00e1n parte de la exhibici\u00f3n principal BICeB\u00e9 2023. La revisi\u00f3n de los mismos estar\u00e1 a cargo de los miembros de un jurado internacional invitado para tal ocasi\u00f3n. Art Chantry (Estados Unidos), Agnieszka Ziemiszewska (Polonia), Javier Ja\u00e9n (Espa\u00f1a), Claudia Schramke (Alemania), Lorenzo Shakespear (Argentina), Catalina Estrada (Colombia\/Espa\u00f1a) y Christopher Rojas (Bolivia\/Chile), componen la tribuna calificadora.<\/span><\/p>\n<p><span style=\"color: #000000;\">La agenda de actividades programadas para noviembre de 2023 prev\u00e9 la participaci\u00f3n de importantes pensadores visuales del dise\u00f1o y la educaci\u00f3n. Tocar\u00e1 temas como branding, publicidad, emprendimiento, packaging, tipograf\u00eda, fotograf\u00eda, dise\u00f1o 3D, ilustraci\u00f3n y moda.<\/span><\/p>\n<p><img loading=\"lazy\" decoding=\"async\" class=\"wp-image-106589 aligncenter\" src=\"https:\/\/unifranz.edu.bo\/wp-content\/uploads\/2022\/12\/BICEBE\u0301-300x218.png\" alt=\"\" width=\"838\" height=\"609\" srcset=\"https:\/\/unifranz.edu.bo\/wp-content\/uploads\/2022\/12\/BICEBE\u0301-300x218.png 300w, https:\/\/unifranz.edu.bo\/wp-content\/uploads\/2022\/12\/BICEBE\u0301-768x557.png 768w, https:\/\/unifranz.edu.bo\/wp-content\/uploads\/2022\/12\/BICEBE\u0301-18x12.png 18w, https:\/\/unifranz.edu.bo\/wp-content\/uploads\/2022\/12\/BICEBE\u0301.png 1024w\" sizes=\"auto, (max-width: 838px) 100vw, 838px\" \/><\/p>\n<p>&nbsp;<\/p>","protected":false},"excerpt":{"rendered":"<p>Por Marco Ibieta, Unifranz Santa Cruz. La Bienal del Cartel Bolivia (BICeB\u00e9) lanz\u00f3 este mi\u00e9rcoles la convocatoria para el concurso internacional del cartel 2023, en la que podr\u00e1n participar artistas del dise\u00f1o de todo el mundo. La convocatoria cuenta con seis categor\u00edas habilitadas. La sede principal del evento es Santa Cruz de la Sierra, con &hellip; <a href=\"https:\/\/unifranz.edu.bo\/pt\/blog\/lanzan-en-santa-cruz-la-bienal-del-cartel-bolivia-bicebe-para-premiar-la-creatividad-en-diseno\/\">Continued<\/a><\/p>","protected":false},"author":45,"featured_media":106592,"comment_status":"open","ping_status":"open","sticky":false,"template":"","format":"standard","meta":{"_acf_changed":false,"footnotes":""},"categories":[1936,60,2008,2516,2542,1862],"tags":[1298,2714,412,984,242],"class_list":["post-106588","post","type-post","status-publish","format-standard","has-post-thumbnail","hentry","category-bienal","category-blog","category-diseno","category-diseno-grafico-y-produccion-crossmedia","category-diseno-sostenible","category-educacion","tag-bicebe","tag-bienal-internacional-del-cartel","tag-creatividad","tag-diseno","tag-unifranz"],"acf":[],"_links":{"self":[{"href":"https:\/\/unifranz.edu.bo\/pt\/wp-json\/wp\/v2\/posts\/106588","targetHints":{"allow":["GET"]}}],"collection":[{"href":"https:\/\/unifranz.edu.bo\/pt\/wp-json\/wp\/v2\/posts"}],"about":[{"href":"https:\/\/unifranz.edu.bo\/pt\/wp-json\/wp\/v2\/types\/post"}],"author":[{"embeddable":true,"href":"https:\/\/unifranz.edu.bo\/pt\/wp-json\/wp\/v2\/users\/45"}],"replies":[{"embeddable":true,"href":"https:\/\/unifranz.edu.bo\/pt\/wp-json\/wp\/v2\/comments?post=106588"}],"version-history":[{"count":1,"href":"https:\/\/unifranz.edu.bo\/pt\/wp-json\/wp\/v2\/posts\/106588\/revisions"}],"predecessor-version":[{"id":106591,"href":"https:\/\/unifranz.edu.bo\/pt\/wp-json\/wp\/v2\/posts\/106588\/revisions\/106591"}],"wp:featuredmedia":[{"embeddable":true,"href":"https:\/\/unifranz.edu.bo\/pt\/wp-json\/wp\/v2\/media\/106592"}],"wp:attachment":[{"href":"https:\/\/unifranz.edu.bo\/pt\/wp-json\/wp\/v2\/media?parent=106588"}],"wp:term":[{"taxonomy":"category","embeddable":true,"href":"https:\/\/unifranz.edu.bo\/pt\/wp-json\/wp\/v2\/categories?post=106588"},{"taxonomy":"post_tag","embeddable":true,"href":"https:\/\/unifranz.edu.bo\/pt\/wp-json\/wp\/v2\/tags?post=106588"}],"curies":[{"name":"wp","href":"https:\/\/api.w.org\/{rel}","templated":true}]}}