{"id":106483,"date":"2022-12-13T16:47:55","date_gmt":"2022-12-13T20:47:55","guid":{"rendered":"https:\/\/unifranz.edu.bo\/?p=106483"},"modified":"2022-12-13T16:47:55","modified_gmt":"2022-12-13T20:47:55","slug":"estudiantes-fortalecen-conocimientos-sobre-comercio-exterior-y-aduanas-en-chile","status":"publish","type":"post","link":"https:\/\/unifranz.edu.bo\/pt\/blog\/estudiantes-fortalecen-conocimientos-sobre-comercio-exterior-y-aduanas-en-chile\/","title":{"rendered":"ESTUDIANTES FORTALECEN CONOCIMIENTOS SOBRE COMERCIO EXTERIOR Y ADUANAS EN CHILE"},"content":{"rendered":"<p><span style=\"color: #000000;\">La tendencia de formaci\u00f3n profesional exige al estudiante participar activamente de experiencias pr\u00e1cticas que fortalezcan sus competencias. Apegados a esa necesidad y con el objetivo de ampliar los conocimientos de los futuros profesionales sobre el tema de log\u00edstica portuaria internacional, estudiantes de primeros semestres de Ingenier\u00eda Comercial y Administraci\u00f3n de Empresas de la sede acad\u00e9mica de El Alto visitaron Puerto Arica en el norte de Chile.<\/span><\/p>\n<p><span style=\"color: #000000;\">Durante la visita, m\u00e1s de un centenar de futuros profesionales alte\u00f1os participaron de diversas actividades lideradas por personal de la Terminal Puerto Arica (TPA), como un recorrido por los distintos sectores para conocer a detalle la operaci\u00f3n log\u00edstica que permite el funcionamiento del puerto y las gestiones aplicadas para la exportaci\u00f3n e importaci\u00f3n de mercader\u00eda, todo esto desarrollado en el Centro Cultural Daem (ex cine Col\u00f3n) y en la Terminal de Puerto Arica.<\/span><\/p>\n<p><span style=\"color: #000000;\">Para Mario Espinoza, Director de Carrera de Ingenier\u00eda Comercial, \u201cestas visitas buscan fomentar la visi\u00f3n y fortalecer la internacionalizaci\u00f3n de la educaci\u00f3n universitaria de los estudiantes. Adem\u00e1s, apuntan a generar profesionales innovadores y emprendedores que tengan la visi\u00f3n de fortalecer el Comercio Exterior boliviano\u201d.<\/span><\/p>\n<p><span style=\"color: #000000;\">El Gerente Comercial, encargados de log\u00edstica e incluso uno de los trabajadores m\u00e1s antiguos de la mencionada empresa acompa\u00f1aron las actividades, explicando y mostrando a detalle todas las operaciones y procesos que se realizan para el conglomerado y desconglomerado de la mercader\u00eda en tr\u00e1nsito, mostraron adem\u00e1s el porcentaje de mercader\u00eda boliviana y c\u00f3mo esta entra y sale por medio del puerto Arica.<\/span><\/p>\n<p><span style=\"color: #000000;\">Durante tres d\u00edas, los estudiantes aplicaron el \u2018aprendizaje en terreno o situacional\u2019, una herramienta de gran valor inmerso en el modelo de aprendizaje transformador de las carreras de Administraci\u00f3n de Empresas e Ingenier\u00eda Comercial. Al ser una actividad para el nivel inicial, a futuro se prev\u00e9 continuar con la generaci\u00f3n de actividades que permitan mostrar al estudiante otros procesos, tanto en empresas nacionales como internacionales.<\/span><\/p>\n<figure id=\"attachment_106486\" aria-describedby=\"caption-attachment-106486\" style=\"width: 1024px\" class=\"wp-caption aligncenter\"><img loading=\"lazy\" decoding=\"async\" class=\"size-large wp-image-106486\" src=\"https:\/\/unifranz.edu.bo\/wp-content\/uploads\/2022\/12\/318730962_3260120964318763_4641834701851486206_n-1024x683.jpg\" alt=\"\" width=\"1024\" height=\"683\" srcset=\"https:\/\/unifranz.edu.bo\/wp-content\/uploads\/2022\/12\/318730962_3260120964318763_4641834701851486206_n-1024x683.jpg 1024w, https:\/\/unifranz.edu.bo\/wp-content\/uploads\/2022\/12\/318730962_3260120964318763_4641834701851486206_n-300x200.jpg 300w, https:\/\/unifranz.edu.bo\/wp-content\/uploads\/2022\/12\/318730962_3260120964318763_4641834701851486206_n-768x512.jpg 768w, https:\/\/unifranz.edu.bo\/wp-content\/uploads\/2022\/12\/318730962_3260120964318763_4641834701851486206_n-1536x1024.jpg 1536w, https:\/\/unifranz.edu.bo\/wp-content\/uploads\/2022\/12\/318730962_3260120964318763_4641834701851486206_n-18x12.jpg 18w, https:\/\/unifranz.edu.bo\/wp-content\/uploads\/2022\/12\/318730962_3260120964318763_4641834701851486206_n.jpg 2048w\" sizes=\"auto, (max-width: 1024px) 100vw, 1024px\" \/><figcaption id=\"caption-attachment-106486\" class=\"wp-caption-text\"><span style=\"color: #000000;\">\u00a0 \u00a0 \u00a0 \u00a0 \u00a0 \u00a0 \u00a0 \u00a0 \u00a0 \u00a0 \u00a0 \u00a0 \u00a0 \u00a0 \u00a0 \u00a0 \u00a0 \u00a0 \u00a0 \u00a0 \u00a0 \u00a0 \u00a0 \u00a0 \u00a0 \u00a0 \u00a0 \u00a0 \u00a0 \u00a0 \u00a0 \u00a0 \u00a0 \u00a0 \u00a0 \u00a0 \u00a0 \u00a0 \u00a0Delegaci\u00f3n alte\u00f1a en Puerto Arica (Foto: TPA)<\/span><\/figcaption><\/figure>\n<p><span style=\"color: #000000;\">Al respecto, Patricia Pozo, directora de Administraci\u00f3n de Empresas, explica que estas actividades contribuyen a transformar la educaci\u00f3n, debido a que \u201cforman parte de nuestro nuevo modelo educativo bajo la metodolog\u00eda \u2018learning by doing\u2019 o \u2018aprender haciendo\u2019 que est\u00e1 transformando y revolucionando la educaci\u00f3n actualmente, en el que los estudiantes deben interactuar con su entorno para adaptarse y aprender\u201d. Como dijo Paulo Freire: \u201cense\u00f1ar no es transferir conocimientos sino crear las condiciones para su producci\u00f3n o construcci\u00f3n\u201d.<\/span><\/p>\n<p><span style=\"color: #000000;\">La primera visita de estudiantes a Puerto Arica se llev\u00f3 a cabo en abril de 2018 y hasta el momento cerca de 300 estudiantes ya han participado de esta experiencia internacional.<\/span><\/p>\n<p><span style=\"color: #000000;\">\u201cFue una experiencia muy interesante y muy importante para mi formaci\u00f3n. Como futura Ingeniera Comercial aprend\u00ed mucho al ver c\u00f3mo funciona la TPA. Y el tema de saber c\u00f3mo funcionan las exportaciones e importaciones y lo bien que est\u00e1n pensados los contenedores\u201d, afirma Luz Espada, estudiante de segundo semestre de Ingenier\u00eda Comercial.<\/span><\/p>\n<p><span style=\"color: #000000;\">La Empresa Portuaria Arica es una compa\u00f1\u00eda aut\u00f3noma de Chile e inici\u00f3 sus actividades en 1998. Con esta visita, la empresa busca que la comunidad conozca las operaciones que desarrolla y el aporte que realiza al desarrollo econ\u00f3mico regional. El Programa de visitas se llama \u00abConozca su Puerto\u00bb, donde la Empresa Portuaria Arica abre las puertas a distintas organizaciones sociales y universidades.<\/span><\/p>\n<figure id=\"attachment_106489\" aria-describedby=\"caption-attachment-106489\" style=\"width: 562px\" class=\"wp-caption aligncenter\"><img loading=\"lazy\" decoding=\"async\" class=\"wp-image-106489\" src=\"https:\/\/unifranz.edu.bo\/wp-content\/uploads\/2022\/12\/318896262_3260152300982296_5688015747553322859_n-1024x683.jpg\" alt=\"\" width=\"562\" height=\"375\" srcset=\"https:\/\/unifranz.edu.bo\/wp-content\/uploads\/2022\/12\/318896262_3260152300982296_5688015747553322859_n-1024x683.jpg 1024w, https:\/\/unifranz.edu.bo\/wp-content\/uploads\/2022\/12\/318896262_3260152300982296_5688015747553322859_n-300x200.jpg 300w, https:\/\/unifranz.edu.bo\/wp-content\/uploads\/2022\/12\/318896262_3260152300982296_5688015747553322859_n-768x512.jpg 768w, https:\/\/unifranz.edu.bo\/wp-content\/uploads\/2022\/12\/318896262_3260152300982296_5688015747553322859_n-1536x1024.jpg 1536w, https:\/\/unifranz.edu.bo\/wp-content\/uploads\/2022\/12\/318896262_3260152300982296_5688015747553322859_n-18x12.jpg 18w, https:\/\/unifranz.edu.bo\/wp-content\/uploads\/2022\/12\/318896262_3260152300982296_5688015747553322859_n.jpg 2048w\" sizes=\"auto, (max-width: 562px) 100vw, 562px\" \/><figcaption id=\"caption-attachment-106489\" class=\"wp-caption-text\">Foto: TPA<\/figcaption><\/figure>\n<figure id=\"attachment_106490\" aria-describedby=\"caption-attachment-106490\" style=\"width: 560px\" class=\"wp-caption aligncenter\"><img loading=\"lazy\" decoding=\"async\" class=\"wp-image-106490\" src=\"https:\/\/unifranz.edu.bo\/wp-content\/uploads\/2022\/12\/319092120_3260120794318780_7953701855456934108_n-1024x683.jpg\" alt=\"\" width=\"560\" height=\"373\" srcset=\"https:\/\/unifranz.edu.bo\/wp-content\/uploads\/2022\/12\/319092120_3260120794318780_7953701855456934108_n-1024x683.jpg 1024w, https:\/\/unifranz.edu.bo\/wp-content\/uploads\/2022\/12\/319092120_3260120794318780_7953701855456934108_n-300x200.jpg 300w, https:\/\/unifranz.edu.bo\/wp-content\/uploads\/2022\/12\/319092120_3260120794318780_7953701855456934108_n-768x512.jpg 768w, https:\/\/unifranz.edu.bo\/wp-content\/uploads\/2022\/12\/319092120_3260120794318780_7953701855456934108_n-1536x1024.jpg 1536w, https:\/\/unifranz.edu.bo\/wp-content\/uploads\/2022\/12\/319092120_3260120794318780_7953701855456934108_n-18x12.jpg 18w, https:\/\/unifranz.edu.bo\/wp-content\/uploads\/2022\/12\/319092120_3260120794318780_7953701855456934108_n.jpg 2048w\" sizes=\"auto, (max-width: 560px) 100vw, 560px\" \/><figcaption id=\"caption-attachment-106490\" class=\"wp-caption-text\">Foto: TPA<\/figcaption><\/figure>\n<figure id=\"attachment_106491\" aria-describedby=\"caption-attachment-106491\" style=\"width: 558px\" class=\"wp-caption aligncenter\"><img loading=\"lazy\" decoding=\"async\" class=\"wp-image-106491\" src=\"https:\/\/unifranz.edu.bo\/wp-content\/uploads\/2022\/12\/319645362_3260121114318748_3743098344374918033_n-1024x683.jpg\" alt=\"\" width=\"558\" height=\"373\" srcset=\"https:\/\/unifranz.edu.bo\/wp-content\/uploads\/2022\/12\/319645362_3260121114318748_3743098344374918033_n-1024x683.jpg 1024w, https:\/\/unifranz.edu.bo\/wp-content\/uploads\/2022\/12\/319645362_3260121114318748_3743098344374918033_n-300x200.jpg 300w, https:\/\/unifranz.edu.bo\/wp-content\/uploads\/2022\/12\/319645362_3260121114318748_3743098344374918033_n-768x512.jpg 768w, https:\/\/unifranz.edu.bo\/wp-content\/uploads\/2022\/12\/319645362_3260121114318748_3743098344374918033_n-1536x1024.jpg 1536w, https:\/\/unifranz.edu.bo\/wp-content\/uploads\/2022\/12\/319645362_3260121114318748_3743098344374918033_n-18x12.jpg 18w, https:\/\/unifranz.edu.bo\/wp-content\/uploads\/2022\/12\/319645362_3260121114318748_3743098344374918033_n.jpg 2048w\" sizes=\"auto, (max-width: 558px) 100vw, 558px\" \/><figcaption id=\"caption-attachment-106491\" class=\"wp-caption-text\">Foto: TPA<\/figcaption><\/figure>","protected":false},"excerpt":{"rendered":"<p>La tendencia de formaci\u00f3n profesional exige al estudiante participar activamente de experiencias pr\u00e1cticas que fortalezcan sus competencias. Apegados a esa necesidad y con el objetivo de ampliar los conocimientos de los futuros profesionales sobre el tema de log\u00edstica portuaria internacional, estudiantes de primeros semestres de Ingenier\u00eda Comercial y Administraci\u00f3n de Empresas de la sede acad\u00e9mica &hellip; <a href=\"https:\/\/unifranz.edu.bo\/pt\/blog\/estudiantes-fortalecen-conocimientos-sobre-comercio-exterior-y-aduanas-en-chile\/\">Continued<\/a><\/p>","protected":false},"author":25,"featured_media":106485,"comment_status":"open","ping_status":"open","sticky":false,"template":"","format":"standard","meta":{"_acf_changed":false,"footnotes":""},"categories":[60],"tags":[],"class_list":["post-106483","post","type-post","status-publish","format-standard","has-post-thumbnail","hentry","category-blog"],"acf":[],"_links":{"self":[{"href":"https:\/\/unifranz.edu.bo\/pt\/wp-json\/wp\/v2\/posts\/106483","targetHints":{"allow":["GET"]}}],"collection":[{"href":"https:\/\/unifranz.edu.bo\/pt\/wp-json\/wp\/v2\/posts"}],"about":[{"href":"https:\/\/unifranz.edu.bo\/pt\/wp-json\/wp\/v2\/types\/post"}],"author":[{"embeddable":true,"href":"https:\/\/unifranz.edu.bo\/pt\/wp-json\/wp\/v2\/users\/25"}],"replies":[{"embeddable":true,"href":"https:\/\/unifranz.edu.bo\/pt\/wp-json\/wp\/v2\/comments?post=106483"}],"version-history":[{"count":1,"href":"https:\/\/unifranz.edu.bo\/pt\/wp-json\/wp\/v2\/posts\/106483\/revisions"}],"predecessor-version":[{"id":106494,"href":"https:\/\/unifranz.edu.bo\/pt\/wp-json\/wp\/v2\/posts\/106483\/revisions\/106494"}],"wp:featuredmedia":[{"embeddable":true,"href":"https:\/\/unifranz.edu.bo\/pt\/wp-json\/wp\/v2\/media\/106485"}],"wp:attachment":[{"href":"https:\/\/unifranz.edu.bo\/pt\/wp-json\/wp\/v2\/media?parent=106483"}],"wp:term":[{"taxonomy":"category","embeddable":true,"href":"https:\/\/unifranz.edu.bo\/pt\/wp-json\/wp\/v2\/categories?post=106483"},{"taxonomy":"post_tag","embeddable":true,"href":"https:\/\/unifranz.edu.bo\/pt\/wp-json\/wp\/v2\/tags?post=106483"}],"curies":[{"name":"wp","href":"https:\/\/api.w.org\/{rel}","templated":true}]}}