{"id":103594,"date":"2022-10-29T10:21:51","date_gmt":"2022-10-29T14:21:51","guid":{"rendered":"https:\/\/unifranz.edu.bo\/?p=103594"},"modified":"2022-10-31T08:41:40","modified_gmt":"2022-10-31T12:41:40","slug":"santos-choque-que-quiero-ser-cuando-sea-grande","status":"publish","type":"post","link":"https:\/\/unifranz.edu.bo\/pt\/eventos\/santos-choque-que-quiero-ser-cuando-sea-grande\/","title":{"rendered":"SANTOS CHOQUE: \u00bfQU\u00c9 QUIERO SER CUANDO SEA GRANDE?"},"content":{"rendered":"<p><span style=\"color: #000000;\">\u00bfQu\u00e9 quieres ser cuando seas \u2018grande\u2019? Una de las preguntas a las que todos, en alg\u00fan momento de sus vidas, se ven enfrentados. Santos Choque, hoy por hoy actor revelaci\u00f3n del cine nacional, no fue la excepci\u00f3n, la pregunta se la hicieron cuando era ni\u00f1o y \u00e9l, a diferencia de varios de sus compa\u00f1eros de clase, no hab\u00eda reflexionado al respecto. Comparti\u00f3 su historia en el TEDxUNIFRANZ 2022, tras un a\u00f1o inesperado y lleno de sorpresas en el rumbo que sin pensar tom\u00f3 su vida. \u00a0<\/span><\/p>\n<p><span style=\"color: #000000;\">\u201cTodos mis compa\u00f1eros ten\u00edan la misma pregunta y algunos respond\u00edan con mucha pasi\u00f3n: yo quiero ser abogado, yo quiero ser doctor, algunos se lo tomaban en serio otros no tanto, pero yo creo que quer\u00eda tom\u00e1rmelo muy en serio\u201d, recuerda Santos.<\/span><\/p>\n<p><span style=\"color: #000000;\">A partir de entonces, su curiosidad por responder objetivamente a esa pregunta lo hizo recorrer impensados lugares, trabajar en los lugares menos esperados, conocer a mucha gente que lo apoy\u00f3 y, producto de dichas experiencias y vueltas de la vida, tomar varias decisiones que lo ayudaron a crecer como persona y, principalmente, cambiar su vida por completo.<\/span><\/p>\n<p><span style=\"color: #000000;\">Santos siempre fue una persona seria y, quiz\u00e1s por ello, su primera respuesta aquella vez siendo ni\u00f1o, fue que cuando crezca quer\u00eda ser soldado; su palabra ten\u00eda mucho peso y, por ello, saliendo del colegio, tom\u00f3 la decisi\u00f3n de ir al cuartel, una de esas decisiones que determinaron su horizonte, porque en su marcha por la senda militar descubri\u00f3 que no se ve\u00eda viviendo bajo el lema \u201csubordinaci\u00f3n y constancia\u201d, sino que quer\u00eda ser el due\u00f1o de su propio destino.<\/span><\/p>\n<p><span style=\"color: #000000;\">As\u00ed, luego de renunciar a su primera respuesta, decidi\u00f3 estudiar una carrera acorde a ese sue\u00f1o de \u2018ser su propio jefe\u2019 e inici\u00f3 su b\u00fasqueda de la carrera y universidad que lo ayuden a cumplir su ideal. Santos hab\u00eda concluido el bachillerato con un t\u00edtulo de T\u00e9cnico Medio en Secretariado y, producto de ello, trabajado previamente como secretario en una empresa de muebles.<\/span><\/p>\n<p><span style=\"color: #000000;\">\u201cMe gust\u00f3 tanto este trabajo como secretario porque estaba al lado del gerente (\u2026) era una peque\u00f1a empresa que termin\u00e9 diciendo: \u00a1Wow! no puedo creer esto, hab\u00eda visto sus movimientos financieros, sus procesos productivos, sus clientes, me gust\u00f3 mucho\u201d. Sin embargo, \u00e9l ten\u00eda aspiraciones mucho m\u00e1s grandes y ser quien tome las decisiones. El Gerente de aquella empresa hab\u00eda estudiado Administraci\u00f3n de Empresas, lo que lo llev\u00f3 a optar por aquella carrera, ingresando a UNIFRANZ El Alto.<\/span><\/p>\n<p><span style=\"color: #000000;\">Ya habiendo iniciado su vida universitaria, el destino lo atrajo a una nueva aventura. \u201cUn d\u00eda viene la profesora de teatro y nos dice: chicos vengan a cursos de teatro. A m\u00ed nunca me hab\u00eda interesado actuar, b\u00e1sicamente soy el joven que se queda atr\u00e1s observando, ese soy yo porque me gusta sentarme atr\u00e1s y ver a todas las personas, poder ver el mundo en silencio\u201d.<\/span><\/p>\n<p><span style=\"color: #000000;\">Habi\u00e9ndolo pensado una y otra vez, motivado por la curiosidad de salir de su zona de confort y por la energ\u00eda que emanaba la profesora \u2013 Patricia Garc\u00eda, reconocida actriz de teatro y cine \u2013 Santos ingres\u00f3 a un mundo nuevo y desconocido que termin\u00f3 cautiv\u00e1ndolo. \u201cA m\u00ed me gustaba mucho trabajar en el personaje porque digo, las personas somos esto emociones, nos transformamos, aprendemos, me gusta tanto\u201d. Sin embargo, sigui\u00f3 enfocado en su carrera y tom\u00f3 aquella aventura como una experiencia m\u00e1s.<\/span><\/p>\n<p><span style=\"color: #000000;\">Su incursi\u00f3n al mundo de la actuaci\u00f3n apenas hab\u00eda empezado y ten\u00eda a\u00fan muchas sorpresas que entregarle. La pantalla grande le guardaba un espacio y este se dio a ra\u00edz de una invitaci\u00f3n para el casting de una pel\u00edcula al que solo asisti\u00f3 por insistencia de sus amigos, estuvo a punto de esquivar a su destino.<\/span><\/p>\n<p><span style=\"color: #000000;\">\u201cYo honestamente esperaba no pasar de las fotos, pero una semana despu\u00e9s me llaman de la productora y me dicen: Santos \u00bfpuedes venir al casting presencial?\u201d. Si bien acept\u00f3 el llamado, inconscientemente trat\u00f3 de auto sabotearse llegando tarde a la cita, mas no lo logr\u00f3. Semanas despu\u00e9s de la prueba recibi\u00f3 el llamado que le anunciaba su primer papel en el cine: \u201cEl K\u2019aras\u201d, en la pel\u00edcula Averno. \u00a0\u00a0\u00a0<\/span><\/p>\n<p><span style=\"color: #000000;\">Si de cosas sorpresivas e inesperadas se trata, la pandemia del COVID19 lleg\u00f3 para poner de cabeza la vida de todos, en particular a Santos que tuvo que asumir decisiones dr\u00e1sticas para ayudar econ\u00f3micamente a su familia, una de ellas congelar sus estudios. Migr\u00f3 al campo, en parte, queriendo huir del caos que hab\u00eda generado la crisis sanitaria y vivi\u00f3 con sus abuelos durante ocho meses.<\/span><\/p>\n<p><span style=\"color: #000000;\">Transcurrido ese tiempo, \u201cun d\u00eda viene la invitaci\u00f3n del productor de Utama y me dice: Santos, te cuento que estamos haciendo una nueva pel\u00edcula, ven y pres\u00e9ntate\u201d. Dos semanas despu\u00e9s me dicen: Santos, tienes el papel\u201d (\u2026) voy a la productora y casualmente me dicen \u201cesta es la historia de dos personas mayores que viven en el campo con su nieto\u201d, yo digo \u00a1Wow! no puedo creer esta gran coincidencia, ya hab\u00eda estado ah\u00ed ocho meses\u201d, cuenta a\u00fan sorprendido Santos, a quien la vida le regalaba una especie de \u201cdeja vu\u201d.<\/span><\/p>\n<p><span style=\"color: #000000;\">Su experiencia con la pel\u00edcula ha sido hasta la fecha por dem\u00e1s gratificante, por la cantidad de reconocimientos internacionales obtenidos, tanto como pel\u00edcula como tambi\u00e9n a nivel individual para Santos, quien obtuvo la estatuilla a \u201cMejor Actor de Reparto\u201d en el Festival Internacional de Beijing, China.<\/span><\/p>\n<p><span style=\"color: #000000;\">Sus experiencias de vida, resumidas en una atrapadora charla de 20 minutos ante el p\u00fablico cochabambino que asisti\u00f3 a la II versi\u00f3n del TEDxUNIFRANZ, incluyen muchos aprendizajes, ense\u00f1anzas, an\u00e9cdotas y moralejas de vida que valen la pena ser difundidas. Para conocer m\u00e1s detalles de la historia, pulsa click a continuaci\u00f3n y mira el video completo:<\/span><\/p>\n<p><iframe loading=\"lazy\" title=\"La Acci\u00f3n del Ser  | Santos Choque | TEDxUNIFRANZ\" width=\"500\" height=\"281\" src=\"https:\/\/www.youtube.com\/embed\/8agcglqZWmg?feature=oembed\" frameborder=\"0\" allow=\"accelerometer; autoplay; clipboard-write; encrypted-media; gyroscope; picture-in-picture; web-share\" referrerpolicy=\"strict-origin-when-cross-origin\" allowfullscreen><\/iframe><\/p>\n<h4><span style=\"color: #000000;\"><strong>LA FRASE<\/strong><\/span><\/h4>\n<p><span style=\"color: #000000;\"><img loading=\"lazy\" decoding=\"async\" class=\"wp-image-91625 alignleft\" src=\"https:\/\/unifranz.edu.bo\/wp-content\/uploads\/2022\/05\/SANTOS-SOLO-cropped.png\" alt=\"\" width=\"213\" height=\"213\" srcset=\"https:\/\/unifranz.edu.bo\/wp-content\/uploads\/2022\/05\/SANTOS-SOLO-cropped.png 275w, https:\/\/unifranz.edu.bo\/wp-content\/uploads\/2022\/05\/SANTOS-SOLO-cropped-12x12.png 12w\" sizes=\"auto, (max-width: 213px) 100vw, 213px\" \/><\/span><\/p>\n<p>&nbsp;<\/p>\n<p>&nbsp;<\/p>\n<h5><span style=\"color: #000000;\">\u201cEs un reto muy dif\u00edcil perseguir tus sue\u00f1os, pero es m\u00e1s dif\u00edcil hacer lo que no quieres\u201d, reflexiona al cierre Santos, quien contin\u00faa su objetivo de ser profesional y continuar descubriendo lo que el cine y teatro tienen para \u00e9l.<\/span><\/h5>","protected":false},"excerpt":{"rendered":"<p>\u00bfQu\u00e9 quieres ser cuando seas \u2018grande\u2019? Una de las preguntas a las que todos, en alg\u00fan momento de sus vidas, se ven enfrentados. Santos Choque, hoy por hoy actor revelaci\u00f3n del cine nacional, no fue la excepci\u00f3n, la pregunta se la hicieron cuando era ni\u00f1o y \u00e9l, a diferencia de varios de sus compa\u00f1eros de &hellip; <a href=\"https:\/\/unifranz.edu.bo\/pt\/eventos\/santos-choque-que-quiero-ser-cuando-sea-grande\/\">Continued<\/a><\/p>","protected":false},"author":25,"featured_media":103596,"comment_status":"open","ping_status":"open","sticky":false,"template":"","format":"standard","meta":{"_acf_changed":false,"footnotes":""},"categories":[60,2538,302,1004,45,2858,2386,1782],"tags":[],"class_list":["post-103594","post","type-post","status-publish","format-standard","has-post-thumbnail","hentry","category-blog","category-creadores-altenos","category-el-alto","category-estudiantes","category-eventos","category-innovacion-en-educacion","category-tedx","category-unifranz"],"acf":[],"_links":{"self":[{"href":"https:\/\/unifranz.edu.bo\/pt\/wp-json\/wp\/v2\/posts\/103594","targetHints":{"allow":["GET"]}}],"collection":[{"href":"https:\/\/unifranz.edu.bo\/pt\/wp-json\/wp\/v2\/posts"}],"about":[{"href":"https:\/\/unifranz.edu.bo\/pt\/wp-json\/wp\/v2\/types\/post"}],"author":[{"embeddable":true,"href":"https:\/\/unifranz.edu.bo\/pt\/wp-json\/wp\/v2\/users\/25"}],"replies":[{"embeddable":true,"href":"https:\/\/unifranz.edu.bo\/pt\/wp-json\/wp\/v2\/comments?post=103594"}],"version-history":[{"count":2,"href":"https:\/\/unifranz.edu.bo\/pt\/wp-json\/wp\/v2\/posts\/103594\/revisions"}],"predecessor-version":[{"id":103598,"href":"https:\/\/unifranz.edu.bo\/pt\/wp-json\/wp\/v2\/posts\/103594\/revisions\/103598"}],"wp:featuredmedia":[{"embeddable":true,"href":"https:\/\/unifranz.edu.bo\/pt\/wp-json\/wp\/v2\/media\/103596"}],"wp:attachment":[{"href":"https:\/\/unifranz.edu.bo\/pt\/wp-json\/wp\/v2\/media?parent=103594"}],"wp:term":[{"taxonomy":"category","embeddable":true,"href":"https:\/\/unifranz.edu.bo\/pt\/wp-json\/wp\/v2\/categories?post=103594"},{"taxonomy":"post_tag","embeddable":true,"href":"https:\/\/unifranz.edu.bo\/pt\/wp-json\/wp\/v2\/tags?post=103594"}],"curies":[{"name":"wp","href":"https:\/\/api.w.org\/{rel}","templated":true}]}}