{"id":103580,"date":"2022-10-27T18:19:45","date_gmt":"2022-10-27T22:19:45","guid":{"rendered":"https:\/\/unifranz.edu.bo\/?p=103580"},"modified":"2022-10-27T18:19:45","modified_gmt":"2022-10-27T22:19:45","slug":"bruno-rojas-el-camino-de-la-resiliencia-conduce-al-exito","status":"publish","type":"post","link":"https:\/\/unifranz.edu.bo\/pt\/blog\/bruno-rojas-el-camino-de-la-resiliencia-conduce-al-exito\/","title":{"rendered":"Bruno Rojas: el camino de la resiliencia conduce al \u00e9xito"},"content":{"rendered":"<p>Con tan solo 13 a\u00f1os de edad <a href=\"https:\/\/tedx.unifranz.edu.bo\/\">Bruno Rojas<\/a>, quien se convertir\u00eda en el hombre m\u00e1s r\u00e1pido de Bolivia, recuerda c\u00f3mo se sinti\u00f3 detr\u00e1s de la l\u00ednea de partida de su primera carrera de 100 metros: \u201csolo sab\u00eda que ten\u00eda que empezar a correr cuando sonara el disparo y cruzar la l\u00ednea blanca al final de la recta, con los pies descalzos porque as\u00ed me hab\u00edan dicho que pod\u00eda correr m\u00e1s r\u00e1pido. Empec\u00e9 a correr cuando son\u00f3 el disparo, no recuerdo mucho lo que sucedi\u00f3, pero cuando cruc\u00e9 la meta vi en los rostros de mis compa\u00f1eros, felicidad. Ese d\u00eda entend\u00ed que ese era mi camino\u201d.\u00a0Habi\u00e9ndose convertido en campe\u00f3n intercolegial municipal, Rojas inici\u00f3 su recorrido por el rocoso sendero de la resiliencia, la perseverancia y la disciplina como un cape\u00f3n cuyo mayor \u00e9xito es jam\u00e1s haberse rendido.<\/p>\n<p>Rojas, fue el primer speaker en inspirar y compartir sus vivencias en la segunda versi\u00f3n del <a href=\"https:\/\/tedx.unifranz.edu.bo\/\"><strong>TEDx UNIFRANZ<\/strong><\/a> que se realiz\u00f3 en la ciudad de Cochabamba el pasado mes de septiembre. El evento fue un espacio de reflexi\u00f3n, debate, co-creaci\u00f3n de futuros y desarrollo del pensamiento cr\u00edtico.<\/p>\n<p>Las charlas <strong>TEDx<\/strong> son el escenario glocal (global y local) de pensadores, innovadores y l\u00edderes en los campos de la tecnolog\u00eda, entretenimiento y dise\u00f1o. Desde sus inicios conecta a la comunidad con miles de emprendedores y amantes del crecimiento personal que tienen \u201cideas que merecen ser difundidas\u201d.<\/p>\n<p>En esta versi\u00f3n, Rojas, comparti\u00f3 la historia de la carrera contra s\u00ed mismo, sus anhelos, su orgullo y las limitaciones del entorno. A los 16 visti\u00f3 la tricolor por primera vez en un Mundial. \u201cEntr\u00e9 a la pista con la mentalidad de ser campe\u00f3n mundial, ni Estados Unidos, ni Jamaica, el mejor del mundo soy yo, el boliviano\u2026 ese d\u00eda fui destruido por primera vez\u201d.<\/p>\n<p>Luego de su derrota, decide ir a Brasil para poder tener un mejor entrenamiento y all\u00ed conoce al profesor Avelino. Rojas se acerc\u00f3 a \u00e9l para preguntarle \u00bfCu\u00e1nto le cobrar\u00eda por entrenarlo?; a lo que \u00e9l respondi\u00f3: \u201cLo \u00fanico que te voy a cobrar es el 100% de tu capacidad, disciplina y dedicaci\u00f3n\u201d y as\u00ed lo hizo.<\/p>\n<p>El primer entrenamiento de Rojas fue \u201cun infierno\u201d. La pista de arena, 40 grados de temperatura ambiente y la sensaci\u00f3n de desmayo llevaron a Rojas a la primera encrucijada de su camino\u2026 su cuerpo se encontraba agotado, ten\u00eda ampollas en los pies mientras su mente le dec\u00eda que no hab\u00eda otra forma para ser el mejor, que deb\u00eda seguir. \u201cGracias a Dios, gan\u00f3 mi mente, como siempre lo hace y regres\u00e9 a la pista\u201d, cuenta.<\/p>\n<p>Luego de meses de entrenamiento, el joven de 17 a\u00f1os se convierte en el hombre m\u00e1s veloz de la historia de nuestro pa\u00eds y un a\u00f1o despu\u00e9s se consagra como el n\u00famero 1 del ranking sudamericano y en el n\u00famero 6 del mundo. As\u00ed, logra clasificar a sus primeros Juegos Ol\u00edmpicos en Londres 2012. Rojas logra llegar a la segunda ronda como el atleta m\u00e1s joven, pero fue eliminado. Retorn\u00f3 del Reino Unido motivado y con ganas de dominar el mundo sabiendo que los pr\u00f3ximos Juegos ser\u00edan en R\u00edo de Janeiro el 2016.<\/p>\n<p>Durante esos cuatro a\u00f1os, adem\u00e1s de entrenar como el resto de los atletas profesionales del mundo, el velocista se encontraba adem\u00e1s haciendo una carrera universitaria en Medicina. M\u00e1s tarde, el 2016 (a\u00f1o Ol\u00edmpico) el deportista congela sus estudios para dedicarse tiempo completo a entrenar para ganar la carrera de los 200 metros planos.<\/p>\n<p>Iniciando las pruebas, Rojas decide intentar competir tambi\u00e9n en los 100 metros. Luego de insistir, su entrenador le permite ingresar a la carrera con la condici\u00f3n de que \u00e9sta le sirva al atleta \u00fanicamente para entrar en calor y disfrutar ya que el objetivo principal de ambos era lograr la victoria en los 200 metros.\u00a0El d\u00eda de la carrera de los 100 metros, el juez dio el disparo de partida, el velocista aceler\u00f3 subestimando el paso de los dem\u00e1s y cuando levant\u00f3 la cabeza vio a todos adelante de \u00e9l. \u00abEn ese momento mi orgullo me hizo una mala jugada\u2026 empec\u00e9 a acelerar e hice todo lo contrario a lo que me dijo mi entrenador, hice un \u00faltimo esfuerzo y cruc\u00e9 la l\u00ednea de meta, me desequilibr\u00e9 e hice movimientos raros para no caerme. En ese momento mi pierna derecha impact\u00f3 directamente contra el suelo, nos fuimos al hotel, me tom\u00e9 una siesta y al d\u00eda siguiente \u2013 que ten\u00eda que correr los 200 metros &#8211; despert\u00e9 sin poder mover la pierna, el dolor era insoportable\u201d, recuerda.<\/p>\n<p>\u00c9sta es solo una de las tantas adversidades que ha enfrentado, y que, comparti\u00f3 el atleta en el escenario TEDx Unifranz. Pero\u2026 c\u00f3mo seguir, c\u00f3mo resistir y persistir. Te invitamos a ver el video completo de la <strong>TEDx Talk<\/strong> de Bruno Rojas para conocer su ejemplo incansable de autodeterminaci\u00f3n y resiliencia para convertirse en un campe\u00f3n, que adem\u00e1s, se encuentra a puertas de su graduaci\u00f3n como m\u00e9dico cirujano.<\/p>\n<p><iframe loading=\"lazy\" title=\"YouTube video player\" src=\"https:\/\/www.youtube.com\/embed\/GAGCufIhfkE\" width=\"560\" height=\"315\" frameborder=\"0\" allowfullscreen=\"allowfullscreen\"><\/iframe><\/p>\n<p>Una historia Impactante \u00bfCierto?. Este tipo de eventos apuesta por conectar con la gente para impulsar nuevos talentos, y que estos, se conviertan en potentes agentes de cambio para transformar nuestra realidad. UNIFRANZ promueve eventos que transformen, despierten creatividad, investigaci\u00f3n, valores \u00e9ticos y responsabilidad social. \u201c\u00c9ste es un aporte desde UNIFRANZ a la comunidad global, es un evento made in Bol\u00edvia, for export. Son ideas, historias desde la comunidad universitaria, desde Cochabamba para el mundo; son historias que inspiran\u201d, destac\u00f3 <strong>Ver\u00f3nica Agreda de Pazos Arq. DESA<\/strong>, Rectora Nacional de UNIFRANZ.<\/p>\n<p>La siguiente versi\u00f3n del TEDx UNIFRANZ se realizar\u00e1 en la ciudad de La Paz el a\u00f1o que viene, conoce m\u00e1s sobre el evento y sobre nuestros otros speakers en <a href=\"https:\/\/tedx.unifranz.edu.bo\">https:\/\/tedx.unifranz.edu.bo<\/a><\/p>\n<p><img loading=\"lazy\" decoding=\"async\" class=\"alignnone wp-image-103582 size-large\" src=\"https:\/\/unifranz.edu.bo\/wp-content\/uploads\/2022\/10\/BRUNO--1024x806.jpg\" alt=\"\" width=\"1024\" height=\"806\" srcset=\"https:\/\/unifranz.edu.bo\/wp-content\/uploads\/2022\/10\/BRUNO--1024x806.jpg 1024w, https:\/\/unifranz.edu.bo\/wp-content\/uploads\/2022\/10\/BRUNO--300x236.jpg 300w, https:\/\/unifranz.edu.bo\/wp-content\/uploads\/2022\/10\/BRUNO--768x605.jpg 768w, https:\/\/unifranz.edu.bo\/wp-content\/uploads\/2022\/10\/BRUNO--15x12.jpg 15w, https:\/\/unifranz.edu.bo\/wp-content\/uploads\/2022\/10\/BRUNO-.jpg 1440w\" sizes=\"auto, (max-width: 1024px) 100vw, 1024px\" \/><\/p>","protected":false},"excerpt":{"rendered":"<p>Con tan solo 13 a\u00f1os de edad Bruno Rojas, quien se convertir\u00eda en el hombre m\u00e1s r\u00e1pido de Bolivia, recuerda c\u00f3mo se sinti\u00f3 detr\u00e1s de la l\u00ednea de partida de su primera carrera de 100 metros: \u201csolo sab\u00eda que ten\u00eda que empezar a correr cuando sonara el disparo y cruzar la l\u00ednea blanca al final &hellip; <a href=\"https:\/\/unifranz.edu.bo\/pt\/blog\/bruno-rojas-el-camino-de-la-resiliencia-conduce-al-exito\/\">Continued<\/a><\/p>","protected":false},"author":45,"featured_media":103583,"comment_status":"open","ping_status":"open","sticky":false,"template":"","format":"standard","meta":{"_acf_changed":false,"footnotes":""},"categories":[60,2592,1004,1864,1708,2640,2386,2442,2646,1782],"tags":[334,1650,2648,1800,1796,242],"class_list":["post-103580","post","type-post","status-publish","format-standard","has-post-thumbnail","hentry","category-blog","category-empoderamiento","category-estudiantes","category-futuro","category-innovacion","category-lideres","category-tedx","category-tedx-es","category-transformadores-del-futuro","category-unifranz","tag-futuro","tag-mejores-universidades-de-bolivia","tag-ted","tag-tedx-es","tag-tedxunifranz","tag-unifranz"],"acf":[],"_links":{"self":[{"href":"https:\/\/unifranz.edu.bo\/pt\/wp-json\/wp\/v2\/posts\/103580","targetHints":{"allow":["GET"]}}],"collection":[{"href":"https:\/\/unifranz.edu.bo\/pt\/wp-json\/wp\/v2\/posts"}],"about":[{"href":"https:\/\/unifranz.edu.bo\/pt\/wp-json\/wp\/v2\/types\/post"}],"author":[{"embeddable":true,"href":"https:\/\/unifranz.edu.bo\/pt\/wp-json\/wp\/v2\/users\/45"}],"replies":[{"embeddable":true,"href":"https:\/\/unifranz.edu.bo\/pt\/wp-json\/wp\/v2\/comments?post=103580"}],"version-history":[{"count":1,"href":"https:\/\/unifranz.edu.bo\/pt\/wp-json\/wp\/v2\/posts\/103580\/revisions"}],"predecessor-version":[{"id":103584,"href":"https:\/\/unifranz.edu.bo\/pt\/wp-json\/wp\/v2\/posts\/103580\/revisions\/103584"}],"wp:featuredmedia":[{"embeddable":true,"href":"https:\/\/unifranz.edu.bo\/pt\/wp-json\/wp\/v2\/media\/103583"}],"wp:attachment":[{"href":"https:\/\/unifranz.edu.bo\/pt\/wp-json\/wp\/v2\/media?parent=103580"}],"wp:term":[{"taxonomy":"category","embeddable":true,"href":"https:\/\/unifranz.edu.bo\/pt\/wp-json\/wp\/v2\/categories?post=103580"},{"taxonomy":"post_tag","embeddable":true,"href":"https:\/\/unifranz.edu.bo\/pt\/wp-json\/wp\/v2\/tags?post=103580"}],"curies":[{"name":"wp","href":"https:\/\/api.w.org\/{rel}","templated":true}]}}