{"id":103568,"date":"2022-10-27T12:55:18","date_gmt":"2022-10-27T16:55:18","guid":{"rendered":"https:\/\/unifranz.edu.bo\/?p=103568"},"modified":"2022-10-27T13:34:51","modified_gmt":"2022-10-27T17:34:51","slug":"falta-de-informacion-principal-enemiga-para-la-prevencion-del-cancer-de-cuello-uterino","status":"publish","type":"post","link":"https:\/\/unifranz.edu.bo\/pt\/blog\/falta-de-informacion-principal-enemiga-para-la-prevencion-del-cancer-de-cuello-uterino\/","title":{"rendered":"FALTA DE INFORMACI\u00d3N, PRINCIPAL ENEMIGA PARA LA PREVENCI\u00d3N DEL C\u00c1NCER DE CUELLO UTERINO"},"content":{"rendered":"<p><span style=\"color: #000000;\">Seg\u00fan indicadores de la Organizaci\u00f3n Mundial de la Salud (OMS), Bolivia tiene la tasa m\u00e1s alta de mortalidad por c\u00e1ncer de cuello uterino en Latinoam\u00e9rica. Este alarmante dato impuls\u00f3 a un equipo de estudiantes y una docente de la carrera de Enfermer\u00eda de UNIFRANZ El Alto a realizar una investigaci\u00f3n sobre el \u201cnivel de conocimiento sobre prevenci\u00f3n de c\u00e1ncer de cuello uterino en mujeres en edad f\u00e9rtil en el centro de salud Santiago de Huata del segundo trimestre 2022\u201d, la cual fue reconocida con el primer lugar en las Jornadas Nacionales de Investigaci\u00f3n. \u00a0<\/span><\/p>\n<p><span style=\"color: #000000;\">El aporte acad\u00e9mico de esta investigaci\u00f3n permitir\u00e1 trabajar con mayor \u00e9nfasis en la difusi\u00f3n y socializaci\u00f3n de informaci\u00f3n relevante al tema y aunar esfuerzos en pro de prevenir m\u00e1s p\u00e9rdidas humanas a causa de este mal y reducir los \u00edndices de incidencia, tanto a nivel local como nacional.<\/span><\/p>\n<p><span style=\"color: #000000;\">El c\u00e1ncer de cuello uterino es una lesi\u00f3n que se inicia sin s\u00edntomas ni se\u00f1ales para la mujer, y va avanzando hasta convertirse en una lesi\u00f3n maligna que puede afectar otros \u00f3rganos y llevar a la muerte. Sin embargo, seg\u00fan datos oficiales, se ha demostrado que es el m\u00e1s prevenible y tratable en estadios in\u00edciales, siempre y cuando se sigan las conductas adecuadas.<\/span><\/p>\n<p><span style=\"color: #000000;\">Este tipo de c\u00e1ncer es el cuarto m\u00e1s frecuente en las mujeres de todo el mundo y una de las causas m\u00e1s comunes de muerte por c\u00e1ncer en mujeres, seg\u00fan la OMS que adem\u00e1s se\u00f1ala que Bolivia tiene la tasa m\u00e1s alta de incidencia de Am\u00e9rica con 55.56 por cada 100 mil mujeres y 26.3 de cada 100 mil mujeres mueren por esta causa, cifra m\u00e1s alta en Latinoam\u00e9rica.<\/span><\/p>\n<p><span style=\"color: #000000;\">Un estudio realizado por el Instituto Nacional de Laboratorios de Salud (INLASA) sobre muestras citol\u00f3gicas de las ciudades de La Paz y El Alto advierte que la enfermedad es cada vez m\u00e1s frecuente en mujeres j\u00f3venes de entre 25 y 40 a\u00f1os. Seg\u00fan la investigaci\u00f3n, \u00abla edad media de lesiones de bajo grado era de 25 a\u00f1os, 28 a\u00f1os para las lesiones de alto grado y 38 a\u00f1os para los carcinomas in situ\u201d. A pesar de la recurrencia de la enfermedad y su impacto en los \u00edndices de mortalidad materna, las coberturas de tamizaje (prueba de Papanicolau PAP) son muy bajas, poco m\u00e1s de 300 mil pruebas de PAP frente a una cantidad esperada de 725 mil.<\/span><\/p>\n<p><span style=\"color: #000000;\"><strong>EL ESTUDIO<\/strong><\/span><\/p>\n<p><span style=\"color: #000000;\">El equipo investigador estuvo conformado por: Vanesa Blanco Mamani, Mery Keit Llanos, Jharenis Quisbert Macuchapi, todas estudiantes de sexto semestre de la asignatura Proyecto Integrador Intermedio 1 y Mar\u00eda Eugenia Huanca, docente de Enfermer\u00eda en Unifranz El Alto.<\/span><\/p>\n<p><span style=\"color: #000000;\">Con una muestra de 30 mujeres en edad f\u00e9rtil (MEF) con una vida sexual iniciada, la investigaci\u00f3n fue realizada mediante metodolog\u00eda cuantitativa y un dise\u00f1o de investigaci\u00f3n descriptivo observacional. Durante el desarrollo de la misma se aplic\u00f3 una encuesta a la poblaci\u00f3n objetiva.<\/span><\/p>\n<p><span style=\"color: #000000;\">En cuanto a los resultados del estudio, respecto al nivel de conocimiento sobre el c\u00e1ncer cervical uterino y el PAP en el p\u00fablico objetivo, los resultados muestran un 70% de nivel de desconocimiento sobre la prevenci\u00f3n del c\u00e1ncer de cuello uterino, seguido del 50% que desconoce el examen ginecol\u00f3gico del Papanicolaou.<\/span><\/p>\n<p><span style=\"color: #000000;\">\u201cEn la actualidad, este mal representa un problema preocupante en la salud de la poblaci\u00f3n femenina, porque la mayor\u00eda de los casos se diagnostican de forma tard\u00eda, siendo las mujeres en edad f\u00e9rtil las que representan mayor riesgo para adquirir esta enfermedad\u201d, afirma la docente y destaca que el otro factor relevante para la alta incidencia es la escasa informaci\u00f3n y educaci\u00f3n sobre medidas preventivas existente en las zonas rurales.<\/span><\/p>\n<p><span style=\"color: #000000;\">Sobre las causas que llevan a las mujeres a no realizarse el examen ginecol\u00f3gico del PAP, el 87% responde que tiene temor al examen ginecol\u00f3gico, mientras que un 97% preferir\u00edan ser atendidas por especialistas mujeres y no as\u00ed por varones; asimismo, se concluye que las campa\u00f1as realizadas por personal de salud del centro Santiago de Huata son muy escasas.<\/span><\/p>\n<p><span style=\"color: #000000;\">Mery Keit Llanos, estudiante miembro del equipo investigador, destaca la relevancia en la investigaci\u00f3n de este tipo de problemas, como parte de la funci\u00f3n social de la carrera en beneficio de la sociedad, dado que \u201cmedir el nivel de conocimiento que tienen las mujeres del sector y brindar informaci\u00f3n sobre el c\u00e1ncer c\u00e9rvico uterino es muy importante para as\u00ed poder prevenir esta enfermedad\u201d. Por su parte, Vanesa Blanco, afirma que \u00aben la actualidad podemos ver muchas enfermedades a temprana edad que pueden prevenirse a tiempo, sin embargo, se pudo observar que hay personas que no tienen conocimiento. Para m\u00ed, concientizar a la comunidad\u00a0 ha sido una gran experiencia\u00bb<\/span><\/p>\n<p><span style=\"color: #000000;\">Durante el desarrollo del estudio, de igual forma se realizaron acciones de intervenci\u00f3n en MEF, con charlas educativas sobre el tema del Papanicolaou en el Centro de Salud, donde el equipo investigador brind\u00f3 informaci\u00f3n oportuna de prevenci\u00f3n de la enfermedad.<\/span><\/p>\n<p><span style=\"color: #000000;\">A partir de la intervenci\u00f3n realizada, se espera incrementar el desarrollo de actividades educativas del componente central de los Programas de Promoci\u00f3n de la Salud y Prevenci\u00f3n de la enfermedad del c\u00e1ncer del cuello uterino, en pro de fortalecer las acciones del Servicio de Salud de Santiago de Huata.<\/span><\/p>\n<p><span style=\"color: #000000;\">\u201cLas acciones encaminadas deben estar dirigidas a modificar actitudes y pr\u00e1cticas a elevar conocimientos sobre la prevenci\u00f3n del c\u00e1ncer cervical y el control del examen ginecol\u00f3gico del Papanicolaou y la competencia del personal de salud involucrado y prestar especial atenci\u00f3n a los grupos vulnerables, espec\u00edficamente adolescentes y j\u00f3venes, pero tambi\u00e9n a la poblaci\u00f3n en sentido general\u201d, puntualiz\u00f3 Huanca.<\/span><\/p>\n<p><span style=\"color: #000000;\"><strong>PREVENCI\u00d3N<\/strong><\/span><\/p>\n<ul>\n<li><span style=\"color: #000000;\">La Ley N\u00ba 252, vigente desde julio de 2012, establece la tolerancia de un d\u00eda h\u00e1bil al a\u00f1o para las servidoras p\u00fablicas y trabajadoras que se sometan al examen m\u00e9dico de Papanicolaou y Mamograf\u00eda.<\/span><\/li>\n<li><span style=\"color: #000000;\">Se recomienda la realizaci\u00f3n de controles ginecol\u00f3gicos y de mama de forma anual.<\/span><\/li>\n<li><span style=\"color: #000000;\">Los estudios antes mencionados no son invasivos, son de f\u00e1cil realizaci\u00f3n y con alta efectividad en el diagn\u00f3stico temprano, por ello son el m\u00e9todo m\u00e1s eficaz de control de la salud femenina.<\/span><\/li>\n<li><span style=\"color: #000000;\">Recibir una vacuna para prevenir la infecci\u00f3n por el VPH puede reducir el riesgo de c\u00e1ncer de cuello uterino y otros c\u00e1nceres. Preg\u00fantale a tu m\u00e9dico si la vacuna contra el VPH es apropiada para ti.<\/span><\/li>\n<li><span style=\"color: #000000;\">Las pruebas de Papanicolaou pueden detectar afecciones precancerosas del cuello uterino, por lo que pueden ser monitoreadas o tratadas para prevenir este tipo de c\u00e1ncer.<\/span><\/li>\n<li><span style=\"color: #000000;\">Tener una vida sexual responsable puede reducir considerablemente el riesgo de c\u00e1ncer de cuello uterino.<\/span><\/li>\n<\/ul>","protected":false},"excerpt":{"rendered":"<p>Seg\u00fan indicadores de la Organizaci\u00f3n Mundial de la Salud (OMS), Bolivia tiene la tasa m\u00e1s alta de mortalidad por c\u00e1ncer de cuello uterino en Latinoam\u00e9rica. Este alarmante dato impuls\u00f3 a un equipo de estudiantes y una docente de la carrera de Enfermer\u00eda de UNIFRANZ El Alto a realizar una investigaci\u00f3n sobre el \u201cnivel de conocimiento &hellip; <a href=\"https:\/\/unifranz.edu.bo\/pt\/blog\/falta-de-informacion-principal-enemiga-para-la-prevencion-del-cancer-de-cuello-uterino\/\">Continued<\/a><\/p>","protected":false},"author":25,"featured_media":103569,"comment_status":"open","ping_status":"open","sticky":false,"template":"","format":"standard","meta":{"_acf_changed":false,"footnotes":""},"categories":[60,2174,1862,302,1004,1708,2858,1636,2402,1900,1878,1782],"tags":[47,603,386,1422,242],"class_list":["post-103568","post","type-post","status-publish","format-standard","has-post-thumbnail","hentry","category-blog","category-certificacion","category-educacion","category-el-alto","category-estudiantes","category-innovacion","category-innovacion-en-educacion","category-investigacion","category-jornadas-unifranz-de-investigacion","category-mercosur","category-salud","category-unifranz","tag-el-alto","tag-enfermeria","tag-estudiantes","tag-innovacion-en-educacion","tag-unifranz"],"acf":[],"_links":{"self":[{"href":"https:\/\/unifranz.edu.bo\/pt\/wp-json\/wp\/v2\/posts\/103568","targetHints":{"allow":["GET"]}}],"collection":[{"href":"https:\/\/unifranz.edu.bo\/pt\/wp-json\/wp\/v2\/posts"}],"about":[{"href":"https:\/\/unifranz.edu.bo\/pt\/wp-json\/wp\/v2\/types\/post"}],"author":[{"embeddable":true,"href":"https:\/\/unifranz.edu.bo\/pt\/wp-json\/wp\/v2\/users\/25"}],"replies":[{"embeddable":true,"href":"https:\/\/unifranz.edu.bo\/pt\/wp-json\/wp\/v2\/comments?post=103568"}],"version-history":[{"count":5,"href":"https:\/\/unifranz.edu.bo\/pt\/wp-json\/wp\/v2\/posts\/103568\/revisions"}],"predecessor-version":[{"id":103578,"href":"https:\/\/unifranz.edu.bo\/pt\/wp-json\/wp\/v2\/posts\/103568\/revisions\/103578"}],"wp:featuredmedia":[{"embeddable":true,"href":"https:\/\/unifranz.edu.bo\/pt\/wp-json\/wp\/v2\/media\/103569"}],"wp:attachment":[{"href":"https:\/\/unifranz.edu.bo\/pt\/wp-json\/wp\/v2\/media?parent=103568"}],"wp:term":[{"taxonomy":"category","embeddable":true,"href":"https:\/\/unifranz.edu.bo\/pt\/wp-json\/wp\/v2\/categories?post=103568"},{"taxonomy":"post_tag","embeddable":true,"href":"https:\/\/unifranz.edu.bo\/pt\/wp-json\/wp\/v2\/tags?post=103568"}],"curies":[{"name":"wp","href":"https:\/\/api.w.org\/{rel}","templated":true}]}}