{"id":103567,"date":"2022-10-27T13:16:42","date_gmt":"2022-10-27T17:16:42","guid":{"rendered":"https:\/\/unifranz.edu.bo\/?p=103567"},"modified":"2022-10-27T13:16:42","modified_gmt":"2022-10-27T17:16:42","slug":"bolivia-sera-sede-del-congreso-internacional-de-liderazgo-y-coaching-para-promover-lideres-con-cultura-de-innovacion","status":"publish","type":"post","link":"https:\/\/unifranz.edu.bo\/pt\/blog\/bolivia-sera-sede-del-congreso-internacional-de-liderazgo-y-coaching-para-promover-lideres-con-cultura-de-innovacion\/","title":{"rendered":"BOLIVIA SER\u00c1 SEDE DEL CONGRESO INTERNACIONAL DE LIDERAZGO Y COACHING PARA PROMOVER L\u00cdDERES CON CULTURA DE INNOVACI\u00d3N"},"content":{"rendered":"<p><span style=\"color: #000000;\"><span style=\"letter-spacing: 0.02em;\">El contexto disruptivo en el que convivimos requiere de liderazgos que influyan, motiven, organicen y lleven a cabo acciones para lograr objetivos de nuestras organizaciones. El \u00e9xito empresarial en el mundo tiene en com\u00fan el impulso a la cultura innovaci\u00f3n promovida por sus l\u00edderes; ah\u00ed la importancia de formar equipos diversos de alto rendimiento, con figuras claves que impulsen la productividad en las empresas.<\/span><\/span><\/p>\n<p><span style=\"color: #000000;\">Conscientes de su importancia, la Universidad Franz Tamayo, UNIFRANZ, a trav\u00e9s de su \u00e1rea de postgrado impulsa la quinta versi\u00f3n del \u201cCongreso Internacional de Liderazgo y Coaching, Formando Equipos Diversos de Alto Rendimiento \u2013Nal\u201d, con la participaci\u00f3n de ocho expertos nacionales e internacionales de Colombia, Espa\u00f1a, Argentina y Bolivia.\u00a0\u201cLlegar a los resultados y metas que las empresas se ponen para subsistir y crecer representa un esfuerzo tanto de los l\u00edderes como de todos los colaboradores\u201d, dice Emilio Evia, Vicerrector de Postgrado UNIFRANZ.<\/span><\/p>\n<p><span style=\"color: #000000;\">El Congreso Internacional de Liderazgo y Coaching se desarrollar\u00e1 el 1 y 2 de diciembre en la ciudad de Santa Cruz. El evento est\u00e1 dirigido a mandos medios de todas las empresas, no importando su rubro; los l\u00edderes son necesarios y est\u00e1n en todas las empresas, privadas, p\u00fablicas, de salud, de exportaciones, en distintos niveles del estado, entre otros.<\/span><\/p>\n<p><span style=\"color: #000000;\">El objetivo es sumar en la gesti\u00f3n de equipos de alto rendimiento, que funcionen de manera casi aut\u00f3noma, que generen productividad en el cumplimiento de objetivos, bajo la visi\u00f3n de un liderazgo integrador, no autoritario, que se preocupa por entender la manera de trabajar de cada uno de sus miembros y sus necesidades particulares.<\/span><\/p>\n<p><span style=\"color: #000000;\">Las grandes empresas ya no buscan jefes, requieren de capital humano con talento, verdaderos l\u00edderes con la<strong>\u00a0<\/strong>habilidad de influir en los dem\u00e1s para conseguir objetivos, que descubran el<strong>\u00a0<\/strong>m\u00e1ximo potencial de sus trabajadores para satisfacer las necesidades de la empresa.<\/span><\/p>\n<figure id=\"attachment_103573\" aria-describedby=\"caption-attachment-103573\" style=\"width: 763px\" class=\"wp-caption aligncenter\"><img loading=\"lazy\" decoding=\"async\" class=\"wp-image-103573\" src=\"https:\/\/unifranz.edu.bo\/wp-content\/uploads\/2022\/10\/Captura-de-Pantalla-2022-10-27-a-las-13.14.07-300x200.png\" alt=\"\" width=\"763\" height=\"508\" srcset=\"https:\/\/unifranz.edu.bo\/wp-content\/uploads\/2022\/10\/Captura-de-Pantalla-2022-10-27-a-las-13.14.07-300x200.png 300w, https:\/\/unifranz.edu.bo\/wp-content\/uploads\/2022\/10\/Captura-de-Pantalla-2022-10-27-a-las-13.14.07-1536x1025.png 1536w, https:\/\/unifranz.edu.bo\/wp-content\/uploads\/2022\/10\/Captura-de-Pantalla-2022-10-27-a-las-13.14.07-2048x1367.png 2048w, https:\/\/unifranz.edu.bo\/wp-content\/uploads\/2022\/10\/Captura-de-Pantalla-2022-10-27-a-las-13.14.07-18x12.png 18w\" sizes=\"auto, (max-width: 763px) 100vw, 763px\" \/><figcaption id=\"caption-attachment-103573\" class=\"wp-caption-text\"><span style=\"color: #000000;\">Emilio Evia, Vicerrector de Postgrado UNIFRANZ<\/span><\/figcaption><\/figure>\n<p><span style=\"color: #000000;\"><strong>Speakers del Congreso<\/strong><\/span><\/p>\n<p><span style=\"color: #000000;\">Los speakers que ser\u00e1n parte del Congreso, centran su experiencia en aspectos destacados de liderazgo y caoching, impactan vidas y ayudan a empresas a desarrollar sus equipos con una mirada de inclusi\u00f3n y diversidad.<\/span><\/p>\n<p><span style=\"color: #000000;\">Christian Ramos, Gerente de Felicidad Organizacional, docente, terapeuta hol\u00edstico. analista y consultor en LinkedIn para organizaciones, escritor, autor Bestseller en Amazon, maestro y conferencista en su ponencia activa tu liderazgo, plantea su \u00a0\u201cPrograma de Mejoramiento Humano\u201d, que utiliza tecnolog\u00eda e informaci\u00f3n de amor para despertar el potencial humano a trav\u00e9s de procesos internos, logrando resultados medibles, verificables y al alcance de todos, mejorando el \u201chacer desde el ser\u201d con el respaldo de la ciencia porque est\u00e1 convencido que el l\u00edder, es el encargado de mejorar la motivaci\u00f3n de los empleados, logrando un ambiente id\u00f3neo para el mejor desarrollo de trabajo.<\/span><\/p>\n<p><span style=\"color: #000000;\">\u00c1ngela Kohler, psic\u00f3loga, con maestr\u00edas, especializaciones en las \u00e1reas de administraci\u00f3n, certificada como mentora, con m\u00e1s de veinte a\u00f1os de experiencia en cargos de Gerencia en el sector P\u00fablico, liderando equipos de m\u00e1s de mil personas, llegar\u00e1 al Congreso a develar y gestionar coaching del modelo de liderazgo que implementan empresa como LinkedIn, Google y alcald\u00edas de Estados Unidos.<\/span><\/p>\n<p><span style=\"color: #000000;\">El\u00a0l\u00edder de hoy utiliza el \u201ccoaching\u201d, porque contribuye a mejorar el rendimiento del personal, mejora su trato con su equipo y es un factor clave del estilo de liderazgo. El l\u00edder que daba \u00f3rdenes qued\u00f3 en el pasado, el mundo actual exige que los l\u00edderes utilicen inteligencia emocional. \u00a0\u201cDeseo que las empresas logren sus metas desde un enfoque humanista, para ello pongo al servicio mi modelo de competencias de Liderazgo Innovador\u201d, apunta Kohler.<\/span><\/p>\n<p><span style=\"color: #000000;\">Ver\u00f3nica \u00c1greda de Pazos Arq. DESA, Rectora Nacional de UNIFRANZ, alineada a potenciar la innovaci\u00f3n y el liderazgo femenino, a trav\u00e9s del Instituto de la Mujer y Empresa, IME, ha potenciado a m\u00e1s de 6.000 mujeres en innovaci\u00f3n y liderazgo femenino en Bolivia, consciente de que necesitan las mejores herramientas para crear las mejores empresas del siglo 21. Es Co-founder and CEO del IME, Preside el Nodo Bolivia en The Millennium Projet, Trabaj\u00f3 como Embajadora para Bolivia en Women\u00b4s Entrepreneurship Day Organization y ser\u00e1 speaker en el Congreso.<\/span><\/p>\n<p><span style=\"color: #000000;\">Jean Carla, conferencista, escritora, coach ejecutiva y de vida con formaci\u00f3n acad\u00e9mica en teolog\u00eda, pedagog\u00eda social y psicolog\u00eda familiar, es otra de las destacadas expertas que ser\u00e1 parte del evento.\u00a0Ha sido reconocida como autora latina en el tema de crecimiento y desarrollo personal en Miami por su libro \u201cCasi Todo es Otra Cosa\u201d, editada el 2017.<\/span><\/p>\n<p><span style=\"color: #000000;\">La colombiana\u00a0Mar\u00eda Emma Lucia Mart\u00ednez M\u00e9ndez, psic\u00f3loga cl\u00ednica, CEO de marca personal, Speaker del TEDx y mentora honor\u00edfica de la Red Global de Mentores, RGM, ser\u00e1 otra de las motivadoras del evento. \u00a0Hace 20 a\u00f1os estudia, analiza y construye el modelo \u201cPAM\u00bb (Proceso, Aceptaci\u00f3n incondicional, Metamorfosis), basado en el perd\u00f3n como base de la metamorfosis de la construcci\u00f3n de un l\u00edder que piense, sienta y actu\u00e9.<\/span><\/p>\n<p><span style=\"color: #000000;\">Junto a Mart\u00ednez M\u00e9ndez estar\u00e1 Jos\u00e9 Mar\u00eda Reyes Garc\u00eda de nacionalidad espa\u00f1ola, experto\u00a0en turismo, implantaci\u00f3n y desarrollo de nuevos proyectos,\u00a0ventas y el Marketing Off Line y On Linea;\u00a0Gerente General de Radisson Golf&amp;Spa Santa Cruz de la Sierra, entre otros.<\/span><\/p>\n<p><span style=\"color: #000000;\">Postgrado UNIFRANZ ha reunido en esta versi\u00f3n a expertos internacionales de gran renombre y \u00e9xito en la aplicaci\u00f3n del coaching y entrenamiento del Liderazgo, como\u00a0Jos\u00e9 Jimeno, qui\u00e9n cuenta con m\u00e1s de 12 a\u00f1os de experiencia en gesti\u00f3n de personas, habiendo desempe\u00f1ado cargos ejecutivos en diferentes instituciones reconocidas del pa\u00eds, docente de postgrado y facilitador independiente. Es economista, con una maestr\u00eda en Administraci\u00f3n y Direcci\u00f3n de Empresas, Diplomados en Microfinanzas y Gesti\u00f3n Gerencial, con especializaci\u00f3n en Desarrollo del Talento Humano y metodolog\u00edas \u00e1giles, es Coach Ontol\u00f3gico Acreditado (FICOP), Coach Profesional y de Equipos (ACTP) y miembro del cap\u00edtulo ICF Bolivia.<\/span><\/p>\n<p><span style=\"color: #000000;\">Para Pedro Cabrera, Magister en Marketing y Ventas, la comunicaci\u00f3n es vital. Es estratega de comunicaci\u00f3n y marketing, asesor\u00f3 a clientes como Coca Cola, Apple,\u00a0Xerox, Burger King, American Airlines, Firestone, DHL, Toyota, Hoteles Hilton, entre otros\u00a0tantos. Cabrera ser\u00e1 parte del Congreso, como profesional argentino graduado en Organizaci\u00f3n de Empresas y Comunicaci\u00f3n.<\/span><\/p>\n<p><span style=\"color: #000000;\">El Congreso Internacional de Liderazgo y Coaching ser\u00e1 un espacio de construcci\u00f3n del perfil del nuevo l\u00edder, que\u00a0act\u00fae con decisi\u00f3n para superar las amenazas y caminar hacia el \u00e9xito.\u00a0Si quieres ser parte del evento, inscr\u00edbete aqu\u00ed:\u00a0<a style=\"color: #000000;\" href=\"https:\/\/portalpostgrado.unifranz.edu.bo\/index.php\/site\/index\">https:\/\/portalpostgrado.unifranz.edu.bo\/index.php\/site\/index<\/a><\/span><\/p>\n<p>&nbsp;<\/p>\n<p>&nbsp;<\/p>","protected":false},"excerpt":{"rendered":"<p>El contexto disruptivo en el que convivimos requiere de liderazgos que influyan, motiven, organicen y lleven a cabo acciones para lograr objetivos de nuestras organizaciones. El \u00e9xito empresarial en el mundo tiene en com\u00fan el impulso a la cultura innovaci\u00f3n promovida por sus l\u00edderes; ah\u00ed la importancia de formar equipos diversos de alto rendimiento, con &hellip; <a href=\"https:\/\/unifranz.edu.bo\/pt\/blog\/bolivia-sera-sede-del-congreso-internacional-de-liderazgo-y-coaching-para-promover-lideres-con-cultura-de-innovacion\/\">Continued<\/a><\/p>","protected":false},"author":45,"featured_media":103572,"comment_status":"open","ping_status":"open","sticky":false,"template":"","format":"standard","meta":{"_acf_changed":false,"footnotes":""},"categories":[60,2146,1708,2640],"tags":[266,2642,210,170,2644,242],"class_list":["post-103567","post","type-post","status-publish","format-standard","has-post-thumbnail","hentry","category-blog","category-congreso-es","category-innovacion","category-lideres","tag-bolivia","tag-congreso-internacional-de-liderazgo-y-coaching","tag-innovacion","tag-lideres","tag-promueve","tag-unifranz"],"acf":[],"_links":{"self":[{"href":"https:\/\/unifranz.edu.bo\/pt\/wp-json\/wp\/v2\/posts\/103567","targetHints":{"allow":["GET"]}}],"collection":[{"href":"https:\/\/unifranz.edu.bo\/pt\/wp-json\/wp\/v2\/posts"}],"about":[{"href":"https:\/\/unifranz.edu.bo\/pt\/wp-json\/wp\/v2\/types\/post"}],"author":[{"embeddable":true,"href":"https:\/\/unifranz.edu.bo\/pt\/wp-json\/wp\/v2\/users\/45"}],"replies":[{"embeddable":true,"href":"https:\/\/unifranz.edu.bo\/pt\/wp-json\/wp\/v2\/comments?post=103567"}],"version-history":[{"count":1,"href":"https:\/\/unifranz.edu.bo\/pt\/wp-json\/wp\/v2\/posts\/103567\/revisions"}],"predecessor-version":[{"id":103574,"href":"https:\/\/unifranz.edu.bo\/pt\/wp-json\/wp\/v2\/posts\/103567\/revisions\/103574"}],"wp:featuredmedia":[{"embeddable":true,"href":"https:\/\/unifranz.edu.bo\/pt\/wp-json\/wp\/v2\/media\/103572"}],"wp:attachment":[{"href":"https:\/\/unifranz.edu.bo\/pt\/wp-json\/wp\/v2\/media?parent=103567"}],"wp:term":[{"taxonomy":"category","embeddable":true,"href":"https:\/\/unifranz.edu.bo\/pt\/wp-json\/wp\/v2\/categories?post=103567"},{"taxonomy":"post_tag","embeddable":true,"href":"https:\/\/unifranz.edu.bo\/pt\/wp-json\/wp\/v2\/tags?post=103567"}],"curies":[{"name":"wp","href":"https:\/\/api.w.org\/{rel}","templated":true}]}}