{"id":101287,"date":"2022-09-16T20:10:40","date_gmt":"2022-09-17T00:10:40","guid":{"rendered":"https:\/\/unifranz.edu.bo\/?p=101287"},"modified":"2022-09-16T20:19:48","modified_gmt":"2022-09-17T00:19:48","slug":"futures-week-2022-reune-a-lideres-altenos-para-visionar-el-alto-hacia-el-2030","status":"publish","type":"post","link":"https:\/\/unifranz.edu.bo\/pt\/eventos\/futures-week-2022-reune-a-lideres-altenos-para-visionar-el-alto-hacia-el-2030\/","title":{"rendered":"FUTURES WEEK 2022 RE\u00daNE A L\u00cdDERES PARA VISIONAR EL ALTO HACIA EL 2030"},"content":{"rendered":"<p><span style=\"color: #000000;\">Por quinto a\u00f1o consecutivo, la Universidad Privada Franz Tamayo \u2013 UNIFRANZ &#8211; ser\u00e1 el punto de encuentro del Futures Week \u2013 la semana del futuro \u2013 un encuentro de an\u00e1lisis, reflexi\u00f3n y co-creaci\u00f3n del futuro de la ciudad de El Alto con una mirada al 2030, que por vez primera ser\u00e1 sede de este importante evento, entre el 27 al 30 de septiembre de 2022, y reunir\u00e1 a 200 j\u00f3venes l\u00edderes y 28 expertos nacionales e internacionales.<\/span><\/p>\n<p><span style=\"color: #000000;\">El acto de lanzamiento del Futures Week, impulsado por UNIFRANZ, reuni\u00f3 a importantes actores del desarrollo de El Alto y Bolivia como: Freddy Mamani, Arquitecto de la tendencia Cholet, Mar\u00eda Cristina \u201cChichi\u201d Soto, Presidenta de la CAINCO El Alto, Roberto de la Cruz, Ex dirigente de la COR El Alto, Elvin Linares, Vocero de la Alcaldesa de El Alto, Diego Suarez y Patricia Choque, representantes del PNUD en Bolivia y Eve Gomez, Vicerrectora UNIFRANZ Sede El Alto.<\/span><\/p>\n<p><span style=\"color: #000000;\">\u201cEl Alto, el 2030, para nosotros es una ciudad modelo, una ciudad del futuro, inteligente, una tecn\u00f3polis, donde la ciencia, la tecnolog\u00eda, la industria y el arte puedan encontrar su expresi\u00f3n; y contin\u00fae siendo la fuerza social, vital, que impulsa las decisiones del pa\u00eds, pero desde un liderazgo transformacional, desde un repensar el futuro, desde un marco de trabajo con visi\u00f3n de futuro, afirm\u00f3 Eve Gomez, vicerrectora de Unifranz El Alto, a tiempo de so\u00f1ar El Alto del futuro.<\/span><\/p>\n<figure id=\"attachment_101335\" aria-describedby=\"caption-attachment-101335\" style=\"width: 459px\" class=\"wp-caption aligncenter\"><img loading=\"lazy\" decoding=\"async\" class=\"wp-image-101335\" src=\"https:\/\/unifranz.edu.bo\/wp-content\/uploads\/2022\/09\/2-1024x683.jpg\" alt=\"\" width=\"459\" height=\"306\" srcset=\"https:\/\/unifranz.edu.bo\/wp-content\/uploads\/2022\/09\/2-1024x683.jpg 1024w, https:\/\/unifranz.edu.bo\/wp-content\/uploads\/2022\/09\/2-300x200.jpg 300w, https:\/\/unifranz.edu.bo\/wp-content\/uploads\/2022\/09\/2-768x512.jpg 768w, https:\/\/unifranz.edu.bo\/wp-content\/uploads\/2022\/09\/2-1536x1024.jpg 1536w, https:\/\/unifranz.edu.bo\/wp-content\/uploads\/2022\/09\/2-2048x1365.jpg 2048w, https:\/\/unifranz.edu.bo\/wp-content\/uploads\/2022\/09\/2-18x12.jpg 18w\" sizes=\"auto, (max-width: 459px) 100vw, 459px\" \/><figcaption id=\"caption-attachment-101335\" class=\"wp-caption-text\"><span style=\"color: #000000;\">\u00a0 \u00a0 \u00a0 \u00a0 \u00a0 \u00a0 \u00a0 \u00a0Eve Gomez, vicerrectora de Unifranz El Alto<\/span><\/figcaption><\/figure>\n<h6><\/h6>\n<h6><span style=\"color: #000000;\"><strong>EL ALTO HACIA EL 2030<\/strong><\/span><\/h6>\n<p><span style=\"color: #000000;\">A 37 a\u00f1os de su fundaci\u00f3n, la ciudad de El Alto, la m\u00e1s joven y segunda m\u00e1s poblada de Bolivia, se constituye en ejemplo de pujanza e iniciativa, mostr\u00e1ndose como l\u00edder de emprendedurismo y cuyo principal motor radica en su gente creativa, visionaria e incansablemente trabajadora. Su ubicaci\u00f3n geogr\u00e1fica, a m\u00e1s de 4.000 metros sobre el nivel del mar, la hacen apta para convertirse en la tecn\u00f3polis \u2013centro tecnol\u00f3gico\u2013 m\u00e1s alta del mundo para el a\u00f1o 2030.<\/span><\/p>\n<p><span style=\"color: #000000;\">El futuro de la educaci\u00f3n, trabajo, salud, medio ambiente y de las ciudades, ser\u00e1n los ejes tem\u00e1ticos sobre los que se trabajar\u00e1 durante cuatro d\u00edas, con la visi\u00f3n puesta en la ciudad de El Alto con caracter\u00edsticas de una ciudad modelo, amigable y sustentable hacia el a\u00f1o 2030.<\/span><\/p>\n<p><span style=\"color: #000000;\">Freddy Mamani, arquitecto creador de la que \u00e9l denomina \u201carquitectura neoandina\u201d, popularmente conocida como arquitectura cholet, a tiempo de so\u00f1ar con El Alto 2030 reconoci\u00f3 la proyecci\u00f3n de que El Alto se convierta en una Metr\u00f3poli debido a sus caracter\u00edsticas particulares, sin embargo, inst\u00f3 a trabajar en la mejora de diversos aspectos como el transporte, comercio, seguridad, turismo espacios de recreaci\u00f3n, sistemas de conexi\u00f3n pluvial, entre otros. \u201cAportemos con lo que podamos, desde las universidades tenemos que trabajar conjuntamente con nuestras autoridades\u201d.<\/span><\/p>\n<p><span style=\"color: #000000;\">En representaci\u00f3n del Programa de las Naciones Unidas para el Desarrollo (PNUD), Diego Su\u00e1rez reafirm\u00f3 su satisfacci\u00f3n por compartir \u201clas experiencias que se est\u00e1n haciendo, trabajar las nuevas metodolog\u00edas del levantamiento de informaci\u00f3n y de trabajo con los ciudadanos que tenemos actualmente (\u2026) Vemos este espacio muy bueno para el nuevo canal de escucha de los j\u00f3venes, para que ellos mismos puedan construir y vean el futuro de su ciudad\u201d.\u00a0<\/span><\/p>\n<p><span style=\"color: #000000;\">El trabajo a realizarse en las diversas mesas de trabajo, a lo largo de los cuatro d\u00edas del Futures Week arrojar\u00e1 importantes conclusiones respecto a los cinco ejes. El objetivo apunta a que estos puntos sean incluidos en los diferentes planes de desarrollo municipales, por lo que el rol del Gobierno Municipal es fundamental.<\/span><\/p>\n<p><span style=\"color: #000000;\">\u201cPodr\u00eda ser una oportunidad para que las conclusiones de las mesas de trabajo puedan retroalimentar a los diferentes planes de desarrollo ya establecidos por el municipio (\u2026) Queremos so\u00f1ar en esta semana de trabajo, pero con los pies en la tierra. Debemos ser autocr\u00edticos para ver en qu\u00e9 momento coyuntural nos encontramos y c\u00f3mo debemos visionar nuestra querida ciudad aprovechando las experiencias de otros pa\u00edses que nos permitan desarrollar nuestra querida ciudad\u201d declar\u00f3 Elvin Linares, vocero de la alcaldesa Eva Copa.<\/span><\/p>\n<p><span style=\"color: #000000;\">Roberto de La Cruz, ex dirigente de la COR de El Alto, y abogado ind\u00edgena, personaje importante de las reivindicaciones sociales y protagonista de varios momentos hist\u00f3ricos de la ciudad, como Roberto de la Cruz, destac\u00f3 que por \u201cprimera vez en la ciudad del Alto, una universidad ha tenido la iniciativa de c\u00f3mo ver, observar y planificar la ciudad del Alto con visi\u00f3n futurista, de desarrollo a corto plazo (\u2026) en la que los j\u00f3venes sean protagonistas de convertir a la ciudad metr\u00f3poli\u201d.<\/span><\/p>\n<p><span style=\"color: #000000;\">Al ser una ciudad con un alto perfil comercial, el rol de los micro, medianos y grandes empresarios es muy importante de cara a la construcci\u00f3n de una nueva ciudad, por lo que la C\u00e1mara de Industria, Comercio y Servicios CAINCO El Alto estuvo presente en el lanzamiento de la Semana del Futuro.<\/span><\/p>\n<p><span style=\"color: #000000;\">Durante su intervenci\u00f3n, Mar\u00eda Cristina Soto dijo visualizar a la urbe alte\u00f1a como una ciudad progresista, con fortaleza econ\u00f3mica y aporte al PIB a trav\u00e9s de su cualidad mar\u00edtima, fuerza de trabajo a trav\u00e9s de la juventud y la inmigraci\u00f3n desde las provincias y del resto del pa\u00eds, como de los sectores mineros, \u201cveo (hacia 2030) una gran ciudad consolidada, l\u00edder en Latinoam\u00e9rica, l\u00edder en el mundo, con toda su fuerza de trabajo\u201d.<\/span><\/p>\n<p><span style=\"color: #000000;\">El crecimiento vertiginoso de la urbe alte\u00f1a, tanto poblacional como territorial, es imparable conlleva la imperiosa necesidad de verdaderos cambios que permitan generar progreso y mejorar la calidad de sus habitantes. El Futures Week, a trav\u00e9s de los j\u00f3venes l\u00edderes y las mentes m\u00e1s brillantes del mundo, respecto a los cinco ejes de trabajo, permitir\u00e1 su planificaci\u00f3n con visi\u00f3n de futuro.<\/span><\/p>\n<figure id=\"attachment_101290\" aria-describedby=\"caption-attachment-101290\" style=\"width: 543px\" class=\"wp-caption aligncenter\"><img loading=\"lazy\" decoding=\"async\" class=\"wp-image-101290\" src=\"https:\/\/unifranz.edu.bo\/wp-content\/uploads\/2022\/09\/futures-coberEA-32-1-1-1024x683.jpg\" alt=\"\" width=\"543\" height=\"362\" srcset=\"https:\/\/unifranz.edu.bo\/wp-content\/uploads\/2022\/09\/futures-coberEA-32-1-1-1024x683.jpg 1024w, https:\/\/unifranz.edu.bo\/wp-content\/uploads\/2022\/09\/futures-coberEA-32-1-1-300x200.jpg 300w, https:\/\/unifranz.edu.bo\/wp-content\/uploads\/2022\/09\/futures-coberEA-32-1-1-768x512.jpg 768w, https:\/\/unifranz.edu.bo\/wp-content\/uploads\/2022\/09\/futures-coberEA-32-1-1-1536x1024.jpg 1536w, https:\/\/unifranz.edu.bo\/wp-content\/uploads\/2022\/09\/futures-coberEA-32-1-1-2048x1365.jpg 2048w, https:\/\/unifranz.edu.bo\/wp-content\/uploads\/2022\/09\/futures-coberEA-32-1-1-18x12.jpg 18w\" sizes=\"auto, (max-width: 543px) 100vw, 543px\" \/><figcaption id=\"caption-attachment-101290\" class=\"wp-caption-text\"><span style=\"color: #000000;\">\u00a0 \u00a0 \u00a0 \u00a0 \u00a0 \u00a0 \u00a0 \u00a0 \u00a0 \u00a0 \u00a0 \u00a0 \u00a0 Eve Gomez, vicerrectora de Unifranz El Alto<\/span><\/figcaption><\/figure>\n<figure id=\"attachment_101291\" aria-describedby=\"caption-attachment-101291\" style=\"width: 615px\" class=\"wp-caption aligncenter\"><img loading=\"lazy\" decoding=\"async\" class=\"wp-image-101291\" src=\"https:\/\/unifranz.edu.bo\/wp-content\/uploads\/2022\/09\/futures-coberLP-28-1024x578.jpg\" alt=\"\" width=\"615\" height=\"347\" srcset=\"https:\/\/unifranz.edu.bo\/wp-content\/uploads\/2022\/09\/futures-coberLP-28-1024x578.jpg 1024w, https:\/\/unifranz.edu.bo\/wp-content\/uploads\/2022\/09\/futures-coberLP-28-300x169.jpg 300w, https:\/\/unifranz.edu.bo\/wp-content\/uploads\/2022\/09\/futures-coberLP-28-768x434.jpg 768w, https:\/\/unifranz.edu.bo\/wp-content\/uploads\/2022\/09\/futures-coberLP-28-1536x867.jpg 1536w, https:\/\/unifranz.edu.bo\/wp-content\/uploads\/2022\/09\/futures-coberLP-28-2048x1156.jpg 2048w, https:\/\/unifranz.edu.bo\/wp-content\/uploads\/2022\/09\/futures-coberLP-28-18x10.jpg 18w\" sizes=\"auto, (max-width: 615px) 100vw, 615px\" \/><figcaption id=\"caption-attachment-101291\" class=\"wp-caption-text\"><span style=\"color: #000000;\">\u00a0 \u00a0 \u00a0 \u00a0 \u00a0 \u00a0 \u00a0 \u00a0 \u00a0 \u00a0 \u00a0 \u00a0 Freddy Mamani, protagonista de la arquitectura \u00abcholet\u00bb<\/span><\/figcaption><\/figure>\n<figure id=\"attachment_101289\" aria-describedby=\"caption-attachment-101289\" style=\"width: 499px\" class=\"wp-caption aligncenter\"><img loading=\"lazy\" decoding=\"async\" class=\"wp-image-101289\" src=\"https:\/\/unifranz.edu.bo\/wp-content\/uploads\/2022\/09\/futures-coberLP-8-1024x692.jpg\" alt=\"\" width=\"499\" height=\"337\" srcset=\"https:\/\/unifranz.edu.bo\/wp-content\/uploads\/2022\/09\/futures-coberLP-8-1024x692.jpg 1024w, https:\/\/unifranz.edu.bo\/wp-content\/uploads\/2022\/09\/futures-coberLP-8-300x203.jpg 300w, https:\/\/unifranz.edu.bo\/wp-content\/uploads\/2022\/09\/futures-coberLP-8-768x519.jpg 768w, https:\/\/unifranz.edu.bo\/wp-content\/uploads\/2022\/09\/futures-coberLP-8-1536x1038.jpg 1536w, https:\/\/unifranz.edu.bo\/wp-content\/uploads\/2022\/09\/futures-coberLP-8-2048x1385.jpg 2048w, https:\/\/unifranz.edu.bo\/wp-content\/uploads\/2022\/09\/futures-coberLP-8-18x12.jpg 18w\" sizes=\"auto, (max-width: 499px) 100vw, 499px\" \/><figcaption id=\"caption-attachment-101289\" class=\"wp-caption-text\"><span style=\"color: #000000;\">\u00a0 \u00a0 \u00a0 \u00a0 \u00a0L\u00edderes de diversos sectores participaron del lanzamiento<\/span><\/figcaption><\/figure>\n<figure id=\"attachment_101292\" aria-describedby=\"caption-attachment-101292\" style=\"width: 616px\" class=\"wp-caption aligncenter\"><img loading=\"lazy\" decoding=\"async\" class=\"wp-image-101292\" src=\"https:\/\/unifranz.edu.bo\/wp-content\/uploads\/2022\/09\/futures-coberLP-31-1024x644.jpg\" alt=\"\" width=\"616\" height=\"387\" srcset=\"https:\/\/unifranz.edu.bo\/wp-content\/uploads\/2022\/09\/futures-coberLP-31-1024x644.jpg 1024w, https:\/\/unifranz.edu.bo\/wp-content\/uploads\/2022\/09\/futures-coberLP-31-300x189.jpg 300w, https:\/\/unifranz.edu.bo\/wp-content\/uploads\/2022\/09\/futures-coberLP-31-768x483.jpg 768w, https:\/\/unifranz.edu.bo\/wp-content\/uploads\/2022\/09\/futures-coberLP-31-1536x966.jpg 1536w, https:\/\/unifranz.edu.bo\/wp-content\/uploads\/2022\/09\/futures-coberLP-31-2048x1288.jpg 2048w, https:\/\/unifranz.edu.bo\/wp-content\/uploads\/2022\/09\/futures-coberLP-31-18x12.jpg 18w\" sizes=\"auto, (max-width: 616px) 100vw, 616px\" \/><figcaption id=\"caption-attachment-101292\" class=\"wp-caption-text\"><span style=\"color: #000000;\">\u00a0 \u00a0 \u00a0 \u00a0 \u00a0 \u00a0 \u00a0 \u00a0 \u00a0 \u00a0 \u00a0 \u00a0 \u00a0 \u00a0 \u00a0 \u00a0 \u00a0 \u00a0 \u00a0 \u00a0 \u00a0 \u00a0Lanzamiento del Futures Week 2022<\/span><\/figcaption><\/figure>","protected":false},"excerpt":{"rendered":"<p>Por quinto a\u00f1o consecutivo, la Universidad Privada Franz Tamayo \u2013 UNIFRANZ &#8211; ser\u00e1 el punto de encuentro del Futures Week \u2013 la semana del futuro \u2013 un encuentro de an\u00e1lisis, reflexi\u00f3n y co-creaci\u00f3n del futuro de la ciudad de El Alto con una mirada al 2030, que por vez primera ser\u00e1 sede de este importante &hellip; <a href=\"https:\/\/unifranz.edu.bo\/pt\/eventos\/futures-week-2022-reune-a-lideres-altenos-para-visionar-el-alto-hacia-el-2030\/\">Continued<\/a><\/p>","protected":false},"author":25,"featured_media":101288,"comment_status":"open","ping_status":"open","sticky":false,"template":"","format":"standard","meta":{"_acf_changed":false,"footnotes":""},"categories":[60,1950,1954,1862,302,1004,45,1710,1714,2472,1864,1708,2858,1782],"tags":[53,47,332,334,1422,242],"class_list":["post-101287","post","type-post","status-publish","format-standard","has-post-thumbnail","hentry","category-blog","category-calidad-academica","category-economia","category-educacion","category-el-alto","category-estudiantes","category-eventos","category-expertos","category-fablab","category-futures-week","category-futuro","category-innovacion","category-innovacion-en-educacion","category-unifranz","tag-educacion","tag-el-alto","tag-futures-week","tag-futuro","tag-innovacion-en-educacion","tag-unifranz"],"acf":[],"_links":{"self":[{"href":"https:\/\/unifranz.edu.bo\/pt\/wp-json\/wp\/v2\/posts\/101287","targetHints":{"allow":["GET"]}}],"collection":[{"href":"https:\/\/unifranz.edu.bo\/pt\/wp-json\/wp\/v2\/posts"}],"about":[{"href":"https:\/\/unifranz.edu.bo\/pt\/wp-json\/wp\/v2\/types\/post"}],"author":[{"embeddable":true,"href":"https:\/\/unifranz.edu.bo\/pt\/wp-json\/wp\/v2\/users\/25"}],"replies":[{"embeddable":true,"href":"https:\/\/unifranz.edu.bo\/pt\/wp-json\/wp\/v2\/comments?post=101287"}],"version-history":[{"count":6,"href":"https:\/\/unifranz.edu.bo\/pt\/wp-json\/wp\/v2\/posts\/101287\/revisions"}],"predecessor-version":[{"id":101340,"href":"https:\/\/unifranz.edu.bo\/pt\/wp-json\/wp\/v2\/posts\/101287\/revisions\/101340"}],"wp:featuredmedia":[{"embeddable":true,"href":"https:\/\/unifranz.edu.bo\/pt\/wp-json\/wp\/v2\/media\/101288"}],"wp:attachment":[{"href":"https:\/\/unifranz.edu.bo\/pt\/wp-json\/wp\/v2\/media?parent=101287"}],"wp:term":[{"taxonomy":"category","embeddable":true,"href":"https:\/\/unifranz.edu.bo\/pt\/wp-json\/wp\/v2\/categories?post=101287"},{"taxonomy":"post_tag","embeddable":true,"href":"https:\/\/unifranz.edu.bo\/pt\/wp-json\/wp\/v2\/tags?post=101287"}],"curies":[{"name":"wp","href":"https:\/\/api.w.org\/{rel}","templated":true}]}}