{"id":101140,"date":"2022-09-13T15:38:20","date_gmt":"2022-09-13T19:38:20","guid":{"rendered":"https:\/\/unifranz.edu.bo\/?p=101140"},"modified":"2022-09-13T15:38:42","modified_gmt":"2022-09-13T19:38:42","slug":"unifranz-la-paz-gradua","status":"publish","type":"post","link":"https:\/\/unifranz.edu.bo\/pt\/la-paz\/unifranz-la-paz-gradua\/","title":{"rendered":"UNIFRANZ La Paz grad\u00faa a nuevos profesionales, listos para transformar el mundo"},"content":{"rendered":"<p><span style=\"color: #000000;\">Cada Ceremonia de colaci\u00f3n de grado es un motivo de celebraci\u00f3n, es el momento de culminaci\u00f3n de una etapa y el inicio de una vida entera de retos y desaf\u00edos. El pasado viernes 9 de septiembre UNIFRANZ La Paz, gradu\u00f3 la quincuag\u00e9sima novena promoci\u00f3n de profesionales.<\/span><\/p>\n<p><span style=\"color: #000000;\">En esta ocasi\u00f3n fueron 98 nuevos profesionales innovadores y altamente competitivos de las carreras de Medicina, Bioqu\u00edmica &amp; Farmacia, Odontolog\u00eda, Ingenier\u00eda Econ\u00f3mica, Administraci\u00f3n de Empresas, Contadur\u00eda P\u00fablica, Administraci\u00f3n de Hoteler\u00eda &amp; Turismo, Derecho, Psicolog\u00eda, Ingenier\u00eda Comercial, Ingenier\u00eda de Sistemas, Publicidad &amp; Marketing y Dise\u00f1o Gr\u00e1fico, los nuevos graduados con competencias y habilidades acordes a las exigencias del mercado laboral actual, nacional e internacional.<\/span><\/p>\n<p><img loading=\"lazy\" decoding=\"async\" class=\"aligncenter wp-image-101159 size-medium\" src=\"https:\/\/unifranz.edu.bo\/wp-content\/uploads\/2022\/09\/WhatsApp-Image-2022-09-13-at-15.21.15-300x225.jpeg\" alt=\"\" width=\"300\" height=\"225\" srcset=\"https:\/\/unifranz.edu.bo\/wp-content\/uploads\/2022\/09\/WhatsApp-Image-2022-09-13-at-15.21.15-300x225.jpeg 300w, https:\/\/unifranz.edu.bo\/wp-content\/uploads\/2022\/09\/WhatsApp-Image-2022-09-13-at-15.21.15-1024x768.jpeg 1024w, https:\/\/unifranz.edu.bo\/wp-content\/uploads\/2022\/09\/WhatsApp-Image-2022-09-13-at-15.21.15-768x576.jpeg 768w, https:\/\/unifranz.edu.bo\/wp-content\/uploads\/2022\/09\/WhatsApp-Image-2022-09-13-at-15.21.15-1536x1152.jpeg 1536w, https:\/\/unifranz.edu.bo\/wp-content\/uploads\/2022\/09\/WhatsApp-Image-2022-09-13-at-15.21.15-16x12.jpeg 16w, https:\/\/unifranz.edu.bo\/wp-content\/uploads\/2022\/09\/WhatsApp-Image-2022-09-13-at-15.21.15.jpeg 1600w\" sizes=\"auto, (max-width: 300px) 100vw, 300px\" \/><\/p>\n<p><span style=\"color: #000000;\">Juli\u00e1n Hugo Concha L\u00f3pez de la carrera de Dise\u00f1o Gr\u00e1fico &amp; Producci\u00f3n Crossmedia, adem\u00e1s de tener el honor de ser el primer graduado de la carrera, fue distinguido con la menci\u00f3n <em>Magna Cum Laude <\/em>por el notable promedio 94.6 durante su formaci\u00f3n y elegido por sus compa\u00f1eros graduados como el representante de la promoci\u00f3n. \u201cEn mi opini\u00f3n, no solamente se trata de salir y desempe\u00f1ar un cargo acorde a nuestra carrera, gracias al cual podemos estar aportando activamente a la sociedad; se trata de hacer algo en lo que realmente podamos dar nuestro m\u00e1ximo, es hacerlo excelentemente\u201d afirm\u00f3 el flamante licenciado al momento de motivar a sus compa\u00f1eros de graduaci\u00f3n.<\/span><\/p>\n<p><img loading=\"lazy\" decoding=\"async\" class=\"aligncenter wp-image-101160 size-medium\" src=\"https:\/\/unifranz.edu.bo\/wp-content\/uploads\/2022\/09\/QUOTE-2_Mesa-de-trabajo-1-1-300x300.png\" alt=\"\" width=\"300\" height=\"300\" srcset=\"https:\/\/unifranz.edu.bo\/wp-content\/uploads\/2022\/09\/QUOTE-2_Mesa-de-trabajo-1-1-300x300.png 300w, https:\/\/unifranz.edu.bo\/wp-content\/uploads\/2022\/09\/QUOTE-2_Mesa-de-trabajo-1-1-1024x1024.png 1024w, https:\/\/unifranz.edu.bo\/wp-content\/uploads\/2022\/09\/QUOTE-2_Mesa-de-trabajo-1-1-768x768.png 768w, https:\/\/unifranz.edu.bo\/wp-content\/uploads\/2022\/09\/QUOTE-2_Mesa-de-trabajo-1-1-1536x1536.png 1536w, https:\/\/unifranz.edu.bo\/wp-content\/uploads\/2022\/09\/QUOTE-2_Mesa-de-trabajo-1-1-2048x2048.png 2048w, https:\/\/unifranz.edu.bo\/wp-content\/uploads\/2022\/09\/QUOTE-2_Mesa-de-trabajo-1-1-12x12.png 12w\" sizes=\"auto, (max-width: 300px) 100vw, 300px\" \/><\/p>\n<p><span style=\"color: #000000;\">Dos de los nuevos programas de la UNIFRANZ graduaron su primera cohorte de profesionales en esta ceremonia. Ingenier\u00eda Econ\u00f3mica y Dise\u00f1o Gr\u00e1fico &amp; Producci\u00f3n Crossmedia aportando profesionales en \u00e1reas importantes del quehacer econ\u00f3mico de nuestro pa\u00eds y del entorno global.<\/span><\/p>\n<p><span style=\"color: #000000;\">El Doctor en Educaci\u00f3n Gustavo Monta\u00f1o, Vicerrector Acad\u00e9mico Nacional fue el responsable de cerrar el acto, quien areng\u00f3 a los graduados: \u201cTengan mucha fe en esta gran naci\u00f3n que espera mucho de Ustedes, tengan mucha fe en sus pap\u00e1s porque la raz\u00f3n de sus vidas es ustedes y tengan fe en la UNIFRANZ porque Ustedes son lo que nos motivan a seguir transformando la educaci\u00f3n en Bolivia\u201d.<\/span><\/p>\n<p><span style=\"color: #000000;\">El evento llevado a cabo en el Centro de Eventos y Convenciones del Colegio M\u00e9dico de La Paz, fue transmitido a m\u00e1s de cuatro mil quinientas personas que lo siguieron a trav\u00e9s de la p\u00e1gina de Facebook de UNIFRANZ La Paz.<\/span><\/p>\n<p><span style=\"color: #000000;\">Los invitamos a revivir la transmisi\u00f3n: <span style=\"color: #ff6600;\"><a style=\"color: #ff6600;\" href=\"https:\/\/www.facebook.com\/UnifranzLpOficial\/videos\/477535910936942\" target=\"_blank\" rel=\"noopener\">https:\/\/www.facebook.com\/UnifranzLpOficial\/videos\/477535910936942<\/a><\/span><\/span><\/p>","protected":false},"excerpt":{"rendered":"<p>Cada Ceremonia de colaci\u00f3n de grado es un motivo de celebraci\u00f3n, es el momento de culminaci\u00f3n de una etapa y el inicio de una vida entera de retos y desaf\u00edos. El pasado viernes 9 de septiembre UNIFRANZ La Paz, gradu\u00f3 la quincuag\u00e9sima novena promoci\u00f3n de profesionales. En esta ocasi\u00f3n fueron 98 nuevos profesionales innovadores y &hellip; <a href=\"https:\/\/unifranz.edu.bo\/pt\/la-paz\/unifranz-la-paz-gradua\/\">Continued<\/a><\/p>","protected":false},"author":27,"featured_media":101158,"comment_status":"open","ping_status":"open","sticky":false,"template":"","format":"standard","meta":{"_acf_changed":false,"footnotes":""},"categories":[1934,60,1950,35,1004,2440,2356,2196,2250,2228,1708,1608,27,2424,2094,1782],"tags":[198,581,655,39,414,1042,386,174,448,1422,41],"class_list":["post-101140","post","type-post","status-publish","format-standard","has-post-thumbnail","hentry","category-acto-de-colacion","category-blog","category-calidad-academica","category-carreras","category-estudiantes","category-facultad-de-ciencias-de-la-salud","category-facultad-de-cs-juridicas-y-sociales","category-ingenieria-comercial","category-ingenieria-de-sistemas","category-ingenieria-economica","category-innovacion","category-internacionalizacion","category-la-paz","category-red-alumni","category-servicios-estudiantiles","category-unifranz","tag-administracion-de-empresas","tag-administracion-de-hoteleria-y-turismo","tag-contaduria-publica","tag-derecho","tag-diseno-grafico","tag-diseno-grafico-y-produccion-crossmedia","tag-estudiantes","tag-ingenieria-comercial","tag-ingenieria-de-sistemas","tag-innovacion-en-educacion","tag-la-paz"],"acf":[],"_links":{"self":[{"href":"https:\/\/unifranz.edu.bo\/pt\/wp-json\/wp\/v2\/posts\/101140","targetHints":{"allow":["GET"]}}],"collection":[{"href":"https:\/\/unifranz.edu.bo\/pt\/wp-json\/wp\/v2\/posts"}],"about":[{"href":"https:\/\/unifranz.edu.bo\/pt\/wp-json\/wp\/v2\/types\/post"}],"author":[{"embeddable":true,"href":"https:\/\/unifranz.edu.bo\/pt\/wp-json\/wp\/v2\/users\/27"}],"replies":[{"embeddable":true,"href":"https:\/\/unifranz.edu.bo\/pt\/wp-json\/wp\/v2\/comments?post=101140"}],"version-history":[{"count":2,"href":"https:\/\/unifranz.edu.bo\/pt\/wp-json\/wp\/v2\/posts\/101140\/revisions"}],"predecessor-version":[{"id":101162,"href":"https:\/\/unifranz.edu.bo\/pt\/wp-json\/wp\/v2\/posts\/101140\/revisions\/101162"}],"wp:featuredmedia":[{"embeddable":true,"href":"https:\/\/unifranz.edu.bo\/pt\/wp-json\/wp\/v2\/media\/101158"}],"wp:attachment":[{"href":"https:\/\/unifranz.edu.bo\/pt\/wp-json\/wp\/v2\/media?parent=101140"}],"wp:term":[{"taxonomy":"category","embeddable":true,"href":"https:\/\/unifranz.edu.bo\/pt\/wp-json\/wp\/v2\/categories?post=101140"},{"taxonomy":"post_tag","embeddable":true,"href":"https:\/\/unifranz.edu.bo\/pt\/wp-json\/wp\/v2\/tags?post=101140"}],"curies":[{"name":"wp","href":"https:\/\/api.w.org\/{rel}","templated":true}]}}