{"id":101090,"date":"2022-09-09T20:29:49","date_gmt":"2022-09-10T00:29:49","guid":{"rendered":"https:\/\/unifranz.edu.bo\/?p=101090"},"modified":"2022-09-10T14:11:52","modified_gmt":"2022-09-10T18:11:52","slug":"unifranz-el-alto-reconoce-a-sus-estudiantes-mas-destacados","status":"publish","type":"post","link":"https:\/\/unifranz.edu.bo\/pt\/blog\/unifranz-el-alto-reconoce-a-sus-estudiantes-mas-destacados\/","title":{"rendered":"UNIFRANZ EL ALTO RECONOCI\u00d3 A SUS ESTUDIANTES M\u00c1S DESTACADOS"},"content":{"rendered":"<p><span style=\"color: #000000;\">Materializar los sue\u00f1os es un proceso que requiere de trabajo, disciplina y compromiso con uno mismo, incluso en los momentos m\u00e1s adversos como los que vivimos hoy en d\u00eda. Dichos valores y, esencialmente, la excelencia acad\u00e9mica demostrada por veinte estudiantes, los llevaron a ser reconocidos como parte del Cuadro de Honor y Excelencia, gesti\u00f3n 1\/2022 de UNIFRANZ El Alto.<\/span><\/p>\n<p><span style=\"color: #000000;\">Acompa\u00f1ados por sus seres queridos y con la presencia de las principales autoridades acad\u00e9micas de la sede, los estudiantes destacados disfrutaron un desayuno especial, durante el cual se hizo la entrega de becas de excelencia y reconocimientos para el Cuadro de Honor, en reconocimiento por haber obtenido los mejores promedios en sus respectivas carreras.<\/span><\/p>\n<p><span style=\"color: #000000;\">De un total de 22 estudiantes, 12 recibieron la beca a la excelencia, por haber obtenido el promedio acad\u00e9mico m\u00e1s alto de su carrera, mientras que 10 estudiantes, cuyo promedio fue el segundo de su carrera, recibieron el reconocimiento como miembros del cuadro de honor.<\/span><\/p>\n<p><span style=\"color: #000000;\">Del total de estudiantes sobresalientes, se pudo apreciar una mayor cantidad de mujeres, siendo 15 las destacadas, frente a siete varones que se distinguieron en su desempe\u00f1o a lo largo del primer semestre del a\u00f1o en curso.<\/span><\/p>\n<p><span style=\"color: #000000;\">Durante su alocuci\u00f3n, la vicerrectora de UNIFRANZ El Alto, Eve Gomez, destac\u00f3 el esfuerzo y la dedicaci\u00f3n demostrados por los estudiantes, el cual se constituye en el resultado del trabajo diario en pro de la educaci\u00f3n y de la ciudad de El Alto, a trav\u00e9s de la formaci\u00f3n profesionales que generen soluciones e impacto para la comunidad.<\/span><\/p>\n<p><span style=\"color: #000000;\"><strong>EL DATO<\/strong><\/span><\/p>\n<p>&nbsp;<\/p>\n<p><img loading=\"lazy\" decoding=\"async\" class=\"wp-image-101092 alignleft\" src=\"https:\/\/unifranz.edu.bo\/wp-content\/uploads\/2022\/09\/DESAYUNO-EXCELENCIA-150-1024x683.jpg\" alt=\"\" width=\"398\" height=\"265\" srcset=\"https:\/\/unifranz.edu.bo\/wp-content\/uploads\/2022\/09\/DESAYUNO-EXCELENCIA-150-1024x683.jpg 1024w, https:\/\/unifranz.edu.bo\/wp-content\/uploads\/2022\/09\/DESAYUNO-EXCELENCIA-150-300x200.jpg 300w, https:\/\/unifranz.edu.bo\/wp-content\/uploads\/2022\/09\/DESAYUNO-EXCELENCIA-150-768x512.jpg 768w, https:\/\/unifranz.edu.bo\/wp-content\/uploads\/2022\/09\/DESAYUNO-EXCELENCIA-150-1536x1024.jpg 1536w, https:\/\/unifranz.edu.bo\/wp-content\/uploads\/2022\/09\/DESAYUNO-EXCELENCIA-150-2048x1365.jpg 2048w, https:\/\/unifranz.edu.bo\/wp-content\/uploads\/2022\/09\/DESAYUNO-EXCELENCIA-150-18x12.jpg 18w\" sizes=\"auto, (max-width: 398px) 100vw, 398px\" \/><\/p>\n<p>&nbsp;<\/p>\n<p><span style=\"color: #000000;\">99,3 es el promedio m\u00e1s alto de la gesti\u00f3n. Cristal Rojas es estudiante de Derecho y obtuvo la beca por quinta gesti\u00f3n consecutiva. Muy cerca se encuentra Jes\u00fas Condori, de la carrera de Dise\u00f1o Gr\u00e1fico y Producci\u00f3n Crossmedia, que es parte de este selecto grupo por cuarta gesti\u00f3n consecutiva y actualmente tiene un promedio de 97,6.<\/span><\/p>\n<p><em><span style=\"color: #000000;\">En la foto, Jes\u00fas (izquierda centro) y Cristal Rojas (derecha centro), junto a la decana acad\u00e9mica, Katia Camacho, y la vicerrectora de El Alto, Eve Gomez.<\/span><\/em><\/p>\n<p>&nbsp;<\/p>\n<p>&nbsp;<\/p>\n<p><span style=\"color: #000000;\"><strong>BECA DE EXCELENCIA<\/strong><\/span><\/p>\n<p><span style=\"color: #000000;\">Cristal Rojas Quisbert, de la carrera de Derecho, por haber obtenido el promedio de 99,3, siendo acreedora de la beca por quinta gesti\u00f3n consecutiva.<\/span><\/p>\n<p><span style=\"color: #000000;\">Jes\u00fas Rodrigo Condori, de la carrera de Dise\u00f1o Gr\u00e1fico y Producci\u00f3n Crossmedia, por haber obtenido el promedio de 97,6, siendo acreedor de la beca por cuarta gesti\u00f3n consecutiva.<\/span><\/p>\n<p><span style=\"color: #000000;\">Jhanira Bedoya Aleyda, de la carrera de Ingenier\u00eda Comercial por haber obtenido el promedio de 96,8.<\/span><\/p>\n<p><span style=\"color: #000000;\">Indira Kiara Perez Torrez, de la carrera de Psicolog\u00eda, por haber obtenido el promedio de 96,3.<\/span><\/p>\n<p><span style=\"color: #000000;\">Jos\u00e9 Apaza Paye, de la carrera de Administraci\u00f3n de Empresas, por haber obtenido el promedio de 95,9.<\/span><\/p>\n<p><span style=\"color: #000000;\">Jhobana Mamani Sarzuri, de la carrera de Administraci\u00f3n de Hoteler\u00eda y Turismo, por haber obtenido el promedio de 94,6.<\/span><\/p>\n<p><span style=\"color: #000000;\">Yrma Villan Luna, de la carrera de Contadur\u00eda P\u00fablica, por haber obtenido el promedio de 92,7c<\/span><\/p>\n<p><span style=\"color: #000000;\">Jes\u00fas Arratia Corani ,de la carrera de Ingenier\u00eda de Sistemas, por haber obtenido el promedio de 92,7.<\/span><\/p>\n<p><span style=\"color: #000000;\">Lilian Quispe Mamani, de la carrera de Bioqu\u00edmica y Farmacia por haber obtenido el promedio de 91,9.<\/span><\/p>\n<p><span style=\"color: #000000;\">Wendy Riveros Siles, de la Carrera de Enfermer\u00eda, por haber obtenido el promedio de 91,6.<\/span><\/p>\n<p><span style=\"color: #000000;\">Vicky Topoco Tenorio, de la carrera de Odontolog\u00eda, por haber obtenido el promedio de 90,5.<\/span><\/p>\n<p><span style=\"color: #000000;\">Leila Tapia Pinaya de la Carrera de Medicina por haber obtenido el promedio de 90,2.<\/span><\/p>\n<p><span style=\"color: #000000;\"><strong>CUADRO DE HONOR<\/strong><\/span><\/p>\n<p><span style=\"color: #000000;\">John Bautista Calder\u00f3n, por haber obtenido 98,1 puntos, el segundo promedio m\u00e1s alto de la carrera de Derecho.<\/span><\/p>\n<p><span style=\"color: #000000;\">Guadalupe Salinas Flores, por haber obtenido 96,7 puntos, el segundo promedio m\u00e1s alto de la carrera de Dise\u00f1o Gr\u00e1fico y Producci\u00f3n Crossmedia, adem\u00e1s de obtener la designaci\u00f3n por segunda vez en su carrera.<\/span><\/p>\n<p><span style=\"color: #000000;\">Ver\u00f3nica Copa Tarquino, por haber obtenido 95,1 puntos, el segundo promedio m\u00e1s alto de la carrera de Administraci\u00f3n de Empresas.<\/span><\/p>\n<p><span style=\"color: #000000;\">Melanny Ardores Zacari, por haber obtenido 95,1 puntos, el segundo promedio m\u00e1s alto de la carrera de Ingenier\u00eda Comercial.<\/span><\/p>\n<p><span style=\"color: #000000;\">David Dom\u00ednguez Garc\u00eda, por haber obtenido 94,9 puntos, el segundo promedio m\u00e1s alto de la carrera de Psicolog\u00eda, adem\u00e1s de obtener la designaci\u00f3n por segunda vez en su carrera.<\/span><\/p>\n<p><span style=\"color: #000000;\">Juan Valle Garc\u00eda, por haber obtenido 92 puntos, el segundo promedio m\u00e1s alto de la carrera de Ingenier\u00eda de Sistemas.<\/span><\/p>\n<p><span style=\"color: #000000;\">Guadalupe Tarqui Carhuani, por haber obtenido 91,7 puntos, el segundo promedio m\u00e1s alto de la carrera de Bioqu\u00edmica y Farmacia.<\/span><\/p>\n<p><span style=\"color: #000000;\">Mar\u00eda Tantani Choque, por haber obtenido 91,6 puntos, el segundo promedio m\u00e1s alto de la carrera de Administraci\u00f3n de Hoteler\u00eda y Turismo.<\/span><\/p>\n<p><span style=\"color: #000000;\">Ruddy Mamani Mamani, por haber obtenido 91,6 puntos, el segundo promedio m\u00e1s alto de la carrera de Contadur\u00eda P\u00fablica.<\/span><\/p>\n<p><span style=\"color: #000000;\">Laura Quispe Patzi, por haber obtenido 91,1 puntos, el segundo promedio m\u00e1s alto de la carrera de Enfermer\u00eda.<\/span><\/p>\n<p>&nbsp;<\/p>","protected":false},"excerpt":{"rendered":"<p>Materializar los sue\u00f1os es un proceso que requiere de trabajo, disciplina y compromiso con uno mismo, incluso en los momentos m\u00e1s adversos como los que vivimos hoy en d\u00eda. Dichos valores y, esencialmente, la excelencia acad\u00e9mica demostrada por veinte estudiantes, los llevaron a ser reconocidos como parte del Cuadro de Honor y Excelencia, gesti\u00f3n 1\/2022 &hellip; <a href=\"https:\/\/unifranz.edu.bo\/pt\/blog\/unifranz-el-alto-reconoce-a-sus-estudiantes-mas-destacados\/\">Continued<\/a><\/p>","protected":false},"author":25,"featured_media":101094,"comment_status":"open","ping_status":"open","sticky":false,"template":"","format":"standard","meta":{"_acf_changed":false,"footnotes":""},"categories":[60,1950,1862,302,1004,1708,2858,1782],"tags":[450,47,386,2470,1422,242],"class_list":["post-101090","post","type-post","status-publish","format-standard","has-post-thumbnail","hentry","category-blog","category-calidad-academica","category-educacion","category-el-alto","category-estudiantes","category-innovacion","category-innovacion-en-educacion","category-unifranz","tag-cuadro-de-honor","tag-el-alto","tag-estudiantes","tag-excelencia","tag-innovacion-en-educacion","tag-unifranz"],"acf":[],"_links":{"self":[{"href":"https:\/\/unifranz.edu.bo\/pt\/wp-json\/wp\/v2\/posts\/101090","targetHints":{"allow":["GET"]}}],"collection":[{"href":"https:\/\/unifranz.edu.bo\/pt\/wp-json\/wp\/v2\/posts"}],"about":[{"href":"https:\/\/unifranz.edu.bo\/pt\/wp-json\/wp\/v2\/types\/post"}],"author":[{"embeddable":true,"href":"https:\/\/unifranz.edu.bo\/pt\/wp-json\/wp\/v2\/users\/25"}],"replies":[{"embeddable":true,"href":"https:\/\/unifranz.edu.bo\/pt\/wp-json\/wp\/v2\/comments?post=101090"}],"version-history":[{"count":6,"href":"https:\/\/unifranz.edu.bo\/pt\/wp-json\/wp\/v2\/posts\/101090\/revisions"}],"predecessor-version":[{"id":101102,"href":"https:\/\/unifranz.edu.bo\/pt\/wp-json\/wp\/v2\/posts\/101090\/revisions\/101102"}],"wp:featuredmedia":[{"embeddable":true,"href":"https:\/\/unifranz.edu.bo\/pt\/wp-json\/wp\/v2\/media\/101094"}],"wp:attachment":[{"href":"https:\/\/unifranz.edu.bo\/pt\/wp-json\/wp\/v2\/media?parent=101090"}],"wp:term":[{"taxonomy":"category","embeddable":true,"href":"https:\/\/unifranz.edu.bo\/pt\/wp-json\/wp\/v2\/categories?post=101090"},{"taxonomy":"post_tag","embeddable":true,"href":"https:\/\/unifranz.edu.bo\/pt\/wp-json\/wp\/v2\/tags?post=101090"}],"curies":[{"name":"wp","href":"https:\/\/api.w.org\/{rel}","templated":true}]}}