{"id":100510,"date":"2022-08-27T12:01:38","date_gmt":"2022-08-27T16:01:38","guid":{"rendered":"https:\/\/unifranz.edu.bo\/?p=100510"},"modified":"2022-08-27T16:54:16","modified_gmt":"2022-08-27T20:54:16","slug":"estudio-de-caso-revela-danos-en-el-higado-en-paciente-covid","status":"publish","type":"post","link":"https:\/\/unifranz.edu.bo\/pt\/blog\/estudio-de-caso-revela-danos-en-el-higado-en-paciente-covid\/","title":{"rendered":"Estudio de caso revela da\u00f1os en el h\u00edgado en paciente covid"},"content":{"rendered":"<p><span style=\"color: #808080;\"><em>Al inicio de la pandemia, se cre\u00eda que el covid-19 era principalmente una enfermedad respiratoria, y con el pasar de los \u00faltimos a\u00f1os, diferentes estudios cl\u00ednicos revelaron efectos secundarios y sobretodo lesiones hep\u00e1ticas.<\/em><\/span><\/p>\n<p><span style=\"color: #808080;\"><em>Este fue el caso de un paciente 47 a\u00f1os (padre de familia), que manifest\u00f3 decaimiento general, dolor en la cabeza, el cuero cabelludo y el cuello; dolor en la zona del abdomen e h\u00edgado y contracciones musculares, s\u00edntomas que dieron la alerta para la elaboraci\u00f3n de an\u00e1lisis completos cuyos resultados revelaron una hepatopat\u00eda (enfermedad del h\u00edgado).<\/em><\/span><\/p>\n<p><span style=\"color: #808080;\">El estudio cl\u00ednico fue presentado por la Dra. Leslie Patricia Avil\u00e9s Rojas, directora de la carrera de Bioqu\u00edmica y Farmacia en Unifranz sede Santa Cruz, que obtuvo el primer lugar en las<\/span> <a href=\"https:\/\/www.facebook.com\/UnifranzSczOficial\/videos\/690175138948986\" target=\"_blank\" rel=\"noopener\">II Jornadas de Investigaci\u00f3n Nacional<\/a> <span style=\"color: #808080;\">que se realizaron en la universidad. En la evaluaci\u00f3n se consider\u00f3 el valioso aporte que emiti\u00f3 la doctora a la academia, que, a pesar, de no ser un caso concluyente, se devel\u00f3 posibles efectos en el h\u00edgado en los pacientes positivos a covid-19.<\/span><\/p>\n<p><span style=\"color: #808080;\">A la fecha, se espera la visita del paciente a una nueva consulta, sin embargo, la evoluci\u00f3n cl\u00ednica ha sido favorable. El paciente desencaden\u00f3 una hepatopat\u00eda derivada de la infecci\u00f3n por covid-19; el da\u00f1o se verific\u00f3 mediante las pruebas de laboratorio y la evaluaci\u00f3n signo-sintomatolog\u00eda. Avil\u00e9s recomend\u00f3 que los pacientes que han sido portadores el virus deben tomar atenci\u00f3n a los trastornos gastrointestinales que se desarrollen poscovid.<\/span><\/p>\n<p><span style=\"color: #808080;\"><strong><em>\u201cLa pandemia nos ha dejado muchas lecciones y una de las principales, es que, ante una situaci\u00f3n compleja de enfermedad, nos debemos mantener en alerta ante posibles complicaciones, no siempre la m\u00e1s sencilla es la correcta\u201d,<\/em><\/strong> reflexion\u00f3. Aunque, el estudio no se puedo clasificar como una <strong>hepatitis poscovid<\/strong>, es importante, dar a conocer que los pacientes adultos pueden padecer da\u00f1os en el h\u00edgado o en las v\u00edas hep\u00e1ticas despu\u00e9s de la infecci\u00f3n.<\/span><\/p>\n<p><span style=\"color: #808080;\">Seg\u00fan la<\/span> <a href=\"https:\/\/asscat-hepatitis.org\/\" target=\"_blank\" rel=\"noopener\">Asociaci\u00f3n Catalana de Paciente Hep\u00e1tico (ASSCAT),<\/a><span style=\"color: #808080;\"> indic\u00f3 que la lesi\u00f3n hep\u00e1tica asociada a covid-19 se define como cualquier da\u00f1o hep\u00e1tico que ocurra durante la progresi\u00f3n de la enfermedad y\/o el tratamiento de <strong>covid-19 en pacientes con o sin enfermedades hep\u00e1ticas preexistentes.<\/strong><\/span><\/p>\n<p><span style=\"color: #808080;\">En general, la incidencia de la alteraci\u00f3n de la anal\u00edtica hep\u00e1tica en pacientes hospitalizados con covid-19, se manifiesta principalmente con AST y ALT elevados, y bilirrubina ligeramente elevada, var\u00eda entre el 14% al 53% de casos.<\/span><\/p>\n<p><span style=\"color: #808080;\">El aumento de las enzimas hep\u00e1ticas se observa con mayor frecuencia en hombres y en casos m\u00e1s graves que en casos m\u00e1s leves. La alb\u00famina baja se asocia a una infecci\u00f3n grave y de mal pron\u00f3stico. Hasta ahora, no hay informes de insuficiencia hep\u00e1tica aguda o subaguda en pacientes con covid-19.<\/span><\/p>\n<p><span style=\"color: #808080;\">Precisamente, las jornadas se basan en el desarrollo de trabajos de investigaci\u00f3n cient\u00edfica en el campo de la ciencia y la tecnolog\u00eda, realizado por los docentes y estudiantes de las diferentes carreras de la universidad, utilizando m\u00e9todos y procedimientos cient\u00edficos y tecnol\u00f3gicos, logrando elevar el nivel de calidad de los proyectos con enfoque innovador-creativo para generar conocimientos cient\u00edficos relevantes acorde a la realidad local y nacional.<\/span><\/p>\n<p><span style=\"color: #808080;\">Es de vital importancia, seguir contribuyendo a la academia con bases cient\u00edficas, para seguir transformado la educaci\u00f3n en Bolivia. <strong><em>\u201cEsta actividad aplicada a la pr\u00e1ctica tiene otro enfoque en la educaci\u00f3n, se aprende con la investigaci\u00f3n, comprobaci\u00f3n de nuestras hip\u00f3tesis por estudios descriptivos, observacionales y hasta experimentales\u201d,<\/em><\/strong> indic\u00f3 Estela Tango Camargo, docente investigativa de las jornadas en Unifranz sede Santa Cruz.<\/span><\/p>\n<p><span style=\"color: #808080;\">La doctora Tango inform\u00f3 que los trabajos deben responder a inquietudes, problemas o necesidades de relevancia empleando el m\u00e9todo cient\u00edfico para plantear y\/o desarrollar una soluci\u00f3n a un problema determinado, y que la expectativa de las Jornadas Unifranz de Investigaci\u00f3n a largo plazo, es lograr que los docentes y estudiantes asuman la actitud de desarrollar la investigaci\u00f3n cient\u00edfica como una actividad complementaria a la formaci\u00f3n profesional, ya que, <strong><em>\u201cno hay ciencia sin investigaci\u00f3n\u201d,<\/em><\/strong> exhort\u00f3.<\/span><\/p>","protected":false},"excerpt":{"rendered":"<p>Al inicio de la pandemia, se cre\u00eda que el covid-19 era principalmente una enfermedad respiratoria, y con el pasar de los \u00faltimos a\u00f1os, diferentes estudios cl\u00ednicos revelaron efectos secundarios y sobretodo lesiones hep\u00e1ticas. Este fue el caso de un paciente 47 a\u00f1os (padre de familia), que manifest\u00f3 decaimiento general, dolor en la cabeza, el cuero &hellip; <a href=\"https:\/\/unifranz.edu.bo\/pt\/blog\/estudio-de-caso-revela-danos-en-el-higado-en-paciente-covid\/\">Continued<\/a><\/p>","protected":false},"author":45,"featured_media":100513,"comment_status":"open","ping_status":"open","sticky":false,"template":"","format":"standard","meta":{"_acf_changed":false,"footnotes":""},"categories":[60,2402,274,1782],"tags":[2406,2408,2148,2404,2096,242],"class_list":["post-100510","post","type-post","status-publish","format-standard","has-post-thumbnail","hentry","category-blog","category-jornadas-unifranz-de-investigacion","category-santa-cruz","category-unifranz","tag-covid19","tag-hepatopatia","tag-innovacioneneducacion","tag-investigacioncientifica","tag-unifranzsantacruz","tag-unifranz"],"acf":[],"_links":{"self":[{"href":"https:\/\/unifranz.edu.bo\/pt\/wp-json\/wp\/v2\/posts\/100510","targetHints":{"allow":["GET"]}}],"collection":[{"href":"https:\/\/unifranz.edu.bo\/pt\/wp-json\/wp\/v2\/posts"}],"about":[{"href":"https:\/\/unifranz.edu.bo\/pt\/wp-json\/wp\/v2\/types\/post"}],"author":[{"embeddable":true,"href":"https:\/\/unifranz.edu.bo\/pt\/wp-json\/wp\/v2\/users\/45"}],"replies":[{"embeddable":true,"href":"https:\/\/unifranz.edu.bo\/pt\/wp-json\/wp\/v2\/comments?post=100510"}],"version-history":[{"count":8,"href":"https:\/\/unifranz.edu.bo\/pt\/wp-json\/wp\/v2\/posts\/100510\/revisions"}],"predecessor-version":[{"id":100532,"href":"https:\/\/unifranz.edu.bo\/pt\/wp-json\/wp\/v2\/posts\/100510\/revisions\/100532"}],"wp:featuredmedia":[{"embeddable":true,"href":"https:\/\/unifranz.edu.bo\/pt\/wp-json\/wp\/v2\/media\/100513"}],"wp:attachment":[{"href":"https:\/\/unifranz.edu.bo\/pt\/wp-json\/wp\/v2\/media?parent=100510"}],"wp:term":[{"taxonomy":"category","embeddable":true,"href":"https:\/\/unifranz.edu.bo\/pt\/wp-json\/wp\/v2\/categories?post=100510"},{"taxonomy":"post_tag","embeddable":true,"href":"https:\/\/unifranz.edu.bo\/pt\/wp-json\/wp\/v2\/tags?post=100510"}],"curies":[{"name":"wp","href":"https:\/\/api.w.org\/{rel}","templated":true}]}}