{"id":100410,"date":"2022-08-25T21:31:15","date_gmt":"2022-08-26T01:31:15","guid":{"rendered":"https:\/\/unifranz.edu.bo\/?p=100410"},"modified":"2022-08-26T12:31:49","modified_gmt":"2022-08-26T16:31:49","slug":"santos-choque-de-el-alto-a-lo-alto-del-cine-internacional","status":"publish","type":"post","link":"https:\/\/unifranz.edu.bo\/pt\/blog\/santos-choque-de-el-alto-a-lo-alto-del-cine-internacional\/","title":{"rendered":"SANTOS CHOQUE DE EL ALTO A LO ALTO DEL CINE INTERNACIONAL"},"content":{"rendered":"<p><span style=\"color: #000000;\">De la tierra al cielo hay un \u2018sue\u00f1o\u2019 de distancia, o al menos eso refleja la historia de Santos Choque, un joven alte\u00f1o, trabajador, estudiante de Administraci\u00f3n de Empresas en Unifranz El Alto cuya vida cambi\u00f3 repentinamente, a partir de su incursi\u00f3n al s\u00e9ptimo arte. Contar\u00e1 su camino al \u00e9xito en la segunda versi\u00f3n del TEDx UNIFRANZ, el primero de septiembre en Cochabamba.<\/span><\/p>\n<p><span style=\"color: #000000;\">Hoy es portada de los principales medios de comunicaci\u00f3n nacionales, a pocos d\u00edas de haber sido elegido como \u201cmejor actor de reparto\u201d en el Festival Internacional de Cine de Beijing (China) por su papel en la pel\u00edcula boliviana UTAMA, cuyo estreno nacional se prev\u00e9 para el 29 de septiembre.<\/span><\/p>\n<figure id=\"attachment_100412\" aria-describedby=\"caption-attachment-100412\" style=\"width: 720px\" class=\"wp-caption aligncenter\"><img loading=\"lazy\" decoding=\"async\" class=\"wp-image-100412\" src=\"https:\/\/unifranz.edu.bo\/wp-content\/uploads\/2022\/08\/FanJfioUsAU4CP3-1-1024x570.jpg\" alt=\"\" width=\"720\" height=\"401\" srcset=\"https:\/\/unifranz.edu.bo\/wp-content\/uploads\/2022\/08\/FanJfioUsAU4CP3-1-1024x570.jpg 1024w, https:\/\/unifranz.edu.bo\/wp-content\/uploads\/2022\/08\/FanJfioUsAU4CP3-1-300x167.jpg 300w, https:\/\/unifranz.edu.bo\/wp-content\/uploads\/2022\/08\/FanJfioUsAU4CP3-1-768x428.jpg 768w, https:\/\/unifranz.edu.bo\/wp-content\/uploads\/2022\/08\/FanJfioUsAU4CP3-1-1536x856.jpg 1536w, https:\/\/unifranz.edu.bo\/wp-content\/uploads\/2022\/08\/FanJfioUsAU4CP3-1-18x10.jpg 18w, https:\/\/unifranz.edu.bo\/wp-content\/uploads\/2022\/08\/FanJfioUsAU4CP3-1.jpg 2045w\" sizes=\"auto, (max-width: 720px) 100vw, 720px\" \/><figcaption id=\"caption-attachment-100412\" class=\"wp-caption-text\">Entrega del premio, Festival de Beijing<\/figcaption><\/figure>\n<p><span style=\"color: #000000;\">\u201cMarcos (Loayza) me ve y dice: \u00e9l va a ser el KARAS y as\u00ed es como consigo mi primer papel en el mundo del cine\u201d, afirma Santos al relatar su primera experiencia en un casting de cine, para la pel\u00edcula Averno. Ah\u00ed conoci\u00f3 a Alejandro Loayza, director de la pel\u00edcula que, tiempo despu\u00e9s, lo llevar\u00eda a m\u00faltiples premios como miembro del crew y un premio individual jam\u00e1s imaginado.<\/span><\/p>\n<p><span style=\"color: #000000;\">Unos a\u00f1os antes, hab\u00eda recibido la invitaci\u00f3n de integrar el elenco de teatro en UNIFRANZ El Alto, dirigido por la reconocida actriz Patricia Garc\u00eda, sin sospechar que aquello que iniciar\u00eda como un hobbie, producto de su curiosidad, lo llevar\u00eda luego al s\u00e9ptimo arte para hacerse de m\u00faltiples reconocimientos, con tan solo 26 a\u00f1os.<\/span><\/p>\n<p><span style=\"color: #000000;\">\u201cSantos lleg\u00f3 en uno de los primeros a\u00f1os del Taller y recuerdo que era muy activo, ten\u00eda muchas obligaciones y cumpl\u00eda responsablemente con el taller tambi\u00e9n. \u00c9l no hab\u00eda actuado antes, nos dijo, sin embargo, desde el primer d\u00eda se notaba su capacidad de entender el proceso de la actuaci\u00f3n y desde un lugar muy sensible que yo lo asociaba a que era bien t\u00edmido y reservado\u201d, recuerda Garc\u00eda.<\/span><\/p>\n<p><span style=\"color: #000000;\">Fue precisamente la actriz quien lo invitar\u00eda luego a acudir a su primer casting de cine, para la pel\u00edcula Averno, producci\u00f3n de Marcos Loayza estrenada el 2018. Tras la experiencia como actor de la pel\u00edcula, prob\u00f3 suerte para un nuevo film, la ahora multipremiada UTAMA, la cual se convirti\u00f3 r\u00e1pidamente en el \u2018billete dorado que lo llevar\u00eda r\u00e1pidamente a la f\u00e1brica de chocolate\u2019.<\/span><\/p>\n<p><span style=\"color: #000000;\">\u00abYo creo que uno crea su camino y \u00e9l es principalmente quien ha hecho posible este \u00e9xito en lo que le apasiona tanto (&#8230;) me siento orgullosa de \u00e9l y feliz de saber que mi trabajo de gu\u00eda cumple su objetivo, de dar el empuj\u00f3n para el camino que ellos pueden hacer\u00bb, a\u00f1adi\u00f3 la reconocida actriz.<\/span><\/p>\n<p><span style=\"color: #000000;\">Respecto al \u00e9xito de la pel\u00edcula, incluso antes de su estreno oficial, y su gira por importantes festivales internacionales, asegura que se siente feliz y contento de \u201chaber formado parte del maravilloso equipo\u201d. Est\u00e1 entusiasmado de compartir con el mundo las ideas que lo llevaron a recibir los premios internacionales en varios festivales de cine y su ingreso a la industria del s\u00e9ptimo arte.<\/span><\/p>\n<p><span style=\"color: #000000;\">\u201cHe gritado al ver el video, soy su fan\u201d, asegura Garc\u00eda cuando se le pregunta por su reacci\u00f3n al ver la transmisi\u00f3n del Festival de Beijing, cuando la presentadora anunci\u00f3 el premio al \u201cmejor actor de reparto\u201d. Santos, por su parte, solo atin\u00f3 a cubrirse el rostro, para luego descubrir una sonrisa llena de emoci\u00f3n e incredulidad.<\/span><\/p>\n<p><span style=\"color: #000000;\">\u201cEs una gran sorpresa y un gran factor motivante haber recibido el premio. No esperaba ganar, porque la pel\u00edcula ha pasado por muchos festivales en el mundo y me sorprend\u00ed bastante\u201d, dijo el actor y estudiante en una entrevista concedida a La Raz\u00f3n.<\/span><\/p>\n<p>&nbsp;<\/p>\n<p style=\"text-align: center;\"><iframe loading=\"lazy\" title=\"YouTube video player\" src=\"https:\/\/www.youtube.com\/embed\/5PizpQ7TEB8\" width=\"560\" height=\"315\" frameborder=\"0\" allowfullscreen=\"allowfullscreen\"><\/iframe><\/p>\n<h6><span style=\"color: #000000;\"><strong>LA ACCI\u00d3N DEL SER<\/strong><\/span><\/h6>\n<p><span style=\"color: #000000;\">Hay historias e ideas que vale la pena difundir, como la de Santos, un joven que se atrevi\u00f3 y triunf\u00f3. Su vida, aquello que no se ve en las portadas de los diarios y los titulares de los medios de comunicaci\u00f3n como el sacrificio, tiempo y esfuerzo invertidos para llegar a un sitial muy anhelado, en una industria muy dif\u00edcil y competitiva, lo compartir\u00e1 durante la segunda versi\u00f3n del TEDx Unifranz.<\/span><\/p>\n<h6><\/h6>\n<h6><span style=\"color: #000000;\">\u00a0 \u00a0<\/span><\/h6>\n<figure id=\"attachment_100413\" aria-describedby=\"caption-attachment-100413\" style=\"width: 693px\" class=\"wp-caption aligncenter\"><img loading=\"lazy\" decoding=\"async\" class=\"wp-image-100413\" src=\"https:\/\/unifranz.edu.bo\/wp-content\/uploads\/2022\/08\/2022082223024530796.jpg\" alt=\"\" width=\"693\" height=\"390\" srcset=\"https:\/\/unifranz.edu.bo\/wp-content\/uploads\/2022\/08\/2022082223024530796.jpg 992w, https:\/\/unifranz.edu.bo\/wp-content\/uploads\/2022\/08\/2022082223024530796-300x169.jpg 300w, https:\/\/unifranz.edu.bo\/wp-content\/uploads\/2022\/08\/2022082223024530796-768x432.jpg 768w, https:\/\/unifranz.edu.bo\/wp-content\/uploads\/2022\/08\/2022082223024530796-18x10.jpg 18w\" sizes=\"auto, (max-width: 693px) 100vw, 693px\" \/><figcaption id=\"caption-attachment-100413\" class=\"wp-caption-text\"><span style=\"color: #000000;\">Escena de la pel\u00edcula UTAMA de Alejandro Loayza.<\/span><\/figcaption><\/figure>\n<figure id=\"attachment_100414\" aria-describedby=\"caption-attachment-100414\" style=\"width: 684px\" class=\"wp-caption aligncenter\"><img loading=\"lazy\" decoding=\"async\" class=\"wp-image-100414\" src=\"https:\/\/unifranz.edu.bo\/wp-content\/uploads\/2022\/08\/SANTOS-UTAMA-1024x768.jpeg\" alt=\"\" width=\"684\" height=\"513\" srcset=\"https:\/\/unifranz.edu.bo\/wp-content\/uploads\/2022\/08\/SANTOS-UTAMA-1024x768.jpeg 1024w, https:\/\/unifranz.edu.bo\/wp-content\/uploads\/2022\/08\/SANTOS-UTAMA-300x225.jpeg 300w, https:\/\/unifranz.edu.bo\/wp-content\/uploads\/2022\/08\/SANTOS-UTAMA-768x576.jpeg 768w, https:\/\/unifranz.edu.bo\/wp-content\/uploads\/2022\/08\/SANTOS-UTAMA-1536x1151.jpeg 1536w, https:\/\/unifranz.edu.bo\/wp-content\/uploads\/2022\/08\/SANTOS-UTAMA-2048x1535.jpeg 2048w, https:\/\/unifranz.edu.bo\/wp-content\/uploads\/2022\/08\/SANTOS-UTAMA-16x12.jpeg 16w\" sizes=\"auto, (max-width: 684px) 100vw, 684px\" \/><figcaption id=\"caption-attachment-100414\" class=\"wp-caption-text\"><span style=\"color: #000000;\">El actor Santos Choque en la filmaci\u00f3n de la pel\u00edcula UTAMA<\/span><\/figcaption><\/figure>\n<figure id=\"attachment_100415\" aria-describedby=\"caption-attachment-100415\" style=\"width: 692px\" class=\"wp-caption aligncenter\"><img loading=\"lazy\" decoding=\"async\" class=\"wp-image-100415\" src=\"https:\/\/unifranz.edu.bo\/wp-content\/uploads\/2022\/08\/utama-3-1024x682.jpg\" alt=\"\" width=\"692\" height=\"461\" srcset=\"https:\/\/unifranz.edu.bo\/wp-content\/uploads\/2022\/08\/utama-3-1024x682.jpg 1024w, https:\/\/unifranz.edu.bo\/wp-content\/uploads\/2022\/08\/utama-3-300x200.jpg 300w, https:\/\/unifranz.edu.bo\/wp-content\/uploads\/2022\/08\/utama-3-768x512.jpg 768w, https:\/\/unifranz.edu.bo\/wp-content\/uploads\/2022\/08\/utama-3-18x12.jpg 18w, https:\/\/unifranz.edu.bo\/wp-content\/uploads\/2022\/08\/utama-3.jpg 1280w\" sizes=\"auto, (max-width: 692px) 100vw, 692px\" \/><figcaption id=\"caption-attachment-100415\" class=\"wp-caption-text\"><span style=\"color: #000000;\">Santos Choque, actor boliviano.<\/span><\/figcaption><\/figure>","protected":false},"excerpt":{"rendered":"<p>De la tierra al cielo hay un \u2018sue\u00f1o\u2019 de distancia, o al menos eso refleja la historia de Santos Choque, un joven alte\u00f1o, trabajador, estudiante de Administraci\u00f3n de Empresas en Unifranz El Alto cuya vida cambi\u00f3 repentinamente, a partir de su incursi\u00f3n al s\u00e9ptimo arte. Contar\u00e1 su camino al \u00e9xito en la segunda versi\u00f3n del &hellip; <a href=\"https:\/\/unifranz.edu.bo\/pt\/blog\/santos-choque-de-el-alto-a-lo-alto-del-cine-internacional\/\">Continued<\/a><\/p>","protected":false},"author":25,"featured_media":100422,"comment_status":"open","ping_status":"open","sticky":false,"template":"","format":"standard","meta":{"_acf_changed":false,"footnotes":""},"categories":[60,226,302,1004,1708,2858,1608,2388,1940,2386,1782],"tags":[198,47,386,1422,234,242],"class_list":["post-100410","post","type-post","status-publish","format-standard","has-post-thumbnail","hentry","category-blog","category-cultura","category-el-alto","category-estudiantes","category-innovacion","category-innovacion-en-educacion","category-internacionalizacion","category-jovenes","category-premiacion","category-tedx","category-unifranz","tag-administracion-de-empresas","tag-el-alto","tag-estudiantes","tag-innovacion-en-educacion","tag-talento","tag-unifranz"],"acf":[],"_links":{"self":[{"href":"https:\/\/unifranz.edu.bo\/pt\/wp-json\/wp\/v2\/posts\/100410","targetHints":{"allow":["GET"]}}],"collection":[{"href":"https:\/\/unifranz.edu.bo\/pt\/wp-json\/wp\/v2\/posts"}],"about":[{"href":"https:\/\/unifranz.edu.bo\/pt\/wp-json\/wp\/v2\/types\/post"}],"author":[{"embeddable":true,"href":"https:\/\/unifranz.edu.bo\/pt\/wp-json\/wp\/v2\/users\/25"}],"replies":[{"embeddable":true,"href":"https:\/\/unifranz.edu.bo\/pt\/wp-json\/wp\/v2\/comments?post=100410"}],"version-history":[{"count":10,"href":"https:\/\/unifranz.edu.bo\/pt\/wp-json\/wp\/v2\/posts\/100410\/revisions"}],"predecessor-version":[{"id":100479,"href":"https:\/\/unifranz.edu.bo\/pt\/wp-json\/wp\/v2\/posts\/100410\/revisions\/100479"}],"wp:featuredmedia":[{"embeddable":true,"href":"https:\/\/unifranz.edu.bo\/pt\/wp-json\/wp\/v2\/media\/100422"}],"wp:attachment":[{"href":"https:\/\/unifranz.edu.bo\/pt\/wp-json\/wp\/v2\/media?parent=100410"}],"wp:term":[{"taxonomy":"category","embeddable":true,"href":"https:\/\/unifranz.edu.bo\/pt\/wp-json\/wp\/v2\/categories?post=100410"},{"taxonomy":"post_tag","embeddable":true,"href":"https:\/\/unifranz.edu.bo\/pt\/wp-json\/wp\/v2\/tags?post=100410"}],"curies":[{"name":"wp","href":"https:\/\/api.w.org\/{rel}","templated":true}]}}