{"id":100306,"date":"2022-08-22T17:11:37","date_gmt":"2022-08-22T21:11:37","guid":{"rendered":"https:\/\/unifranz.edu.bo\/?p=100306"},"modified":"2022-08-24T12:43:43","modified_gmt":"2022-08-24T16:43:43","slug":"jovenes-bolivianos-disruptivos-inspiran-al-mundo-con-sus-ideas-e-historias-de-vida-en-tedxunifranz-2022","status":"publish","type":"post","link":"https:\/\/unifranz.edu.bo\/pt\/blog\/jovenes-bolivianos-disruptivos-inspiran-al-mundo-con-sus-ideas-e-historias-de-vida-en-tedxunifranz-2022\/","title":{"rendered":"J\u00f3venes bolivianos disruptivos inspiran al mundo con sus ideas e historias en TEDxUnifranz 2022"},"content":{"rendered":"<p><span style=\"color: #000000;\">Las charlas TEDx se han convertido en el escenario glocal (global y local) de pensadores, innovadores y l\u00edderes en los campos de la tecnolog\u00eda, entretenimiento y dise\u00f1o. Desde sus inicios conecta a la comunidad con miles de emprendedores y amantes del crecimiento personal que tienen \u201cideas que merecen ser difundidas\u201d.<\/span><\/p>\n<p><span style=\"color: #000000;\">Al arrancar su mes aniversario, Cochabamba acoge la segunda versi\u00f3n del TEDx UNIFRANZ. J\u00f3venes l\u00edderes y brillantes en las \u00e1reas del deporte, s\u00e9ptimo arte, emprendimiento, tecnolog\u00eda y gastronom\u00eda inspirar\u00e1n con sus ideas e historias de vida.<\/span><\/p>\n<p><span style=\"color: #000000;\">Llegar a la meta no es tarea f\u00e1cil, \u201csignifica que todo el esfuerzo que se realiz\u00f3, todas las horas de dedicaci\u00f3n valieron la pena; significa que aprendiste de cada derrota y supiste usarlo a tu favor\u201d, asegura el atleta y m\u00e1ximo velocista de Bolivia, Bruno Rojas, l\u00edder brillante<\/span> <span style=\"color: #000000;\">del deporte, amante del crecimiento personal y quien compartir\u00e1 sus ideas en el TEDxUNIFRANZ.\u00a0<\/span><\/p>\n<p><span style=\"color: #000000;\">Bruno se ha convertido en\u00a0 el primer atleta boliviano que pudo pasar a la segunda ronda en los 100 metros en la competencia deportiva m\u00e1s importante del mundo, clasific\u00f3 en la marca que impone la m\u00e1xima instancia internacional de atletismo, donde solo los mejores del planeta logran ingresar. A puertas de su graduaci\u00f3n como m\u00e9dico cirujano, apuesta a conectar con la gente para impulsar nuevos valores que los conviertan en potentes agentes de cambio para transformar nuestra realidad.<\/span><\/p>\n<p><span style=\"color: #000000;\">Santos Choque, jam\u00e1s pens\u00f3 que el aceptar la invitaci\u00f3n de integrar el elenco de teatro de El Alto de Patricia Garc\u00eda,\u00a0 Directora de Teatro de UNIFRANZ, cuando estudiaba administraci\u00f3n de empresas, le cambiar\u00eda la vida convirti\u00e9ndolo en una de las m\u00e1s destacadas figuras del cine nacional a sus 26 a\u00f1os.<\/span><\/p>\n<p><span style=\"color: #000000;\">El actor alte\u00f1o salt\u00f3 al cine tras su primer casting para la pel\u00edcula Averno, producci\u00f3n de Marcos Loayza estrenada el 2018.\u00a0 \u201cMarcos me ve y dice: \u00e9l va ha ser el KARAS y as\u00ed es como hago mi primer papel en el mundo del cine\u201d, cuenta Santos. Respecto al \u00e9xito de la pel\u00edcula UTAMA y su gira por festivales en el mundo asegura que se siente feliz y contento de haber formado parte del maravilloso equipo. Est\u00e1 entusiasmado de compartir con el mundo las ideas que lo llevaron a recibir los premios internacionales en varios festivales de cine y su ingreso a la industria del s\u00e9ptimo arte.<\/span><\/p>\n<p><span style=\"color: #000000;\">La Universidad Franz Tamayo, UNIFRANZ, est\u00e1 comprometida con el empoderamiento y desarrollo de los j\u00f3venes, y apuesta por la innovaci\u00f3n, la creatividad, la investigaci\u00f3n, los valores \u00e9ticos y la responsabilidad social. \u201cLas charlas TEDx UNIFRANZ generan un escenario de reflexi\u00f3n, debate, co-creaci\u00f3n de futuros y desarrollo del pensamiento cr\u00edtico. Este tipo de espacios son imprescindibles en estos tiempos de incertidumbre. Asumiendo esta responsabilidad, invitamos a la comunidad estudiantil y a los distintos actores de<\/span> <span style=\"color: #000000;\">la sociedad \u2013gobernantes, empresarios, l\u00edderes juveniles, activistas y l\u00edderes de opini\u00f3n\u2013 a ser protagonistas de la transformaci\u00f3n de sus comunidades y el pa\u00eds a trav\u00e9s de experiencias innovadoras como el TEDx UNIFRANZ\u201d, destac\u00f3 Ver\u00f3nica Agreda de Pazos Arq. DESA, Rectora Nacional de UNIFRANZ.<\/span><\/p>\n<p><span style=\"color: #000000;\">Las experiencias innovadoras que vivi\u00f3 Bolivia en los \u00faltimos a\u00f1os y que transform\u00f3 la industria de la gastronom\u00eda tiene un nombre: Marsia Taha, la Chef Femenina Revelaci\u00f3n de Am\u00e9rica Latina. Quien dir\u00eda que sus constantes visitas al mercado de Villa El Carmen en La Paz con su abuela a degustar platos populares, ser\u00eda el punto inicial para poner los sabores bolivianos en el mapa de la gastronom\u00eda mundial.<\/span><\/p>\n<p><span style=\"color: #000000;\">Son tiempos de innovaci\u00f3n naranja, aquella que est\u00e1 basada en creatividad y la cultura de los pueblos, producto de la incertidumbre que vivimos por la din\u00e1mica de hechos de impacto mundial; es momento de repensar actitudes con nuestro h\u00e1bitat. Juan Carlos Escobar, est\u00e1 convencido que son tiempos adecuados para generar cambios en la sociedad para mirar al valor real del agua, d\u00e1ndole el uso adecuado, sin desperdiciarla, recuperarla, tratarla y reutilizarla, conscientes de que el\u00a0 agua dulce es un recurso cada vez m\u00e1s costoso y escaso en el mundo. C\u00f3mo lo hace, qu\u00e9 plantea y por qu\u00e9 su emprendimiento es exitoso, son ideas que deben ser difundidas.<\/span><\/p>\n<p><span style=\"color: #000000;\">Estamos en modo ON y listos para que el TEDx UNIFRANZ sea un espacio de reflexi\u00f3n, debate, co-creaci\u00f3n de futuros y desarrollo del pensamiento cr\u00edtico que son imprescindibles para avanzar y mejorar, inspirados en las ideas de los cinco agentes de cambio bolivianos. Si quieres ser parte del evento ingresa al enlace y registrarte:<\/span> <a href=\"https:\/\/tedx.unifranz.edu.bo\">https:\/\/tedx.unifranz.edu.bo<\/a> .<\/p>","protected":false},"excerpt":{"rendered":"<p>Las charlas TEDx se han convertido en el escenario glocal (global y local) de pensadores, innovadores y l\u00edderes en los campos de la tecnolog\u00eda, entretenimiento y dise\u00f1o. Desde sus inicios conecta a la comunidad con miles de emprendedores y amantes del crecimiento personal que tienen \u201cideas que merecen ser difundidas\u201d. Al arrancar su mes aniversario, &hellip; <a href=\"https:\/\/unifranz.edu.bo\/pt\/blog\/jovenes-bolivianos-disruptivos-inspiran-al-mundo-con-sus-ideas-e-historias-de-vida-en-tedxunifranz-2022\/\">Continued<\/a><\/p>","protected":false},"author":45,"featured_media":100379,"comment_status":"open","ping_status":"open","sticky":false,"template":"","format":"standard","meta":{"_acf_changed":false,"footnotes":""},"categories":[60,1708,2388,2386,1782],"tags":[2394,2392,1800,1796],"class_list":["post-100306","post","type-post","status-publish","format-standard","has-post-thumbnail","hentry","category-blog","category-innovacion","category-jovenes","category-tedx","category-unifranz","tag-inspiran","tag-jovenes-bolivianos","tag-tedx-es","tag-tedxunifranz"],"acf":[],"_links":{"self":[{"href":"https:\/\/unifranz.edu.bo\/pt\/wp-json\/wp\/v2\/posts\/100306","targetHints":{"allow":["GET"]}}],"collection":[{"href":"https:\/\/unifranz.edu.bo\/pt\/wp-json\/wp\/v2\/posts"}],"about":[{"href":"https:\/\/unifranz.edu.bo\/pt\/wp-json\/wp\/v2\/types\/post"}],"author":[{"embeddable":true,"href":"https:\/\/unifranz.edu.bo\/pt\/wp-json\/wp\/v2\/users\/45"}],"replies":[{"embeddable":true,"href":"https:\/\/unifranz.edu.bo\/pt\/wp-json\/wp\/v2\/comments?post=100306"}],"version-history":[{"count":4,"href":"https:\/\/unifranz.edu.bo\/pt\/wp-json\/wp\/v2\/posts\/100306\/revisions"}],"predecessor-version":[{"id":100377,"href":"https:\/\/unifranz.edu.bo\/pt\/wp-json\/wp\/v2\/posts\/100306\/revisions\/100377"}],"wp:featuredmedia":[{"embeddable":true,"href":"https:\/\/unifranz.edu.bo\/pt\/wp-json\/wp\/v2\/media\/100379"}],"wp:attachment":[{"href":"https:\/\/unifranz.edu.bo\/pt\/wp-json\/wp\/v2\/media?parent=100306"}],"wp:term":[{"taxonomy":"category","embeddable":true,"href":"https:\/\/unifranz.edu.bo\/pt\/wp-json\/wp\/v2\/categories?post=100306"},{"taxonomy":"post_tag","embeddable":true,"href":"https:\/\/unifranz.edu.bo\/pt\/wp-json\/wp\/v2\/tags?post=100306"}],"curies":[{"name":"wp","href":"https:\/\/api.w.org\/{rel}","templated":true}]}}